{"id":302368,"date":"2021-02-26T13:36:41","date_gmt":"2021-02-26T10:36:41","guid":{"rendered":"http:\/\/arantv.az\/?p=302368"},"modified":"2021-02-26T13:36:41","modified_gmt":"2021-02-26T10:36:41","slug":"diaspor-t%c9%99skilati-avstriyanin-federal-kanslerini-xocali-soyqirimini-tanimaga-cagirib","status":"publish","type":"post","link":"https:\/\/arantv.az\/?p=302368","title":{"rendered":"Diaspor t\u0259\u015fkilat\u0131 Avstriyan\u0131n Federal kanslerini Xocal\u0131 soyq\u0131r\u0131m\u0131n\u0131 tan\u0131ma\u011fa \u00e7a\u011f\u0131r\u0131b"},"content":{"rendered":"<p>Avstriya-Az\u0259rbaycan M\u0259d\u0259niyy\u0259t v\u0259 \u0130\u015f Adamlar\u0131 D\u0259rn\u0259yi\u00a0(AZER-DER) Xocal\u0131 soyq\u0131r\u0131m\u0131n\u0131n 29-cu ild\u00f6n\u00fcm\u00fc il\u0259 \u0259laq\u0259dar Avstriya h\u00f6kum\u0259tin\u0259 m\u00fcraci\u0259t edib.<\/p>\n<p>Bu bar\u0259d\u0259 Diasporla \u0130\u015f \u00dczr\u0259 D\u00f6vl\u0259t Komit\u0259si m\u0259lumat yay\u0131b.<\/p>\n<div id=\"AdviadNativeVideo0\" class=\"AdviadNativeVideo\"><\/div>\n<p>AZER-DER-in s\u0259dri Yard\u0131m G\u00fcn\u0259\u015fin imzas\u0131 il\u0259 \u00f6lk\u0259nin Federal kansleri Sebastian Kurtsa v\u0259 h\u00f6kum\u0259tin 14 nazirin\u0259 \u00fcnvanlanan m\u0259ktubda 1992-ci il fevral\u0131n 25-d\u0259n 26-na ke\u00e7\u0259n gec\u0259 erm\u0259ni h\u0259rbi birl\u0259\u015fm\u0259l\u0259rinin 366-c\u0131 motoat\u0131c\u0131 alay\u0131n h\u0259rb\u00e7il\u0259ri il\u0259 birlikd\u0259 Az\u0259rbaycan\u0131n Xocal\u0131 \u015f\u0259h\u0259rinin dinc \u0259halisin\u0259 qar\u015f\u0131 d\u0259h\u015f\u0259tli soyq\u0131r\u0131m\u0131 t\u00f6r\u0259tdikl\u0259ri bar\u0259d\u0259 m\u00fcf\u0259ss\u0259l m\u0259lumat verilib. \u0130nsanl\u0131\u011fa zidd olan bu cinay\u0259t\u0259 g\u00f6r\u0259 Erm\u0259nistan\u0131n m\u0259suliyy\u0259t da\u015f\u0131d\u0131\u011f\u0131 qeyd edilib.<\/p>\n<p>Erm\u0259nistan\u0131n ke\u00e7mi\u015f prezidenti Serj Sarkisyan\u0131n Xocal\u0131dak\u0131 soyq\u0131r\u0131m\u0131 zaman\u0131 Az\u0259rbaycan \u0259razil\u0259rind\u0259ki qeyri-qanuni silahl\u0131 birl\u0259\u015fm\u0259l\u0259r\u0259 ba\u015f\u00e7\u0131l\u0131q etdiyi vur\u011fulan\u0131b. Onun \u201cXocal\u0131ya q\u0259d\u0259r az\u0259rbaycanl\u0131lar d\u00fc\u015f\u00fcn\u00fcrd\u00fcl\u0259r ki, erm\u0259nil\u0259r m\u00fclki \u0259haliy\u0259 \u0259l qald\u0131ra bilm\u0259z. Biz bu stereotipi q\u0131rd\u0131q\u201d fikrinin Xocal\u0131dak\u0131 cinay\u0259tin \u0259sl m\u00fcq\u0259ssirl\u0259rinin kimliyin\u0259 \u015f\u00fcbh\u0259 yeri qoymad\u0131\u011f\u0131 vur\u011fulan\u0131b.<\/p>\n<p>AZER-DER-in s\u0259dri Avstriya h\u00f6kum\u0259tini v\u0259 beyn\u0259lxalq birliyi Xocal\u0131 soyq\u0131r\u0131m\u0131n\u0131 pisl\u0259m\u0259y\u0259 v\u0259 tan\u0131ma\u011fa \u00e7a\u011f\u0131r\u0131b. Qeyd edib ki, bu add\u0131m Az\u0259rbaycan v\u0259 Erm\u0259nistan xalqlar\u0131n\u0131n s\u00fclh \u015f\u0259raitind\u0259 dinc, yana\u015f\u0131 ya\u015famas\u0131na t\u00f6hf\u0259 ver\u0259 bil\u0259r.<\/p>\n","protected":false},"excerpt":{"rendered":"<p>Avstriya-Az\u0259rbaycan M\u0259d\u0259niyy\u0259t v\u0259 \u0130\u015f Adamlar\u0131 D\u0259rn\u0259yi\u00a0(AZER-DER) Xocal\u0131 soyq\u0131r\u0131m\u0131n\u0131n 29-cu ild\u00f6n\u00fcm\u00fc il\u0259 \u0259laq\u0259dar Avstriya h\u00f6kum\u0259tin\u0259 m\u00fcraci\u0259t edib. Bu bar\u0259d\u0259 Diasporla \u0130\u015f \u00dczr\u0259 D\u00f6vl\u0259t Komit\u0259si m\u0259lumat yay\u0131b. AZER-DER-in s\u0259dri Yard\u0131m G\u00fcn\u0259\u015fin imzas\u0131 il\u0259 \u00f6lk\u0259nin Federal kansleri Sebastian Kurtsa v\u0259 h\u00f6kum\u0259tin 14 nazirin\u0259 \u00fcnvanlanan m\u0259ktubda 1992-ci il fevral\u0131n 25-d\u0259n 26-na ke\u00e7\u0259n gec\u0259 erm\u0259ni h\u0259rbi birl\u0259\u015fm\u0259l\u0259rinin 366-c\u0131 motoat\u0131c\u0131 alay\u0131n h\u0259rb\u00e7il\u0259ri il\u0259 birlikd\u0259 Az\u0259rbaycan\u0131n Xocal\u0131 \u015f\u0259h\u0259rinin dinc \u0259halisin\u0259 qar\u015f\u0131 d\u0259h\u015f\u0259tli soyq\u0131r\u0131m\u0131 t\u00f6r\u0259tdikl\u0259ri bar\u0259d\u0259 m\u00fcf\u0259ss\u0259l m\u0259lumat verilib. \u0130nsanl\u0131\u011fa zidd olan bu cinay\u0259t\u0259 g\u00f6r\u0259 Erm\u0259nistan\u0131n m\u0259suliyy\u0259t da\u015f\u0131d\u0131\u011f\u0131 qeyd edilib. Erm\u0259nistan\u0131n ke\u00e7mi\u015f prezidenti Serj Sarkisyan\u0131n Xocal\u0131dak\u0131 soyq\u0131r\u0131m\u0131 zaman\u0131&hellip;<\/p>\n","protected":false},"author":2,"featured_media":301940,"comment_status":"closed","ping_status":"closed","sticky":false,"template":"","format":"standard","meta":{"om_disable_all_campaigns":false,"_monsterinsights_skip_tracking":false,"_monsterinsights_sitenote_active":false,"_monsterinsights_sitenote_note":"","_monsterinsights_sitenote_category":0},"categories":[7],"tags":[],"aioseo_notices":[],"gutentor_comment":0,"rttpg_featured_image_url":{"full":["https:\/\/arantv.az\/wp-content\/uploads\/2021\/02\/5301c4d8161432057715326739911092915.jpg",975,540,false],"landscape":["https:\/\/arantv.az\/wp-content\/uploads\/2021\/02\/5301c4d8161432057715326739911092915.jpg",975,540,false],"portraits":["https:\/\/arantv.az\/wp-content\/uploads\/2021\/02\/5301c4d8161432057715326739911092915.jpg",975,540,false],"thumbnail":["https:\/\/arantv.az\/wp-content\/uploads\/2021\/02\/5301c4d8161432057715326739911092915-150x150.jpg",150,150,true],"medium":["https:\/\/arantv.az\/wp-content\/uploads\/2021\/02\/5301c4d8161432057715326739911092915-300x166.jpg",300,166,true],"large":["https:\/\/arantv.az\/wp-content\/uploads\/2021\/02\/5301c4d8161432057715326739911092915.jpg",640,354,false],"1536x1536":["https:\/\/arantv.az\/wp-content\/uploads\/2021\/02\/5301c4d8161432057715326739911092915.jpg",975,540,false],"2048x2048":["https:\/\/arantv.az\/wp-content\/uploads\/2021\/02\/5301c4d8161432057715326739911092915.jpg",975,540,false],"post-thumbnail":["https:\/\/arantv.az\/wp-content\/uploads\/2021\/02\/5301c4d8161432057715326739911092915-240x172.jpg",240,172,true],"advps-thumb-one":["https:\/\/arantv.az\/wp-content\/uploads\/2021\/02\/5301c4d8161432057715326739911092915.jpg",975,540,false]},"rttpg_author":{"display_name":"V\u00fcsal Rafiqo\u011flu","author_link":"https:\/\/arantv.az\/?author=2"},"rttpg_comment":0,"rttpg_category":"<a href=\"https:\/\/arantv.az\/?cat=7\" rel=\"category\">D\u00fcnya<\/a>","rttpg_excerpt":"Avstriya-Az\u0259rbaycan M\u0259d\u0259niyy\u0259t v\u0259 \u0130\u015f Adamlar\u0131 D\u0259rn\u0259yi\u00a0(AZER-DER) Xocal\u0131 soyq\u0131r\u0131m\u0131n\u0131n 29-cu ild\u00f6n\u00fcm\u00fc il\u0259 \u0259laq\u0259dar Avstriya h\u00f6kum\u0259tin\u0259 m\u00fcraci\u0259t edib. Bu bar\u0259d\u0259 Diasporla \u0130\u015f \u00dczr\u0259 D\u00f6vl\u0259t Komit\u0259si m\u0259lumat yay\u0131b. AZER-DER-in s\u0259dri Yard\u0131m G\u00fcn\u0259\u015fin imzas\u0131 il\u0259 \u00f6lk\u0259nin Federal kansleri Sebastian Kurtsa v\u0259 h\u00f6kum\u0259tin 14 nazirin\u0259 \u00fcnvanlanan m\u0259ktubda 1992-ci il fevral\u0131n 25-d\u0259n 26-na ke\u00e7\u0259n gec\u0259 erm\u0259ni h\u0259rbi birl\u0259\u015fm\u0259l\u0259rinin 366-c\u0131 motoat\u0131c\u0131 alay\u0131n&hellip;","_links":{"self":[{"href":"https:\/\/arantv.az\/index.php?rest_route=\/wp\/v2\/posts\/302368"}],"collection":[{"href":"https:\/\/arantv.az\/index.php?rest_route=\/wp\/v2\/posts"}],"about":[{"href":"https:\/\/arantv.az\/index.php?rest_route=\/wp\/v2\/types\/post"}],"author":[{"embeddable":true,"href":"https:\/\/arantv.az\/index.php?rest_route=\/wp\/v2\/users\/2"}],"replies":[{"embeddable":true,"href":"https:\/\/arantv.az\/index.php?rest_route=%2Fwp%2Fv2%2Fcomments&post=302368"}],"version-history":[{"count":0,"href":"https:\/\/arantv.az\/index.php?rest_route=\/wp\/v2\/posts\/302368\/revisions"}],"wp:featuredmedia":[{"embeddable":true,"href":"https:\/\/arantv.az\/index.php?rest_route=\/wp\/v2\/media\/301940"}],"wp:attachment":[{"href":"https:\/\/arantv.az\/index.php?rest_route=%2Fwp%2Fv2%2Fmedia&parent=302368"}],"wp:term":[{"taxonomy":"category","embeddable":true,"href":"https:\/\/arantv.az\/index.php?rest_route=%2Fwp%2Fv2%2Fcategories&post=302368"},{"taxonomy":"post_tag","embeddable":true,"href":"https:\/\/arantv.az\/index.php?rest_route=%2Fwp%2Fv2%2Ftags&post=302368"}],"curies":[{"name":"wp","href":"https:\/\/api.w.org\/{rel}","templated":true}]}}