{"id":302372,"date":"2021-02-26T13:37:42","date_gmt":"2021-02-26T10:37:42","guid":{"rendered":"http:\/\/arantv.az\/?p=302372"},"modified":"2021-02-26T13:37:42","modified_gmt":"2021-02-26T10:37:42","slug":"korotcenko-ilham-%c9%99liyev-mudrik-siyas%c9%99tci-rusiyanin-etibarli-dostu-v%c9%99-mutt%c9%99fiqidir-foto","status":"publish","type":"post","link":"https:\/\/arantv.az\/?p=302372","title":{"rendered":"Korot\u00e7enko: \u201c\u0130lham \u018fliyev m\u00fcdrik siyas\u0259t\u00e7i, Rusiyan\u0131n etibarl\u0131 dostu v\u0259 m\u00fctt\u0259fiqidir\u201d &#8211; FOTO"},"content":{"rendered":"<article class=\"news\">\n<div class=\"news-inner\">\n<p>Rusiyal\u0131 h\u0259rbi ekspert, \u201cMilli M\u00fcdafi\u0259\u201d jurnal\u0131n\u0131n ba\u015f redaktoru \u0130qor Korot\u00e7enko Prezident \u0130lham \u018fliyevin bu g\u00fcn ke\u00e7irdiyi m\u0259tbuat konfrans\u0131na m\u00fcnasib\u0259t bildirib.<\/p>\n<p><strong>ARANTV.AZ<\/strong>-\u0131n m\u0259lumat\u0131na g\u00f6r\u0259, o, bununla ba\u011fl\u0131 \u201cTwitter\u201d hesab\u0131ndan payla\u015f\u0131m edib.<\/p>\n<div id=\"AdviadNativeVideo0\" class=\"AdviadNativeVideo\"><\/div>\n<p>Korot\u00e7enko Az\u0259rbaycan\u0131n d\u00f6vl\u0259t ba\u015f\u00e7\u0131s\u0131n\u0131n t\u0259dbird\u0259 \u00e7ox g\u00fccl\u00fc \u00e7\u0131x\u0131\u015f etdiyini vur\u011fulay\u0131b v\u0259 onu m\u00fcdrik siyas\u0259t\u00e7i, Rusiyan\u0131n etibarl\u0131 dostu v\u0259 m\u00fctt\u0259fiqi adland\u0131r\u0131b.<\/p>\n<p>\u201cMoskvan\u0131n MDB m\u0259kan\u0131nda bel\u0259 etibarl\u0131 strateji t\u0259r\u0259fda\u015f\u0131 azd\u0131r\u201d, &#8211; dey\u0259n ekspert Rusiya v\u0259 Az\u0259rbaycan aras\u0131nda m\u00fcnasib\u0259tl\u0259rin \u0259la oldu\u011funu da qeyd edib.<\/p>\n<div>\n<div class=\"twitter-tweet twitter-tweet-rendered\"><iframe id=\"twitter-widget-0\" class=\"\" title=\"Twitter Tweet\" src=\"https:\/\/platform.twitter.com\/embed\/Tweet.html?creatorScreenName=oxuaz&amp;dnt=false&amp;embedId=twitter-widget-0&amp;frame=false&amp;hideCard=false&amp;hideThread=false&amp;id=1365230270228684800&amp;lang=en&amp;origin=https%3A%2F%2Foxu.az%2Fpolitics%2F471131&amp;siteScreenName=oxuaz&amp;theme=light&amp;widgetsVersion=889aa01%3A1612811843556&amp;width=550px\" frameborder=\"0\" scrolling=\"no\" allowfullscreen=\"allowfullscreen\" data-tweet-id=\"1365230270228684800\" data-mce-fragment=\"1\"><\/iframe><\/div>\n<\/div>\n<\/div>\n<\/article>\n<h2 class=\"news-share-title\"><\/h2>\n","protected":false},"excerpt":{"rendered":"<p>Rusiyal\u0131 h\u0259rbi ekspert, \u201cMilli M\u00fcdafi\u0259\u201d jurnal\u0131n\u0131n ba\u015f redaktoru \u0130qor Korot\u00e7enko Prezident \u0130lham \u018fliyevin bu g\u00fcn ke\u00e7irdiyi m\u0259tbuat konfrans\u0131na m\u00fcnasib\u0259t bildirib. ARANTV.AZ-\u0131n m\u0259lumat\u0131na g\u00f6r\u0259, o, bununla ba\u011fl\u0131 \u201cTwitter\u201d hesab\u0131ndan payla\u015f\u0131m edib. Korot\u00e7enko Az\u0259rbaycan\u0131n d\u00f6vl\u0259t ba\u015f\u00e7\u0131s\u0131n\u0131n t\u0259dbird\u0259 \u00e7ox g\u00fccl\u00fc \u00e7\u0131x\u0131\u015f etdiyini vur\u011fulay\u0131b v\u0259 onu m\u00fcdrik siyas\u0259t\u00e7i, Rusiyan\u0131n etibarl\u0131 dostu v\u0259 m\u00fctt\u0259fiqi adland\u0131r\u0131b. \u201cMoskvan\u0131n MDB m\u0259kan\u0131nda bel\u0259 etibarl\u0131 strateji t\u0259r\u0259fda\u015f\u0131 azd\u0131r\u201d, &#8211; dey\u0259n ekspert Rusiya v\u0259 Az\u0259rbaycan aras\u0131nda m\u00fcnasib\u0259tl\u0259rin \u0259la oldu\u011funu da qeyd edib.<\/p>\n","protected":false},"author":2,"featured_media":302373,"comment_status":"closed","ping_status":"closed","sticky":false,"template":"","format":"standard","meta":{"om_disable_all_campaigns":false,"_monsterinsights_skip_tracking":false,"_monsterinsights_sitenote_active":false,"_monsterinsights_sitenote_note":"","_monsterinsights_sitenote_category":0},"categories":[4],"tags":[],"aioseo_notices":[],"gutentor_comment":0,"rttpg_featured_image_url":{"full":["https:\/\/arantv.az\/wp-content\/uploads\/2021\/02\/maxresdefault-6.jpg",620,434,false],"landscape":["https:\/\/arantv.az\/wp-content\/uploads\/2021\/02\/maxresdefault-6.jpg",620,434,false],"portraits":["https:\/\/arantv.az\/wp-content\/uploads\/2021\/02\/maxresdefault-6.jpg",620,434,false],"thumbnail":["https:\/\/arantv.az\/wp-content\/uploads\/2021\/02\/maxresdefault-6-150x150.jpg",150,150,true],"medium":["https:\/\/arantv.az\/wp-content\/uploads\/2021\/02\/maxresdefault-6-300x210.jpg",300,210,true],"large":["https:\/\/arantv.az\/wp-content\/uploads\/2021\/02\/maxresdefault-6.jpg",620,434,false],"1536x1536":["https:\/\/arantv.az\/wp-content\/uploads\/2021\/02\/maxresdefault-6.jpg",620,434,false],"2048x2048":["https:\/\/arantv.az\/wp-content\/uploads\/2021\/02\/maxresdefault-6.jpg",620,434,false],"post-thumbnail":["https:\/\/arantv.az\/wp-content\/uploads\/2021\/02\/maxresdefault-6-240x172.jpg",240,172,true],"advps-thumb-one":["https:\/\/arantv.az\/wp-content\/uploads\/2021\/02\/maxresdefault-6.jpg",620,434,false]},"rttpg_author":{"display_name":"V\u00fcsal Rafiqo\u011flu","author_link":"https:\/\/arantv.az\/?author=2"},"rttpg_comment":0,"rttpg_category":"<a href=\"https:\/\/arantv.az\/?cat=4\" rel=\"category\">Siyas\u0259t<\/a>","rttpg_excerpt":"Rusiyal\u0131 h\u0259rbi ekspert, \u201cMilli M\u00fcdafi\u0259\u201d jurnal\u0131n\u0131n ba\u015f redaktoru \u0130qor Korot\u00e7enko Prezident \u0130lham \u018fliyevin bu g\u00fcn ke\u00e7irdiyi m\u0259tbuat konfrans\u0131na m\u00fcnasib\u0259t bildirib. ARANTV.AZ-\u0131n m\u0259lumat\u0131na g\u00f6r\u0259, o, bununla ba\u011fl\u0131 \u201cTwitter\u201d hesab\u0131ndan payla\u015f\u0131m edib. Korot\u00e7enko Az\u0259rbaycan\u0131n d\u00f6vl\u0259t ba\u015f\u00e7\u0131s\u0131n\u0131n t\u0259dbird\u0259 \u00e7ox g\u00fccl\u00fc \u00e7\u0131x\u0131\u015f etdiyini vur\u011fulay\u0131b v\u0259 onu m\u00fcdrik siyas\u0259t\u00e7i, Rusiyan\u0131n etibarl\u0131 dostu v\u0259 m\u00fctt\u0259fiqi adland\u0131r\u0131b. \u201cMoskvan\u0131n MDB m\u0259kan\u0131nda bel\u0259 etibarl\u0131&hellip;","_links":{"self":[{"href":"https:\/\/arantv.az\/index.php?rest_route=\/wp\/v2\/posts\/302372"}],"collection":[{"href":"https:\/\/arantv.az\/index.php?rest_route=\/wp\/v2\/posts"}],"about":[{"href":"https:\/\/arantv.az\/index.php?rest_route=\/wp\/v2\/types\/post"}],"author":[{"embeddable":true,"href":"https:\/\/arantv.az\/index.php?rest_route=\/wp\/v2\/users\/2"}],"replies":[{"embeddable":true,"href":"https:\/\/arantv.az\/index.php?rest_route=%2Fwp%2Fv2%2Fcomments&post=302372"}],"version-history":[{"count":0,"href":"https:\/\/arantv.az\/index.php?rest_route=\/wp\/v2\/posts\/302372\/revisions"}],"wp:featuredmedia":[{"embeddable":true,"href":"https:\/\/arantv.az\/index.php?rest_route=\/wp\/v2\/media\/302373"}],"wp:attachment":[{"href":"https:\/\/arantv.az\/index.php?rest_route=%2Fwp%2Fv2%2Fmedia&parent=302372"}],"wp:term":[{"taxonomy":"category","embeddable":true,"href":"https:\/\/arantv.az\/index.php?rest_route=%2Fwp%2Fv2%2Fcategories&post=302372"},{"taxonomy":"post_tag","embeddable":true,"href":"https:\/\/arantv.az\/index.php?rest_route=%2Fwp%2Fv2%2Ftags&post=302372"}],"curies":[{"name":"wp","href":"https:\/\/api.w.org\/{rel}","templated":true}]}}