{"id":302376,"date":"2021-02-26T13:38:14","date_gmt":"2021-02-26T10:38:14","guid":{"rendered":"http:\/\/arantv.az\/?p=302376"},"modified":"2021-02-26T13:38:14","modified_gmt":"2021-02-26T10:38:14","slug":"prezident-erm%c9%99nistanin-c%c9%99sar%c9%99ti-catacaq-ki-rusiya-prezidentinin-imzasina-bu-cur-yanassin","status":"publish","type":"post","link":"https:\/\/arantv.az\/?p=302376","title":{"rendered":"Prezident: \u201cErm\u0259nistan\u0131n c\u0259sar\u0259ti \u00e7atacaq ki, Rusiya prezidentinin imzas\u0131na bu c\u00fcr yana\u015fs\u0131n?! \u201d"},"content":{"rendered":"<p>\u201cErm\u0259nistandak\u0131 v\u0259ziyy\u0259tl\u0259 ba\u011fl\u0131 d\u0259rin\u0259 getm\u0259k ist\u0259mir\u0259m. Dedikl\u0259rim Erm\u0259nistanda m\u00fc\u0259yy\u0259n qruplar t\u0259r\u0259find\u0259n sui-istifad\u0259 edil\u0259 bil\u0259r. M\u0259s\u0259l\u0259ni \u00f6zl\u0259ri h\u0259ll ets\u0259l\u0259r, yax\u015f\u0131d\u0131r\u201d.<\/p>\n<p>Bu s\u00f6zl\u0259ri Prezident \u0130lham \u018fliyev bu g\u00fcn ke\u00e7irdiyi m\u0259tbuat konfrans\u0131nda deyib:<\/p>\n<p>\u201c\u018flb\u0259tt\u0259 qon\u015fu \u00f6lk\u0259 olaraq, m\u00fcharib\u0259nin ba\u015fa \u00e7atmas\u0131n\u0131 n\u0259z\u0259r\u0259 alsaq, biz Erm\u0259nistandak\u0131 v\u0259ziyy\u0259tl\u0259 ba\u011fl\u0131 bigan\u0259 ola bilm\u0259rik. Biz m\u0259s\u0259l\u0259ni diqq\u0259tl\u0259 izl\u0259yirik. Hesab edir\u0259m ki, Erm\u0259nistanda hakimiyy\u0259td\u0259 kimin olmas\u0131ndan as\u0131l\u0131 olmayaraq, 10 noyabr b\u0259yanat\u0131n\u0131n icras\u0131na mane olmaq c\u0259hdl\u0259ri bu \u00f6lk\u0259 \u00fc\u00e7\u00fcn \u00e7ox z\u0259r\u0259rverici olacaqd\u0131r. Onlar \u00fc\u00e7\u00fcn bu, sui-q\u0259sd olacaqd\u0131r.<\/p>\n<div id=\"AdviadNativeVideo0\" class=\"AdviadNativeVideo\"><\/div>\n<p>V\u0259ziyy\u0259t bundan da qat-qat pis olacaqd\u0131r. Bu g\u00fcn Erm\u0259nistanda onlar anlamal\u0131d\u0131rlar ki, bu v\u0259ziyy\u0259t Az\u0259rbaycana qar\u015f\u0131 i\u015f\u011fal\u00e7\u0131l\u0131q siyas\u0259tinin bilavasit\u0259 n\u0259tic\u0259sidir. Bu, son iki ild\u0259 v\u0259 ya bir ne\u00e7\u0259 ayda ba\u015f ver\u0259nl\u0259rin n\u0259tic\u0259si deyil. Bunun birba\u015fa s\u0259b\u0259bi i\u015f\u011fald\u0131r. Onlar b\u00fct\u00fcn ideoloji dayaqlar\u0131n\u0131 itiribl\u0259r. \u00c7\u00fcnki onlar\u0131n ideoloji dayaqlar\u0131 Az\u0259rbaycana fobia \u00fcz\u0259rind\u0259 qurulmu\u015f mifl\u0259rd\u0259n ibar\u0259tdir. \u00d6zl\u0259rini qalib \u00f6lk\u0259 kimi t\u0259qdim edirdil\u0259r, Az\u0259rbaycan is\u0259 m\u0259\u011flub t\u0259r\u0259f idi. \u00dcz-\u00fcz\u0259 g\u0259ldikd\u0259 biz s\u00fcbut etdik ki, qalib kimdir.<\/p>\n<p>Narahat deyil\u0259m ki, Erm\u0259nistanda ba\u015f ver\u0259 bil\u0259c\u0259k\u00a0h\u0259r hans\u0131 d\u0259yi\u015fiklik 10 noyabr b\u0259yanat\u0131n\u0131n icras\u0131na t\u0259sir etsin. \u0130lk olaraq, ona g\u00f6r\u0259 ki, bu, art\u0131q r\u0259smi imzalanm\u0131\u015f s\u0259n\u0259ddir. \u0130kincisi is\u0259, ona g\u00f6r\u0259 ki, burada Rusiya prezidentinin imzas\u0131 var. Y\u0259ni bu g\u00fcn Erm\u0259nistan\u0131n Rusiyadan as\u0131l\u0131l\u0131\u011f\u0131\u00a0m\u00fcharib\u0259d\u0259n \u00f6nc\u0259ki d\u00f6vrl\u0259 m\u00fcqayis\u0259d\u0259 10 d\u0259f\u0259 art\u0131b. M\u00fcharib\u0259d\u0259n \u0259vv\u0259l d\u0259 Erm\u0259nistan Rusiyadan \u0259n \u00e7ox as\u0131l\u0131 olan \u00f6lk\u0259 idi. M\u0259n Erm\u0259nistan\u0131 ittiham etmir\u0259m, bu, reall\u0131qd\u0131r.<\/p>\n<p>Erm\u0259nistan\u0131n c\u00fcr\u0259ti, c\u0259sar\u0259ti \u00e7atacaq ki, Rusiya prezidentinin imzas\u0131na bu c\u00fcr yana\u015fs\u0131n?! Y\u0259ni burada sad\u0259c\u0259 o b\u0259yanatdan s\u00f6hb\u0259t getmir. S\u00f6hb\u0259tin mahiyy\u0259ti ondan ibar\u0259tdir ki, orada Rusiya prezidentinin imzas\u0131 var v\u0259 o, bu s\u0259n\u0259din qarant\u0131 kimi \u00e7\u0131x\u0131\u015f edir\u201d.<\/p>\n","protected":false},"excerpt":{"rendered":"<p>\u201cErm\u0259nistandak\u0131 v\u0259ziyy\u0259tl\u0259 ba\u011fl\u0131 d\u0259rin\u0259 getm\u0259k ist\u0259mir\u0259m. Dedikl\u0259rim Erm\u0259nistanda m\u00fc\u0259yy\u0259n qruplar t\u0259r\u0259find\u0259n sui-istifad\u0259 edil\u0259 bil\u0259r. M\u0259s\u0259l\u0259ni \u00f6zl\u0259ri h\u0259ll ets\u0259l\u0259r, yax\u015f\u0131d\u0131r\u201d. Bu s\u00f6zl\u0259ri Prezident \u0130lham \u018fliyev bu g\u00fcn ke\u00e7irdiyi m\u0259tbuat konfrans\u0131nda deyib: \u201c\u018flb\u0259tt\u0259 qon\u015fu \u00f6lk\u0259 olaraq, m\u00fcharib\u0259nin ba\u015fa \u00e7atmas\u0131n\u0131 n\u0259z\u0259r\u0259 alsaq, biz Erm\u0259nistandak\u0131 v\u0259ziyy\u0259tl\u0259 ba\u011fl\u0131 bigan\u0259 ola bilm\u0259rik. Biz m\u0259s\u0259l\u0259ni diqq\u0259tl\u0259 izl\u0259yirik. Hesab edir\u0259m ki, Erm\u0259nistanda hakimiyy\u0259td\u0259 kimin olmas\u0131ndan as\u0131l\u0131 olmayaraq, 10 noyabr b\u0259yanat\u0131n\u0131n icras\u0131na mane olmaq c\u0259hdl\u0259ri bu \u00f6lk\u0259 \u00fc\u00e7\u00fcn \u00e7ox z\u0259r\u0259rverici olacaqd\u0131r. Onlar \u00fc\u00e7\u00fcn bu, sui-q\u0259sd olacaqd\u0131r. V\u0259ziyy\u0259t bundan da qat-qat pis olacaqd\u0131r. Bu g\u00fcn Erm\u0259nistanda onlar anlamal\u0131d\u0131rlar ki, bu&hellip;<\/p>\n","protected":false},"author":2,"featured_media":302377,"comment_status":"closed","ping_status":"closed","sticky":false,"template":"","format":"standard","meta":{"om_disable_all_campaigns":false,"_monsterinsights_skip_tracking":false,"_monsterinsights_sitenote_active":false,"_monsterinsights_sitenote_note":"","_monsterinsights_sitenote_category":0},"categories":[4],"tags":[],"aioseo_notices":[],"gutentor_comment":0,"rttpg_featured_image_url":{"full":["https:\/\/arantv.az\/wp-content\/uploads\/2021\/02\/16029166931822630878_1000x669.jpg",620,346,false],"landscape":["https:\/\/arantv.az\/wp-content\/uploads\/2021\/02\/16029166931822630878_1000x669.jpg",620,346,false],"portraits":["https:\/\/arantv.az\/wp-content\/uploads\/2021\/02\/16029166931822630878_1000x669.jpg",620,346,false],"thumbnail":["https:\/\/arantv.az\/wp-content\/uploads\/2021\/02\/16029166931822630878_1000x669-150x150.jpg",150,150,true],"medium":["https:\/\/arantv.az\/wp-content\/uploads\/2021\/02\/16029166931822630878_1000x669-300x167.jpg",300,167,true],"large":["https:\/\/arantv.az\/wp-content\/uploads\/2021\/02\/16029166931822630878_1000x669.jpg",620,346,false],"1536x1536":["https:\/\/arantv.az\/wp-content\/uploads\/2021\/02\/16029166931822630878_1000x669.jpg",620,346,false],"2048x2048":["https:\/\/arantv.az\/wp-content\/uploads\/2021\/02\/16029166931822630878_1000x669.jpg",620,346,false],"post-thumbnail":["https:\/\/arantv.az\/wp-content\/uploads\/2021\/02\/16029166931822630878_1000x669-240x172.jpg",240,172,true],"advps-thumb-one":["https:\/\/arantv.az\/wp-content\/uploads\/2021\/02\/16029166931822630878_1000x669.jpg",620,346,false]},"rttpg_author":{"display_name":"V\u00fcsal Rafiqo\u011flu","author_link":"https:\/\/arantv.az\/?author=2"},"rttpg_comment":0,"rttpg_category":"<a href=\"https:\/\/arantv.az\/?cat=4\" rel=\"category\">Siyas\u0259t<\/a>","rttpg_excerpt":"\u201cErm\u0259nistandak\u0131 v\u0259ziyy\u0259tl\u0259 ba\u011fl\u0131 d\u0259rin\u0259 getm\u0259k ist\u0259mir\u0259m. Dedikl\u0259rim Erm\u0259nistanda m\u00fc\u0259yy\u0259n qruplar t\u0259r\u0259find\u0259n sui-istifad\u0259 edil\u0259 bil\u0259r. M\u0259s\u0259l\u0259ni \u00f6zl\u0259ri h\u0259ll ets\u0259l\u0259r, yax\u015f\u0131d\u0131r\u201d. Bu s\u00f6zl\u0259ri Prezident \u0130lham \u018fliyev bu g\u00fcn ke\u00e7irdiyi m\u0259tbuat konfrans\u0131nda deyib: \u201c\u018flb\u0259tt\u0259 qon\u015fu \u00f6lk\u0259 olaraq, m\u00fcharib\u0259nin ba\u015fa \u00e7atmas\u0131n\u0131 n\u0259z\u0259r\u0259 alsaq, biz Erm\u0259nistandak\u0131 v\u0259ziyy\u0259tl\u0259 ba\u011fl\u0131 bigan\u0259 ola bilm\u0259rik. Biz m\u0259s\u0259l\u0259ni diqq\u0259tl\u0259 izl\u0259yirik. Hesab edir\u0259m ki, Erm\u0259nistanda hakimiyy\u0259td\u0259&hellip;","_links":{"self":[{"href":"https:\/\/arantv.az\/index.php?rest_route=\/wp\/v2\/posts\/302376"}],"collection":[{"href":"https:\/\/arantv.az\/index.php?rest_route=\/wp\/v2\/posts"}],"about":[{"href":"https:\/\/arantv.az\/index.php?rest_route=\/wp\/v2\/types\/post"}],"author":[{"embeddable":true,"href":"https:\/\/arantv.az\/index.php?rest_route=\/wp\/v2\/users\/2"}],"replies":[{"embeddable":true,"href":"https:\/\/arantv.az\/index.php?rest_route=%2Fwp%2Fv2%2Fcomments&post=302376"}],"version-history":[{"count":0,"href":"https:\/\/arantv.az\/index.php?rest_route=\/wp\/v2\/posts\/302376\/revisions"}],"wp:featuredmedia":[{"embeddable":true,"href":"https:\/\/arantv.az\/index.php?rest_route=\/wp\/v2\/media\/302377"}],"wp:attachment":[{"href":"https:\/\/arantv.az\/index.php?rest_route=%2Fwp%2Fv2%2Fmedia&parent=302376"}],"wp:term":[{"taxonomy":"category","embeddable":true,"href":"https:\/\/arantv.az\/index.php?rest_route=%2Fwp%2Fv2%2Fcategories&post=302376"},{"taxonomy":"post_tag","embeddable":true,"href":"https:\/\/arantv.az\/index.php?rest_route=%2Fwp%2Fv2%2Ftags&post=302376"}],"curies":[{"name":"wp","href":"https:\/\/api.w.org\/{rel}","templated":true}]}}