{"id":302380,"date":"2021-02-26T13:39:27","date_gmt":"2021-02-26T10:39:27","guid":{"rendered":"http:\/\/arantv.az\/?p=302380"},"modified":"2021-02-26T13:39:27","modified_gmt":"2021-02-26T10:39:27","slug":"prezident-islam-muq%c9%99dd%c9%99sl%c9%99rinin-t%c9%99hqirini-ozun%c9%99-r%c9%99va-bil%c9%99n-hec-vaxt-mus%c9%99lman-olk%c9%99l%c9%99ri-il%c9%99-dost-ola-bilm%c9%99z-2","status":"publish","type":"post","link":"https:\/\/arantv.az\/?p=302380","title":{"rendered":"Prezident: \u201c\u0130slam m\u00fcq\u0259dd\u0259sl\u0259rinin t\u0259hqirini \u00f6z\u00fcn\u0259 r\u0259va bil\u0259n he\u00e7 vaxt m\u00fcs\u0259lman \u00f6lk\u0259l\u0259ri il\u0259 dost ola bilm\u0259z\u201d"},"content":{"rendered":"<p>\u201cA\u011fdam \u015f\u0259h\u0259rinin g\u00f6r\u00fcnt\u00fcl\u0259ri ham\u0131m\u0131z \u00fc\u00e7\u00fcn \u00e7ox a\u011fr\u0131l\u0131d\u0131r. B\u00fct\u00fcn d\u00fcnya bunu g\u00f6rm\u0259lidir\u201d.<\/p>\n<p><strong>ARANTV.AZ<\/strong>-\u0131n m\u0259lumat\u0131na g\u00f6r\u0259, bunu m\u0259tbuat konfrans\u0131nda Az\u0259rbaycan Prezidenti \u0130lham \u018fliyev bildirib.<\/p>\n<p>Onun s\u00f6zl\u0259rin\u0259 g\u00f6r\u0259, A\u011fdam C\u00fcm\u0259 m\u0259scidind\u0259 donuz, in\u0259k saxlanmas\u0131 Erm\u0259nistan t\u0259r\u0259find\u0259n b\u00fct\u00fcn m\u00fcs\u0259lman al\u0259min\u0259 edil\u0259n t\u0259hqirdir:<\/p>\n<p>\u201cBu t\u0259hqiri ed\u0259nl\u0259r bu g\u00fcn Erm\u0259nistan siyasi m\u00fcst\u0259visind\u0259 d\u0259 \u00f6zl\u0259ri \u00fc\u00e7\u00fcn yer tapmaq ist\u0259yirl\u0259r. Ke\u00e7mi\u015f Erm\u0259nistan r\u0259hb\u0259ri Ko\u00e7aryan\u0131n da\u011f\u0131lm\u0131\u015f v\u0259 \u00fcz\u0259rind\u0259 t\u0259hqiramiz ifad\u0259l\u0259r olan A\u011fdam C\u00fcm\u0259 m\u0259scidinin qar\u015f\u0131s\u0131nda \u015f\u0259kill\u0259ri var. M\u0259n beyn\u0259lxalq t\u0259dbirl\u0259rd\u0259 qeyd edirdim ki, bu cinay\u0259ti t\u00f6r\u0259d\u0259nl\u0259r, \u0130slam m\u00fcq\u0259dd\u0259sl\u0259rinin t\u0259hqirini \u00f6z\u00fcn\u0259 r\u0259va bil\u0259nl\u0259r he\u00e7 vaxt m\u00fcs\u0259lman \u00f6lk\u0259l\u0259ri il\u0259 dost ola bilm\u0259z. M\u0259n m\u00fcs\u0259lman \u00f6lk\u0259l\u0259rinin r\u0259hb\u0259rl\u0259rin\u0259 bildirirdim ki, sizin \u0259l s\u0131xd\u0131\u011f\u0131n\u0131z insanlar m\u00fcs\u0259lman m\u0259scidl\u0259rini da\u011f\u0131dan, m\u0259hv ed\u0259n, orada donuz, in\u0259k saxlayanlard\u0131r.<\/p>\n<p>Z\u0259ngilan m\u0259scidl\u0259rind\u0259n birind\u0259 donuz saxlay\u0131rd\u0131lar. P\u0259nah \u018fli Xan Saray\u0131n\u0131 t\u00f6vl\u0259y\u0259 \u00e7eviribl\u0259r.<\/p>\n<p>Bunu q\u0259sd\u0259n edibl\u0259r. Heyvanlar\u0131 ba\u015fqa yerd\u0259 saxlamaq olmazd\u0131m\u0131? G\u00f6r\u00fcn, m\u00fcs\u0259lmanlara qar\u015f\u0131 n\u0259 q\u0259d\u0259r nifr\u0259tl\u0259ri b\u00f6y\u00fckd\u00fcr. Bunu ed\u0259n \u0259xlaqs\u0131zlar, cinay\u0259tkarlar b\u0259zi m\u00fcs\u0259lman \u00f6lk\u0259l\u0259rinin liderl\u0259ri il\u0259 g\u00f6r\u00fc\u015f\u00fcb, dostluq, \u0259m\u0259kda\u015fl\u0131qdan dan\u0131\u015f\u0131rlar. Bu, b\u00fct\u00fcn m\u00fcs\u0259lman al\u0259min\u0259 t\u0259hqirdir\u201d.<\/p>\n<p>Prezident bildirib ki, i\u015f\u011faldan azad edil\u0259n torpaqlarda 67 m\u0259scid var idi:<\/p>\n<p>\u201cOnlardan c\u0259mi biri nisb\u0259t\u0259n salamat v\u0259ziyy\u0259td\u0259dir. Qalanlar\u0131 ya tam da\u011f\u0131d\u0131l\u0131b, ya da b\u00f6y\u00fck hiss\u0259si da\u011f\u0131d\u0131l\u0131b. Biz b\u00fct\u00fcn m\u0259scidl\u0259rini b\u0259rpa ed\u0259c\u0259yik. \u0130slam \u00f6lk\u0259l\u0259rin n\u00fcmay\u0259nd\u0259l\u0259ri bu m\u0259s\u0259l\u0259 il\u0259 ba\u011fl\u0131 \u00f6z t\u0259klifl\u0259rini verirl\u0259r. Bu yax\u0131ndan \u0130slam D\u00fcnyas\u0131 Elm, T\u0259hsil v\u0259 M\u0259d\u0259niyy\u0259t T\u0259\u015fkilat\u0131n\u0131n (ICESCO) n\u00fcmay\u0259nd\u0259l\u0259ri A\u011fdama s\u0259f\u0259r etdil\u0259r. ICESCO-nun ba\u015f katibi il\u0259 g\u00f6r\u00fc\u015f \u0259sas\u0131nda bel\u0259 bir t\u0259klif edildi ki, t\u0259\u015fkilat bizim tarixi abid\u0259l\u0259rimizin b\u0259rpas\u0131 i\u015find\u0259 \u00f6z rolunu oynaya bil\u0259r. Biz bunu alq\u0131\u015flay\u0131r\u0131q. Biz b\u0259rpa i\u015fl\u0259rini \u0130slam h\u0259mr\u0259ylik bayram\u0131na \u00e7evirm\u0259liyik. M\u00fcs\u0259lman \u00f6lk\u0259l\u0259ri aras\u0131ndak\u0131 birlik, h\u0259mr\u0259ylik ham\u0131m\u0131za laz\u0131md\u0131r\u201d.<\/p>\n","protected":false},"excerpt":{"rendered":"<p>\u201cA\u011fdam \u015f\u0259h\u0259rinin g\u00f6r\u00fcnt\u00fcl\u0259ri ham\u0131m\u0131z \u00fc\u00e7\u00fcn \u00e7ox a\u011fr\u0131l\u0131d\u0131r. B\u00fct\u00fcn d\u00fcnya bunu g\u00f6rm\u0259lidir\u201d. ARANTV.AZ-\u0131n m\u0259lumat\u0131na g\u00f6r\u0259, bunu m\u0259tbuat konfrans\u0131nda Az\u0259rbaycan Prezidenti \u0130lham \u018fliyev bildirib. Onun s\u00f6zl\u0259rin\u0259 g\u00f6r\u0259, A\u011fdam C\u00fcm\u0259 m\u0259scidind\u0259 donuz, in\u0259k saxlanmas\u0131 Erm\u0259nistan t\u0259r\u0259find\u0259n b\u00fct\u00fcn m\u00fcs\u0259lman al\u0259min\u0259 edil\u0259n t\u0259hqirdir: \u201cBu t\u0259hqiri ed\u0259nl\u0259r bu g\u00fcn Erm\u0259nistan siyasi m\u00fcst\u0259visind\u0259 d\u0259 \u00f6zl\u0259ri \u00fc\u00e7\u00fcn yer tapmaq ist\u0259yirl\u0259r. Ke\u00e7mi\u015f Erm\u0259nistan r\u0259hb\u0259ri Ko\u00e7aryan\u0131n da\u011f\u0131lm\u0131\u015f v\u0259 \u00fcz\u0259rind\u0259 t\u0259hqiramiz ifad\u0259l\u0259r olan A\u011fdam C\u00fcm\u0259 m\u0259scidinin qar\u015f\u0131s\u0131nda \u015f\u0259kill\u0259ri var. M\u0259n beyn\u0259lxalq t\u0259dbirl\u0259rd\u0259 qeyd edirdim ki, bu cinay\u0259ti t\u00f6r\u0259d\u0259nl\u0259r, \u0130slam m\u00fcq\u0259dd\u0259sl\u0259rinin t\u0259hqirini \u00f6z\u00fcn\u0259 r\u0259va bil\u0259nl\u0259r he\u00e7 vaxt m\u00fcs\u0259lman \u00f6lk\u0259l\u0259ri il\u0259 dost ola&hellip;<\/p>\n","protected":false},"author":2,"featured_media":302381,"comment_status":"closed","ping_status":"closed","sticky":false,"template":"","format":"standard","meta":{"om_disable_all_campaigns":false,"_monsterinsights_skip_tracking":false,"_monsterinsights_sitenote_active":false,"_monsterinsights_sitenote_note":"","_monsterinsights_sitenote_category":0},"categories":[4],"tags":[],"aioseo_notices":[],"gutentor_comment":0,"rttpg_featured_image_url":{"full":["https:\/\/arantv.az\/wp-content\/uploads\/2021\/02\/16029166922674656365_1000x669-1.jpg",620,348,false],"landscape":["https:\/\/arantv.az\/wp-content\/uploads\/2021\/02\/16029166922674656365_1000x669-1.jpg",620,348,false],"portraits":["https:\/\/arantv.az\/wp-content\/uploads\/2021\/02\/16029166922674656365_1000x669-1.jpg",620,348,false],"thumbnail":["https:\/\/arantv.az\/wp-content\/uploads\/2021\/02\/16029166922674656365_1000x669-1-150x150.jpg",150,150,true],"medium":["https:\/\/arantv.az\/wp-content\/uploads\/2021\/02\/16029166922674656365_1000x669-1-300x168.jpg",300,168,true],"large":["https:\/\/arantv.az\/wp-content\/uploads\/2021\/02\/16029166922674656365_1000x669-1.jpg",620,348,false],"1536x1536":["https:\/\/arantv.az\/wp-content\/uploads\/2021\/02\/16029166922674656365_1000x669-1.jpg",620,348,false],"2048x2048":["https:\/\/arantv.az\/wp-content\/uploads\/2021\/02\/16029166922674656365_1000x669-1.jpg",620,348,false],"post-thumbnail":["https:\/\/arantv.az\/wp-content\/uploads\/2021\/02\/16029166922674656365_1000x669-1-240x172.jpg",240,172,true],"advps-thumb-one":["https:\/\/arantv.az\/wp-content\/uploads\/2021\/02\/16029166922674656365_1000x669-1.jpg",620,348,false]},"rttpg_author":{"display_name":"V\u00fcsal Rafiqo\u011flu","author_link":"https:\/\/arantv.az\/?author=2"},"rttpg_comment":0,"rttpg_category":"<a href=\"https:\/\/arantv.az\/?cat=4\" rel=\"category\">Siyas\u0259t<\/a>","rttpg_excerpt":"\u201cA\u011fdam \u015f\u0259h\u0259rinin g\u00f6r\u00fcnt\u00fcl\u0259ri ham\u0131m\u0131z \u00fc\u00e7\u00fcn \u00e7ox a\u011fr\u0131l\u0131d\u0131r. B\u00fct\u00fcn d\u00fcnya bunu g\u00f6rm\u0259lidir\u201d. ARANTV.AZ-\u0131n m\u0259lumat\u0131na g\u00f6r\u0259, bunu m\u0259tbuat konfrans\u0131nda Az\u0259rbaycan Prezidenti \u0130lham \u018fliyev bildirib. Onun s\u00f6zl\u0259rin\u0259 g\u00f6r\u0259, A\u011fdam C\u00fcm\u0259 m\u0259scidind\u0259 donuz, in\u0259k saxlanmas\u0131 Erm\u0259nistan t\u0259r\u0259find\u0259n b\u00fct\u00fcn m\u00fcs\u0259lman al\u0259min\u0259 edil\u0259n t\u0259hqirdir: \u201cBu t\u0259hqiri ed\u0259nl\u0259r bu g\u00fcn Erm\u0259nistan siyasi m\u00fcst\u0259visind\u0259 d\u0259 \u00f6zl\u0259ri \u00fc\u00e7\u00fcn yer tapmaq ist\u0259yirl\u0259r. Ke\u00e7mi\u015f Erm\u0259nistan r\u0259hb\u0259ri&hellip;","_links":{"self":[{"href":"https:\/\/arantv.az\/index.php?rest_route=\/wp\/v2\/posts\/302380"}],"collection":[{"href":"https:\/\/arantv.az\/index.php?rest_route=\/wp\/v2\/posts"}],"about":[{"href":"https:\/\/arantv.az\/index.php?rest_route=\/wp\/v2\/types\/post"}],"author":[{"embeddable":true,"href":"https:\/\/arantv.az\/index.php?rest_route=\/wp\/v2\/users\/2"}],"replies":[{"embeddable":true,"href":"https:\/\/arantv.az\/index.php?rest_route=%2Fwp%2Fv2%2Fcomments&post=302380"}],"version-history":[{"count":0,"href":"https:\/\/arantv.az\/index.php?rest_route=\/wp\/v2\/posts\/302380\/revisions"}],"wp:featuredmedia":[{"embeddable":true,"href":"https:\/\/arantv.az\/index.php?rest_route=\/wp\/v2\/media\/302381"}],"wp:attachment":[{"href":"https:\/\/arantv.az\/index.php?rest_route=%2Fwp%2Fv2%2Fmedia&parent=302380"}],"wp:term":[{"taxonomy":"category","embeddable":true,"href":"https:\/\/arantv.az\/index.php?rest_route=%2Fwp%2Fv2%2Fcategories&post=302380"},{"taxonomy":"post_tag","embeddable":true,"href":"https:\/\/arantv.az\/index.php?rest_route=%2Fwp%2Fv2%2Ftags&post=302380"}],"curies":[{"name":"wp","href":"https:\/\/api.w.org\/{rel}","templated":true}]}}