{"id":302400,"date":"2021-02-26T13:51:15","date_gmt":"2021-02-26T10:51:15","guid":{"rendered":"http:\/\/arantv.az\/?p=302400"},"modified":"2021-02-26T13:51:15","modified_gmt":"2021-02-26T10:51:15","slug":"dini-ibad%c9%99t-yerl%c9%99rind%c9%99-m%c9%99hdudiyy%c9%99tl%c9%99r-n%c9%99-vaxt-goturul%c9%99c%c9%99k-r%c9%99smi","status":"publish","type":"post","link":"https:\/\/arantv.az\/?p=302400","title":{"rendered":"Dini ibad\u0259t yerl\u0259rind\u0259 m\u0259hdudiyy\u0259tl\u0259r n\u0259 vaxt g\u00f6t\u00fcr\u00fcl\u0259c\u0259k? &#8211; R\u018fSM\u0130"},"content":{"rendered":"<p>&#8220;Az\u0259rbaycanda pandemiya il\u0259 \u0259laq\u0259dar m\u00fcxt\u0259lif t\u0259dbirl\u0259r m\u0259hdudla\u015fd\u0131r\u0131l\u0131b, o c\u00fcml\u0259d\u0259n m\u0259scidl\u0259r, kils\u0259l\u0259r, dig\u0259r abid\u0259l\u0259rl\u0259 \u0259laq\u0259dar da Operativ Q\u0259rargah\u0131n t\u0259limat\u0131 var&#8221;.<\/p>\n<p>Bunu a\u00e7\u0131qlamas\u0131nda Dini Qurumlarla \u0130\u015f \u00fczr\u0259 D\u00f6vl\u0259t Komit\u0259sinin s\u0259dri M\u00fcbariz Qurbanl\u0131 bildirib.<\/p>\n<div id=\"AdviadNativeVideo0\" class=\"AdviadNativeVideo\"><\/div>\n<p>Onun s\u00f6zl\u0259rin\u0259 g\u00f6r\u0259, pandemiyada yum\u015falma \u00f6z\u00fcn\u00fc g\u00f6st\u0259rir, vaksinasiya s\u00fcr\u0259tl\u0259 gedir: &#8220;\u018fg\u0259r Operativ Q\u0259rargah v\u0259 x\u00fcsusi tibbi m\u00fct\u0259x\u0259ssisl\u0259r bununla \u0259laq\u0259dar q\u0259rarlar\u0131n\u0131 vers\u0259l\u0259r, b\u0259zi m\u0259hdudiyy\u0259tl\u0259r qoyulmaqla b\u00fct\u00fcn sah\u0259l\u0259rd\u0259 oldu\u011fu kimi, dini ibad\u0259t yerl\u0259rind\u0259 d\u0259 m\u0259hdudiyy\u0259tl\u0259r aradan qalxacaq. Bunlar b\u00fct\u00f6vl\u00fckd\u0259 \u015f\u0259raitd\u0259n, pandemiya d\u00f6vr\u00fcnd\u0259 ged\u0259n prosesd\u0259n as\u0131l\u0131d\u0131r. Bununla ba\u011fl\u0131 ir\u0259lil\u0259yi\u015fl\u0259r g\u00f6r\u00fclm\u0259kd\u0259dir. \u018fg\u0259r ir\u0259lil\u0259yi\u015fl\u0259r n\u0259tic\u0259 vers\u0259, h\u0259m dini ibar\u0259t yerl\u0259rind\u0259 ziyar\u0259tl\u0259rin m\u00fc\u0259yy\u0259n \u015f\u0259rtl\u0259r daxilind\u0259 davam etdirilm\u0259si, h\u0259m d\u0259 toy v\u0259 yas m\u0259rasiml\u0259ri istiqam\u0259tind\u0259 add\u0131mlar at\u0131lacaq. B\u00fct\u00fcn bunlar Operativ Q\u0259rargah\u0131n s\u0259r\u0259ncam\u0131nda olan m\u0259s\u0259l\u0259l\u0259rdir. Q\u0259rargah is\u0259 b\u00fct\u00fcn bu m\u0259s\u0259l\u0259l\u0259ri pandemiya il\u0259 \u0259laq\u0259dar yaranm\u0131\u015f \u015f\u0259raiti n\u0259z\u0259r\u0259 alaraq q\u0259bul edir&#8221;.(apa)<\/p>\n","protected":false},"excerpt":{"rendered":"<p>&#8220;Az\u0259rbaycanda pandemiya il\u0259 \u0259laq\u0259dar m\u00fcxt\u0259lif t\u0259dbirl\u0259r m\u0259hdudla\u015fd\u0131r\u0131l\u0131b, o c\u00fcml\u0259d\u0259n m\u0259scidl\u0259r, kils\u0259l\u0259r, dig\u0259r abid\u0259l\u0259rl\u0259 \u0259laq\u0259dar da Operativ Q\u0259rargah\u0131n t\u0259limat\u0131 var&#8221;. Bunu a\u00e7\u0131qlamas\u0131nda Dini Qurumlarla \u0130\u015f \u00fczr\u0259 D\u00f6vl\u0259t Komit\u0259sinin s\u0259dri M\u00fcbariz Qurbanl\u0131 bildirib. Onun s\u00f6zl\u0259rin\u0259 g\u00f6r\u0259, pandemiyada yum\u015falma \u00f6z\u00fcn\u00fc g\u00f6st\u0259rir, vaksinasiya s\u00fcr\u0259tl\u0259 gedir: &#8220;\u018fg\u0259r Operativ Q\u0259rargah v\u0259 x\u00fcsusi tibbi m\u00fct\u0259x\u0259ssisl\u0259r bununla \u0259laq\u0259dar q\u0259rarlar\u0131n\u0131 vers\u0259l\u0259r, b\u0259zi m\u0259hdudiyy\u0259tl\u0259r qoyulmaqla b\u00fct\u00fcn sah\u0259l\u0259rd\u0259 oldu\u011fu kimi, dini ibad\u0259t yerl\u0259rind\u0259 d\u0259 m\u0259hdudiyy\u0259tl\u0259r aradan qalxacaq. Bunlar b\u00fct\u00f6vl\u00fckd\u0259 \u015f\u0259raitd\u0259n, pandemiya d\u00f6vr\u00fcnd\u0259 ged\u0259n prosesd\u0259n as\u0131l\u0131d\u0131r. Bununla ba\u011fl\u0131 ir\u0259lil\u0259yi\u015fl\u0259r g\u00f6r\u00fclm\u0259kd\u0259dir. \u018fg\u0259r ir\u0259lil\u0259yi\u015fl\u0259r n\u0259tic\u0259 vers\u0259, h\u0259m dini ibar\u0259t yerl\u0259rind\u0259 ziyar\u0259tl\u0259rin m\u00fc\u0259yy\u0259n \u015f\u0259rtl\u0259r daxilind\u0259&hellip;<\/p>\n","protected":false},"author":2,"featured_media":302401,"comment_status":"closed","ping_status":"closed","sticky":false,"template":"","format":"standard","meta":{"om_disable_all_campaigns":false,"_monsterinsights_skip_tracking":false,"_monsterinsights_sitenote_active":false,"_monsterinsights_sitenote_note":"","_monsterinsights_sitenote_category":0},"categories":[26],"tags":[],"aioseo_notices":[],"gutentor_comment":0,"rttpg_featured_image_url":{"full":["https:\/\/arantv.az\/wp-content\/uploads\/2021\/02\/dini_61614328478.jpg",649,391,false],"landscape":["https:\/\/arantv.az\/wp-content\/uploads\/2021\/02\/dini_61614328478.jpg",649,391,false],"portraits":["https:\/\/arantv.az\/wp-content\/uploads\/2021\/02\/dini_61614328478.jpg",649,391,false],"thumbnail":["https:\/\/arantv.az\/wp-content\/uploads\/2021\/02\/dini_61614328478-150x150.jpg",150,150,true],"medium":["https:\/\/arantv.az\/wp-content\/uploads\/2021\/02\/dini_61614328478-300x181.jpg",300,181,true],"large":["https:\/\/arantv.az\/wp-content\/uploads\/2021\/02\/dini_61614328478.jpg",640,386,false],"1536x1536":["https:\/\/arantv.az\/wp-content\/uploads\/2021\/02\/dini_61614328478.jpg",649,391,false],"2048x2048":["https:\/\/arantv.az\/wp-content\/uploads\/2021\/02\/dini_61614328478.jpg",649,391,false],"post-thumbnail":["https:\/\/arantv.az\/wp-content\/uploads\/2021\/02\/dini_61614328478-240x172.jpg",240,172,true],"advps-thumb-one":["https:\/\/arantv.az\/wp-content\/uploads\/2021\/02\/dini_61614328478.jpg",649,391,false]},"rttpg_author":{"display_name":"V\u00fcsal Rafiqo\u011flu","author_link":"https:\/\/arantv.az\/?author=2"},"rttpg_comment":0,"rttpg_category":"<a href=\"https:\/\/arantv.az\/?cat=26\" rel=\"category\">Sosial<\/a>","rttpg_excerpt":"&#8220;Az\u0259rbaycanda pandemiya il\u0259 \u0259laq\u0259dar m\u00fcxt\u0259lif t\u0259dbirl\u0259r m\u0259hdudla\u015fd\u0131r\u0131l\u0131b, o c\u00fcml\u0259d\u0259n m\u0259scidl\u0259r, kils\u0259l\u0259r, dig\u0259r abid\u0259l\u0259rl\u0259 \u0259laq\u0259dar da Operativ Q\u0259rargah\u0131n t\u0259limat\u0131 var&#8221;. Bunu a\u00e7\u0131qlamas\u0131nda Dini Qurumlarla \u0130\u015f \u00fczr\u0259 D\u00f6vl\u0259t Komit\u0259sinin s\u0259dri M\u00fcbariz Qurbanl\u0131 bildirib. Onun s\u00f6zl\u0259rin\u0259 g\u00f6r\u0259, pandemiyada yum\u015falma \u00f6z\u00fcn\u00fc g\u00f6st\u0259rir, vaksinasiya s\u00fcr\u0259tl\u0259 gedir: &#8220;\u018fg\u0259r Operativ Q\u0259rargah v\u0259 x\u00fcsusi tibbi m\u00fct\u0259x\u0259ssisl\u0259r bununla \u0259laq\u0259dar q\u0259rarlar\u0131n\u0131 vers\u0259l\u0259r, b\u0259zi m\u0259hdudiyy\u0259tl\u0259r qoyulmaqla&hellip;","_links":{"self":[{"href":"https:\/\/arantv.az\/index.php?rest_route=\/wp\/v2\/posts\/302400"}],"collection":[{"href":"https:\/\/arantv.az\/index.php?rest_route=\/wp\/v2\/posts"}],"about":[{"href":"https:\/\/arantv.az\/index.php?rest_route=\/wp\/v2\/types\/post"}],"author":[{"embeddable":true,"href":"https:\/\/arantv.az\/index.php?rest_route=\/wp\/v2\/users\/2"}],"replies":[{"embeddable":true,"href":"https:\/\/arantv.az\/index.php?rest_route=%2Fwp%2Fv2%2Fcomments&post=302400"}],"version-history":[{"count":0,"href":"https:\/\/arantv.az\/index.php?rest_route=\/wp\/v2\/posts\/302400\/revisions"}],"wp:featuredmedia":[{"embeddable":true,"href":"https:\/\/arantv.az\/index.php?rest_route=\/wp\/v2\/media\/302401"}],"wp:attachment":[{"href":"https:\/\/arantv.az\/index.php?rest_route=%2Fwp%2Fv2%2Fmedia&parent=302400"}],"wp:term":[{"taxonomy":"category","embeddable":true,"href":"https:\/\/arantv.az\/index.php?rest_route=%2Fwp%2Fv2%2Fcategories&post=302400"},{"taxonomy":"post_tag","embeddable":true,"href":"https:\/\/arantv.az\/index.php?rest_route=%2Fwp%2Fv2%2Ftags&post=302400"}],"curies":[{"name":"wp","href":"https:\/\/api.w.org\/{rel}","templated":true}]}}