{"id":302408,"date":"2021-02-26T13:53:10","date_gmt":"2021-02-26T10:53:10","guid":{"rendered":"http:\/\/arantv.az\/?p=302408"},"modified":"2021-02-26T13:53:10","modified_gmt":"2021-02-26T10:53:10","slug":"qarabagla-bagli-razilasmalar-icra-olunur-peskov","status":"publish","type":"post","link":"https:\/\/arantv.az\/?p=302408","title":{"rendered":"Qaraba\u011fla ba\u011fl\u0131 raz\u0131la\u015fmalar icra olunur &#8211; Peskov"},"content":{"rendered":"<p>Rusiya h\u0259l\u0259lik Qaraba\u011fda h\u0259rbi \u0259m\u0259liyyatlar\u0131n dayand\u0131r\u0131lmas\u0131 bar\u0259d\u0259 \u00fc\u00e7t\u0259r\u0259fli raz\u0131la\u015fmalar\u0131n icras\u0131na h\u0259r hans\u0131 bir t\u0259hdid g\u00f6rm\u00fcr.<\/p>\n<p><strong>ARANTV.AZ\u00a0\u00a0<\/strong><a href=\"https:\/\/az.trend.az\/\" target=\"_blank\" rel=\"noopener\">Trend<\/a>-\u0259 istinad\u0259n bildirir ki,\u00a0bunu Rusiya prezidentinin m\u0259tbuat katibi Dmitri Peskov deyib.<\/p>\n<p>O bildirib ki, Qaraba\u011fla ba\u011fl\u0131 raz\u0131la\u015fmalar icra olunmaqdad\u0131r.<\/p>\n<p>D.Peskov \u0259lav\u0259 edib ki, Erm\u0259nistanda ba\u015f ver\u0259n hadis\u0259l\u0259r\u0259 baxmayaraq, \u0259ld\u0259 olunan raz\u0131la\u015fmalara \u0259m\u0259l etm\u0259k vacibdir.<\/p>\n","protected":false},"excerpt":{"rendered":"<p>Rusiya h\u0259l\u0259lik Qaraba\u011fda h\u0259rbi \u0259m\u0259liyyatlar\u0131n dayand\u0131r\u0131lmas\u0131 bar\u0259d\u0259 \u00fc\u00e7t\u0259r\u0259fli raz\u0131la\u015fmalar\u0131n icras\u0131na h\u0259r hans\u0131 bir t\u0259hdid g\u00f6rm\u00fcr. ARANTV.AZ\u00a0\u00a0Trend-\u0259 istinad\u0259n bildirir ki,\u00a0bunu Rusiya prezidentinin m\u0259tbuat katibi Dmitri Peskov deyib. O bildirib ki, Qaraba\u011fla ba\u011fl\u0131 raz\u0131la\u015fmalar icra olunmaqdad\u0131r. D.Peskov \u0259lav\u0259 edib ki, Erm\u0259nistanda ba\u015f ver\u0259n hadis\u0259l\u0259r\u0259 baxmayaraq, \u0259ld\u0259 olunan raz\u0131la\u015fmalara \u0259m\u0259l etm\u0259k vacibdir.<\/p>\n","protected":false},"author":2,"featured_media":302409,"comment_status":"closed","ping_status":"closed","sticky":false,"template":"","format":"standard","meta":{"om_disable_all_campaigns":false,"_monsterinsights_skip_tracking":false,"_monsterinsights_sitenote_active":false,"_monsterinsights_sitenote_note":"","_monsterinsights_sitenote_category":0},"categories":[4],"tags":[],"aioseo_notices":[],"gutentor_comment":0,"rttpg_featured_image_url":{"full":["https:\/\/arantv.az\/wp-content\/uploads\/2021\/02\/926027.jpg",800,600,false],"landscape":["https:\/\/arantv.az\/wp-content\/uploads\/2021\/02\/926027.jpg",800,600,false],"portraits":["https:\/\/arantv.az\/wp-content\/uploads\/2021\/02\/926027.jpg",800,600,false],"thumbnail":["https:\/\/arantv.az\/wp-content\/uploads\/2021\/02\/926027-150x150.jpg",150,150,true],"medium":["https:\/\/arantv.az\/wp-content\/uploads\/2021\/02\/926027-300x225.jpg",300,225,true],"large":["https:\/\/arantv.az\/wp-content\/uploads\/2021\/02\/926027.jpg",640,480,false],"1536x1536":["https:\/\/arantv.az\/wp-content\/uploads\/2021\/02\/926027.jpg",800,600,false],"2048x2048":["https:\/\/arantv.az\/wp-content\/uploads\/2021\/02\/926027.jpg",800,600,false],"post-thumbnail":["https:\/\/arantv.az\/wp-content\/uploads\/2021\/02\/926027-240x172.jpg",240,172,true],"advps-thumb-one":["https:\/\/arantv.az\/wp-content\/uploads\/2021\/02\/926027.jpg",800,600,false]},"rttpg_author":{"display_name":"V\u00fcsal Rafiqo\u011flu","author_link":"https:\/\/arantv.az\/?author=2"},"rttpg_comment":0,"rttpg_category":"<a href=\"https:\/\/arantv.az\/?cat=4\" rel=\"category\">Siyas\u0259t<\/a>","rttpg_excerpt":"Rusiya h\u0259l\u0259lik Qaraba\u011fda h\u0259rbi \u0259m\u0259liyyatlar\u0131n dayand\u0131r\u0131lmas\u0131 bar\u0259d\u0259 \u00fc\u00e7t\u0259r\u0259fli raz\u0131la\u015fmalar\u0131n icras\u0131na h\u0259r hans\u0131 bir t\u0259hdid g\u00f6rm\u00fcr. ARANTV.AZ\u00a0\u00a0Trend-\u0259 istinad\u0259n bildirir ki,\u00a0bunu Rusiya prezidentinin m\u0259tbuat katibi Dmitri Peskov deyib. O bildirib ki, Qaraba\u011fla ba\u011fl\u0131 raz\u0131la\u015fmalar icra olunmaqdad\u0131r. D.Peskov \u0259lav\u0259 edib ki, Erm\u0259nistanda ba\u015f ver\u0259n hadis\u0259l\u0259r\u0259 baxmayaraq, \u0259ld\u0259 olunan raz\u0131la\u015fmalara \u0259m\u0259l etm\u0259k vacibdir.","_links":{"self":[{"href":"https:\/\/arantv.az\/index.php?rest_route=\/wp\/v2\/posts\/302408"}],"collection":[{"href":"https:\/\/arantv.az\/index.php?rest_route=\/wp\/v2\/posts"}],"about":[{"href":"https:\/\/arantv.az\/index.php?rest_route=\/wp\/v2\/types\/post"}],"author":[{"embeddable":true,"href":"https:\/\/arantv.az\/index.php?rest_route=\/wp\/v2\/users\/2"}],"replies":[{"embeddable":true,"href":"https:\/\/arantv.az\/index.php?rest_route=%2Fwp%2Fv2%2Fcomments&post=302408"}],"version-history":[{"count":0,"href":"https:\/\/arantv.az\/index.php?rest_route=\/wp\/v2\/posts\/302408\/revisions"}],"wp:featuredmedia":[{"embeddable":true,"href":"https:\/\/arantv.az\/index.php?rest_route=\/wp\/v2\/media\/302409"}],"wp:attachment":[{"href":"https:\/\/arantv.az\/index.php?rest_route=%2Fwp%2Fv2%2Fmedia&parent=302408"}],"wp:term":[{"taxonomy":"category","embeddable":true,"href":"https:\/\/arantv.az\/index.php?rest_route=%2Fwp%2Fv2%2Fcategories&post=302408"},{"taxonomy":"post_tag","embeddable":true,"href":"https:\/\/arantv.az\/index.php?rest_route=%2Fwp%2Fv2%2Ftags&post=302408"}],"curies":[{"name":"wp","href":"https:\/\/api.w.org\/{rel}","templated":true}]}}