{"id":302416,"date":"2021-02-26T13:54:57","date_gmt":"2021-02-26T10:54:57","guid":{"rendered":"http:\/\/arantv.az\/?p=302416"},"modified":"2021-02-26T13:54:57","modified_gmt":"2021-02-26T10:54:57","slug":"turkiy%c9%99nin-mudafi%c9%99-naziri-az%c9%99rbaycanli-qardaslarimizin-yaninda-olacagiq","status":"publish","type":"post","link":"https:\/\/arantv.az\/?p=302416","title":{"rendered":"T\u00fcrkiy\u0259nin m\u00fcdafi\u0259 naziri: \u201cAz\u0259rbaycanl\u0131 qarda\u015flar\u0131m\u0131z\u0131n yan\u0131nda olaca\u011f\u0131q\u201d"},"content":{"rendered":"<p>&#8220;29 il \u0259vv\u0259l bu g\u00fcn Xocal\u0131da az\u0259rbaycanl\u0131 qarda\u015flar\u0131m\u0131z\u0131n v\u0259h\u015fic\u0259sin\u0259 q\u0259tl\u0259 yetirilm\u0259sini unutmad\u0131q, unutmayaca\u011f\u0131q! Xocal\u0131da \u015f\u0259hid olan b\u00fct\u00fcn qarda\u015flar\u0131m\u0131za Allahdan r\u0259hm\u0259t dil\u0259yirik&#8221;.<\/p>\n<p><strong>ARANTV.AZ\u00a0<\/strong> APA-ya\u00a0istinad\u0259n bildirir ki,\u00a0bunu T\u00fcrkiy\u0259nin milli m\u00fcdafi\u0259 naziri Hulusi Akar deyib.<\/p>\n<p>&#8220;T\u00fcrkiy\u0259 &#8220;bir mill\u0259t, iki d\u00f6vl\u0259t&#8221; anlay\u0131\u015f\u0131 il\u0259 az\u0259rbaycanl\u0131 qarda\u015flar\u0131m\u0131z\u0131n yan\u0131nda olma\u011fa davam ed\u0259c\u0259k&#8221;, &#8211; dey\u0259 T\u00fcrkiy\u0259nin milli m\u00fcdafi\u0259 naziri qeyd edib.<\/p>\n","protected":false},"excerpt":{"rendered":"<p>&#8220;29 il \u0259vv\u0259l bu g\u00fcn Xocal\u0131da az\u0259rbaycanl\u0131 qarda\u015flar\u0131m\u0131z\u0131n v\u0259h\u015fic\u0259sin\u0259 q\u0259tl\u0259 yetirilm\u0259sini unutmad\u0131q, unutmayaca\u011f\u0131q! Xocal\u0131da \u015f\u0259hid olan b\u00fct\u00fcn qarda\u015flar\u0131m\u0131za Allahdan r\u0259hm\u0259t dil\u0259yirik&#8221;. ARANTV.AZ\u00a0 APA-ya\u00a0istinad\u0259n bildirir ki,\u00a0bunu T\u00fcrkiy\u0259nin milli m\u00fcdafi\u0259 naziri Hulusi Akar deyib. &#8220;T\u00fcrkiy\u0259 &#8220;bir mill\u0259t, iki d\u00f6vl\u0259t&#8221; anlay\u0131\u015f\u0131 il\u0259 az\u0259rbaycanl\u0131 qarda\u015flar\u0131m\u0131z\u0131n yan\u0131nda olma\u011fa davam ed\u0259c\u0259k&#8221;, &#8211; dey\u0259 T\u00fcrkiy\u0259nin milli m\u00fcdafi\u0259 naziri qeyd edib.<\/p>\n","protected":false},"author":2,"featured_media":302417,"comment_status":"closed","ping_status":"closed","sticky":false,"template":"","format":"standard","meta":{"om_disable_all_campaigns":false,"_monsterinsights_skip_tracking":false,"_monsterinsights_sitenote_active":false,"_monsterinsights_sitenote_note":"","_monsterinsights_sitenote_category":0},"categories":[7],"tags":[],"aioseo_notices":[],"gutentor_comment":0,"rttpg_featured_image_url":{"full":["https:\/\/arantv.az\/wp-content\/uploads\/2021\/02\/925986.jpg",800,600,false],"landscape":["https:\/\/arantv.az\/wp-content\/uploads\/2021\/02\/925986.jpg",800,600,false],"portraits":["https:\/\/arantv.az\/wp-content\/uploads\/2021\/02\/925986.jpg",800,600,false],"thumbnail":["https:\/\/arantv.az\/wp-content\/uploads\/2021\/02\/925986-150x150.jpg",150,150,true],"medium":["https:\/\/arantv.az\/wp-content\/uploads\/2021\/02\/925986-300x225.jpg",300,225,true],"large":["https:\/\/arantv.az\/wp-content\/uploads\/2021\/02\/925986.jpg",640,480,false],"1536x1536":["https:\/\/arantv.az\/wp-content\/uploads\/2021\/02\/925986.jpg",800,600,false],"2048x2048":["https:\/\/arantv.az\/wp-content\/uploads\/2021\/02\/925986.jpg",800,600,false],"post-thumbnail":["https:\/\/arantv.az\/wp-content\/uploads\/2021\/02\/925986-240x172.jpg",240,172,true],"advps-thumb-one":["https:\/\/arantv.az\/wp-content\/uploads\/2021\/02\/925986.jpg",800,600,false]},"rttpg_author":{"display_name":"V\u00fcsal Rafiqo\u011flu","author_link":"https:\/\/arantv.az\/?author=2"},"rttpg_comment":0,"rttpg_category":"<a href=\"https:\/\/arantv.az\/?cat=7\" rel=\"category\">D\u00fcnya<\/a>","rttpg_excerpt":"&#8220;29 il \u0259vv\u0259l bu g\u00fcn Xocal\u0131da az\u0259rbaycanl\u0131 qarda\u015flar\u0131m\u0131z\u0131n v\u0259h\u015fic\u0259sin\u0259 q\u0259tl\u0259 yetirilm\u0259sini unutmad\u0131q, unutmayaca\u011f\u0131q! Xocal\u0131da \u015f\u0259hid olan b\u00fct\u00fcn qarda\u015flar\u0131m\u0131za Allahdan r\u0259hm\u0259t dil\u0259yirik&#8221;. ARANTV.AZ\u00a0 APA-ya\u00a0istinad\u0259n bildirir ki,\u00a0bunu T\u00fcrkiy\u0259nin milli m\u00fcdafi\u0259 naziri Hulusi Akar deyib. &#8220;T\u00fcrkiy\u0259 &#8220;bir mill\u0259t, iki d\u00f6vl\u0259t&#8221; anlay\u0131\u015f\u0131 il\u0259 az\u0259rbaycanl\u0131 qarda\u015flar\u0131m\u0131z\u0131n yan\u0131nda olma\u011fa davam ed\u0259c\u0259k&#8221;, &#8211; dey\u0259 T\u00fcrkiy\u0259nin milli m\u00fcdafi\u0259 naziri qeyd edib.","_links":{"self":[{"href":"https:\/\/arantv.az\/index.php?rest_route=\/wp\/v2\/posts\/302416"}],"collection":[{"href":"https:\/\/arantv.az\/index.php?rest_route=\/wp\/v2\/posts"}],"about":[{"href":"https:\/\/arantv.az\/index.php?rest_route=\/wp\/v2\/types\/post"}],"author":[{"embeddable":true,"href":"https:\/\/arantv.az\/index.php?rest_route=\/wp\/v2\/users\/2"}],"replies":[{"embeddable":true,"href":"https:\/\/arantv.az\/index.php?rest_route=%2Fwp%2Fv2%2Fcomments&post=302416"}],"version-history":[{"count":0,"href":"https:\/\/arantv.az\/index.php?rest_route=\/wp\/v2\/posts\/302416\/revisions"}],"wp:featuredmedia":[{"embeddable":true,"href":"https:\/\/arantv.az\/index.php?rest_route=\/wp\/v2\/media\/302417"}],"wp:attachment":[{"href":"https:\/\/arantv.az\/index.php?rest_route=%2Fwp%2Fv2%2Fmedia&parent=302416"}],"wp:term":[{"taxonomy":"category","embeddable":true,"href":"https:\/\/arantv.az\/index.php?rest_route=%2Fwp%2Fv2%2Fcategories&post=302416"},{"taxonomy":"post_tag","embeddable":true,"href":"https:\/\/arantv.az\/index.php?rest_route=%2Fwp%2Fv2%2Ftags&post=302416"}],"curies":[{"name":"wp","href":"https:\/\/api.w.org\/{rel}","templated":true}]}}