{"id":302420,"date":"2021-02-26T13:55:42","date_gmt":"2021-02-26T10:55:42","guid":{"rendered":"http:\/\/arantv.az\/?p=302420"},"modified":"2021-02-26T13:55:42","modified_gmt":"2021-02-26T10:55:42","slug":"intihara-daha-cox-kisil%c9%99r-meyil-edirl%c9%99r-yoxsa-qadinlar-bahar-muradova-cavab-verdi","status":"publish","type":"post","link":"https:\/\/arantv.az\/?p=302420","title":{"rendered":"\u0130ntihara daha \u00e7ox ki\u015fil\u0259r meyil edirl\u0259r, yoxsa qad\u0131nlar? &#8211; Bahar Muradova cavab verdi"},"content":{"rendered":"<p>C\u0259miyy\u0259td\u0259 ki\u015fil\u0259r intihar hallar\u0131na daha \u00e7ox meyil edirl\u0259r.<\/p>\n<p><strong>ARANTV.AZ<\/strong>\u00a0\u00a0<a href=\"https:\/\/az.trend.az\/\" target=\"_blank\" rel=\"noopener\">Trend<\/a>-\u0259 istinad\u0259n bildirir ki,\u00a0bunu Ail\u0259, Qad\u0131n v\u0259 U\u015faq Probleml\u0259ri \u00fczr\u0259 D\u00f6vl\u0259t Komit\u0259sinin s\u0259dri Bahar Muradova deyib.<\/p>\n<p>Onun s\u00f6zl\u0259rin\u0259 g\u00f6r\u0259, c\u0259miyy\u0259t insanlar\u0131 intihar etm\u0259y\u0259 m\u0259cbur ed\u0259n ad\u0259tl\u0259rd\u0259n imtina etm\u0259y\u0259 haz\u0131r olmal\u0131d\u0131r:<\/p>\n<p>&#8220;C\u0259miyy\u0259t olaraq \u0259l-\u0259l\u0259 verib bu problemin \u00fcz\u0259rin\u0259 getm\u0259yi bacarmal\u0131y\u0131q. Ail\u0259d\u0259 bizim v\u0259ziyy\u0259timiz\u0259 n\u0259 mane olursa, \u00e7\u0259tinlik yarad\u0131rsa, g\u00f6z\u0259l arzular\u0131 oldu\u011fu halda, g\u0259ncl\u0259rimizi bu h\u0259yatdan ayr\u0131ma\u011fa n\u0259 vadar edirs\u0259 &#8211; c\u0259miyy\u0259t b\u00fct\u00fcn bunlara s\u0259b\u0259b olan amill\u0259rd\u0259n imtina etm\u0259y\u0259 haz\u0131r olmal\u0131d\u0131r. Ail\u0259l\u0259rl\u0259 ba\u011fl\u0131 i\u015fl\u0259r yaln\u0131z d\u00f6vl\u0259t komit\u0259si t\u0259r\u0259find\u0259n deyil, dig\u0259r m\u00fcvafiq qurumlar t\u0259r\u0259find\u0259n d\u0259 apar\u0131l\u0131r. Bu m\u0259s\u0259l\u0259 yaln\u0131z bizim n\u0259zar\u0259timizd\u0259 deyil. Bir s\u0131ra d\u00f6vl\u0259t orqanlar\u0131 v\u0259 ictimai t\u0259\u015fkilatlar da bu proses\u0259 qat\u0131lmal\u0131d\u0131rlar&#8221;.<\/p>\n","protected":false},"excerpt":{"rendered":"<p>C\u0259miyy\u0259td\u0259 ki\u015fil\u0259r intihar hallar\u0131na daha \u00e7ox meyil edirl\u0259r. ARANTV.AZ\u00a0\u00a0Trend-\u0259 istinad\u0259n bildirir ki,\u00a0bunu Ail\u0259, Qad\u0131n v\u0259 U\u015faq Probleml\u0259ri \u00fczr\u0259 D\u00f6vl\u0259t Komit\u0259sinin s\u0259dri Bahar Muradova deyib. Onun s\u00f6zl\u0259rin\u0259 g\u00f6r\u0259, c\u0259miyy\u0259t insanlar\u0131 intihar etm\u0259y\u0259 m\u0259cbur ed\u0259n ad\u0259tl\u0259rd\u0259n imtina etm\u0259y\u0259 haz\u0131r olmal\u0131d\u0131r: &#8220;C\u0259miyy\u0259t olaraq \u0259l-\u0259l\u0259 verib bu problemin \u00fcz\u0259rin\u0259 getm\u0259yi bacarmal\u0131y\u0131q. Ail\u0259d\u0259 bizim v\u0259ziyy\u0259timiz\u0259 n\u0259 mane olursa, \u00e7\u0259tinlik yarad\u0131rsa, g\u00f6z\u0259l arzular\u0131 oldu\u011fu halda, g\u0259ncl\u0259rimizi bu h\u0259yatdan ayr\u0131ma\u011fa n\u0259 vadar edirs\u0259 &#8211; c\u0259miyy\u0259t b\u00fct\u00fcn bunlara s\u0259b\u0259b olan amill\u0259rd\u0259n imtina etm\u0259y\u0259 haz\u0131r olmal\u0131d\u0131r. Ail\u0259l\u0259rl\u0259 ba\u011fl\u0131 i\u015fl\u0259r yaln\u0131z d\u00f6vl\u0259t komit\u0259si t\u0259r\u0259find\u0259n deyil, dig\u0259r m\u00fcvafiq qurumlar t\u0259r\u0259find\u0259n d\u0259&hellip;<\/p>\n","protected":false},"author":2,"featured_media":302421,"comment_status":"closed","ping_status":"closed","sticky":false,"template":"","format":"standard","meta":{"om_disable_all_campaigns":false,"_monsterinsights_skip_tracking":false,"_monsterinsights_sitenote_active":false,"_monsterinsights_sitenote_note":"","_monsterinsights_sitenote_category":0},"categories":[26],"tags":[],"aioseo_notices":[],"gutentor_comment":0,"rttpg_featured_image_url":{"full":["https:\/\/arantv.az\/wp-content\/uploads\/2021\/02\/925980.jpg",800,600,false],"landscape":["https:\/\/arantv.az\/wp-content\/uploads\/2021\/02\/925980.jpg",800,600,false],"portraits":["https:\/\/arantv.az\/wp-content\/uploads\/2021\/02\/925980.jpg",800,600,false],"thumbnail":["https:\/\/arantv.az\/wp-content\/uploads\/2021\/02\/925980-150x150.jpg",150,150,true],"medium":["https:\/\/arantv.az\/wp-content\/uploads\/2021\/02\/925980-300x225.jpg",300,225,true],"large":["https:\/\/arantv.az\/wp-content\/uploads\/2021\/02\/925980.jpg",640,480,false],"1536x1536":["https:\/\/arantv.az\/wp-content\/uploads\/2021\/02\/925980.jpg",800,600,false],"2048x2048":["https:\/\/arantv.az\/wp-content\/uploads\/2021\/02\/925980.jpg",800,600,false],"post-thumbnail":["https:\/\/arantv.az\/wp-content\/uploads\/2021\/02\/925980-240x172.jpg",240,172,true],"advps-thumb-one":["https:\/\/arantv.az\/wp-content\/uploads\/2021\/02\/925980.jpg",800,600,false]},"rttpg_author":{"display_name":"V\u00fcsal Rafiqo\u011flu","author_link":"https:\/\/arantv.az\/?author=2"},"rttpg_comment":0,"rttpg_category":"<a href=\"https:\/\/arantv.az\/?cat=26\" rel=\"category\">Sosial<\/a>","rttpg_excerpt":"C\u0259miyy\u0259td\u0259 ki\u015fil\u0259r intihar hallar\u0131na daha \u00e7ox meyil edirl\u0259r. ARANTV.AZ\u00a0\u00a0Trend-\u0259 istinad\u0259n bildirir ki,\u00a0bunu Ail\u0259, Qad\u0131n v\u0259 U\u015faq Probleml\u0259ri \u00fczr\u0259 D\u00f6vl\u0259t Komit\u0259sinin s\u0259dri Bahar Muradova deyib. Onun s\u00f6zl\u0259rin\u0259 g\u00f6r\u0259, c\u0259miyy\u0259t insanlar\u0131 intihar etm\u0259y\u0259 m\u0259cbur ed\u0259n ad\u0259tl\u0259rd\u0259n imtina etm\u0259y\u0259 haz\u0131r olmal\u0131d\u0131r: &#8220;C\u0259miyy\u0259t olaraq \u0259l-\u0259l\u0259 verib bu problemin \u00fcz\u0259rin\u0259 getm\u0259yi bacarmal\u0131y\u0131q. Ail\u0259d\u0259 bizim v\u0259ziyy\u0259timiz\u0259 n\u0259 mane olursa, \u00e7\u0259tinlik yarad\u0131rsa,&hellip;","_links":{"self":[{"href":"https:\/\/arantv.az\/index.php?rest_route=\/wp\/v2\/posts\/302420"}],"collection":[{"href":"https:\/\/arantv.az\/index.php?rest_route=\/wp\/v2\/posts"}],"about":[{"href":"https:\/\/arantv.az\/index.php?rest_route=\/wp\/v2\/types\/post"}],"author":[{"embeddable":true,"href":"https:\/\/arantv.az\/index.php?rest_route=\/wp\/v2\/users\/2"}],"replies":[{"embeddable":true,"href":"https:\/\/arantv.az\/index.php?rest_route=%2Fwp%2Fv2%2Fcomments&post=302420"}],"version-history":[{"count":0,"href":"https:\/\/arantv.az\/index.php?rest_route=\/wp\/v2\/posts\/302420\/revisions"}],"wp:featuredmedia":[{"embeddable":true,"href":"https:\/\/arantv.az\/index.php?rest_route=\/wp\/v2\/media\/302421"}],"wp:attachment":[{"href":"https:\/\/arantv.az\/index.php?rest_route=%2Fwp%2Fv2%2Fmedia&parent=302420"}],"wp:term":[{"taxonomy":"category","embeddable":true,"href":"https:\/\/arantv.az\/index.php?rest_route=%2Fwp%2Fv2%2Fcategories&post=302420"},{"taxonomy":"post_tag","embeddable":true,"href":"https:\/\/arantv.az\/index.php?rest_route=%2Fwp%2Fv2%2Ftags&post=302420"}],"curies":[{"name":"wp","href":"https:\/\/api.w.org\/{rel}","templated":true}]}}