{"id":302424,"date":"2021-02-26T13:56:51","date_gmt":"2021-02-26T10:56:51","guid":{"rendered":"http:\/\/arantv.az\/?p=302424"},"modified":"2021-02-26T13:56:51","modified_gmt":"2021-02-26T10:56:51","slug":"atalarla-ail%c9%99d%c9%99ki-g%c9%99nc-oglanlarla-maarifl%c9%99ndirm%c9%99-layih%c9%99l%c9%99ri-kecirilm%c9%99lidir-komit%c9%99-s%c9%99dri","status":"publish","type":"post","link":"https:\/\/arantv.az\/?p=302424","title":{"rendered":"Atalarla, ail\u0259d\u0259ki g\u0259nc o\u011flanlarla maarifl\u0259ndirm\u0259 layih\u0259l\u0259ri ke\u00e7irilm\u0259lidir &#8211; Komit\u0259 s\u0259dri"},"content":{"rendered":"<p>C\u0259miyy\u0259tin n\u00fcv\u0259si olan ail\u0259 el\u0259 olmal\u0131d\u0131r ki, orada qorunmal\u0131 olan q\u0131z v\u0259 qad\u0131nlar t\u0259hl\u00fck\u0259y\u0259 m\u0259ruz qalmas\u0131nlar. Biz bu istiqam\u0259td\u0259 h\u0259d\u0259f qruplar\u0131n\u0131 d\u00fczg\u00fcn m\u00fc\u0259yy\u0259n etm\u0259liyik.<\/p>\n<p><strong>ARANTV.AZ\u00a0<\/strong>\u00a0<a href=\"https:\/\/az.trend.az\/\" target=\"_blank\" rel=\"noopener\">Trend<\/a>-\u0259 istinad\u0259n bildirir ki,\u00a0bunu Ail\u0259, Qad\u0131n v\u0259 U\u015faq Probleml\u0259ri \u00fczr\u0259 D\u00f6vl\u0259t Komit\u0259sinin s\u0259dri Bahar Muradova deyib.<\/p>\n<p>Onun s\u00f6zl\u0259rin\u0259 g\u00f6r\u0259, b\u0259zi ail\u0259l\u0259rd\u0259 q\u0131z v\u0259 o\u011flan u\u015faqlar\u0131 k\u00f6hn\u0259 ad\u0259t-\u0259n\u0259n\u0259 il\u0259 ya\u015famaq ist\u0259m\u0259dikd\u0259, d\u00fc\u015f\u00fcnc\u0259sin\u0259 g\u00f6r\u0259 daha m\u00fcasir yana\u015fma il\u0259 h\u0259r\u0259k\u0259t etm\u0259k ist\u0259dikd\u0259 g\u0259nc n\u0259sil il\u0259 ya\u015fl\u0131 n\u0259sil aras\u0131nda ziddiyy\u0259t\u0259l\u0259r yaran\u0131r.<\/p>\n<p>B.Muradova ist\u0259nil\u0259n c\u0259miyy\u0259tin ail\u0259d\u0259 qad\u0131na m\u00fcnasib\u0259ti il\u0259 se\u00e7ildiyini da xat\u0131rlad\u0131b:<\/p>\n<p>&#8220;B\u0259zi hallarda m\u0259nfi stereotipl\u0259rin milli-m\u0259n\u0259vi d\u0259y\u0259r, ad\u0259t-\u0259n\u0259n\u0259 ad\u0131 il\u0259 c\u0259miyy\u0259td\u0259 qalmas\u0131na \u00e7al\u0131\u015f\u0131l\u0131r. Da\u015fla\u015fm\u0131\u015f stereotipl\u0259rin aradan qald\u0131r\u0131lmas\u0131 \u00fc\u00e7\u00fcn h\u0259r k\u0259s h\u0259r\u0259k\u0259t etm\u0259lidir. Bu m\u0259s\u0259l\u0259d\u0259 m\u0259tbuat\u0131n rolu x\u00fcsusil\u0259 vacibdir. B\u0259z\u0259n ail\u0259d\u0259ki m\u0259s\u0259l\u0259l\u0259r bar\u0259d\u0259 dan\u0131\u015f\u0131lark\u0259n fikir \u0259sas problem\u0259 deyil, ba\u015fqa m\u0259s\u0259l\u0259l\u0259r\u0259 y\u00f6n\u0259ldilir. Buna g\u00f6r\u0259 d\u0259 bu istiqam\u0259td\u0259 ictimai m\u00fczakir\u0259l\u0259r apar\u0131lmal\u0131, layih\u0259l\u0259r realla\u015fd\u0131r\u0131lmal\u0131d\u0131r. Bu layih\u0259l\u0259r realla\u015fd\u0131r\u0131l\u0131r. Ancaq \u00e7ox t\u0259\u0259ss\u00fcf ki, biz ist\u0259diyimiz n\u0259tic\u0259ni ala bilmirik. D\u00fc\u015f\u00fcn\u00fcr\u0259m ki, zorak\u0131l\u0131q g\u00f6st\u0259r\u0259n \u015f\u0259xsl\u0259r bu layih\u0259l\u0259rin \u0259sas h\u0259d\u0259f qruplar\u0131 olmal\u0131d\u0131rlar. Atalarla, ail\u0259 ba\u015f\u00e7\u0131lar\u0131 il\u0259, ail\u0259d\u0259ki g\u0259nc o\u011flanlarla bel\u0259 layih\u0259l\u0259rin h\u0259yata ke\u00e7irilm\u0259si m\u0259qs\u0259d\u0259uy\u011fun say\u0131l\u0131r. Biz bu istiqam\u0259td\u0259 s\u0259yl\u0259rimizi g\u00f6st\u0259ririk&#8221;.<\/p>\n","protected":false},"excerpt":{"rendered":"<p>C\u0259miyy\u0259tin n\u00fcv\u0259si olan ail\u0259 el\u0259 olmal\u0131d\u0131r ki, orada qorunmal\u0131 olan q\u0131z v\u0259 qad\u0131nlar t\u0259hl\u00fck\u0259y\u0259 m\u0259ruz qalmas\u0131nlar. Biz bu istiqam\u0259td\u0259 h\u0259d\u0259f qruplar\u0131n\u0131 d\u00fczg\u00fcn m\u00fc\u0259yy\u0259n etm\u0259liyik. ARANTV.AZ\u00a0\u00a0Trend-\u0259 istinad\u0259n bildirir ki,\u00a0bunu Ail\u0259, Qad\u0131n v\u0259 U\u015faq Probleml\u0259ri \u00fczr\u0259 D\u00f6vl\u0259t Komit\u0259sinin s\u0259dri Bahar Muradova deyib. Onun s\u00f6zl\u0259rin\u0259 g\u00f6r\u0259, b\u0259zi ail\u0259l\u0259rd\u0259 q\u0131z v\u0259 o\u011flan u\u015faqlar\u0131 k\u00f6hn\u0259 ad\u0259t-\u0259n\u0259n\u0259 il\u0259 ya\u015famaq ist\u0259m\u0259dikd\u0259, d\u00fc\u015f\u00fcnc\u0259sin\u0259 g\u00f6r\u0259 daha m\u00fcasir yana\u015fma il\u0259 h\u0259r\u0259k\u0259t etm\u0259k ist\u0259dikd\u0259 g\u0259nc n\u0259sil il\u0259 ya\u015fl\u0131 n\u0259sil aras\u0131nda ziddiyy\u0259t\u0259l\u0259r yaran\u0131r. B.Muradova ist\u0259nil\u0259n c\u0259miyy\u0259tin ail\u0259d\u0259 qad\u0131na m\u00fcnasib\u0259ti il\u0259 se\u00e7ildiyini da xat\u0131rlad\u0131b: &#8220;B\u0259zi hallarda m\u0259nfi stereotipl\u0259rin milli-m\u0259n\u0259vi d\u0259y\u0259r, ad\u0259t-\u0259n\u0259n\u0259 ad\u0131 il\u0259&hellip;<\/p>\n","protected":false},"author":2,"featured_media":302425,"comment_status":"closed","ping_status":"closed","sticky":false,"template":"","format":"standard","meta":{"om_disable_all_campaigns":false,"_monsterinsights_skip_tracking":false,"_monsterinsights_sitenote_active":false,"_monsterinsights_sitenote_note":"","_monsterinsights_sitenote_category":0},"categories":[26],"tags":[],"aioseo_notices":[],"gutentor_comment":0,"rttpg_featured_image_url":{"full":["https:\/\/arantv.az\/wp-content\/uploads\/2021\/02\/925979.jpg",800,600,false],"landscape":["https:\/\/arantv.az\/wp-content\/uploads\/2021\/02\/925979.jpg",800,600,false],"portraits":["https:\/\/arantv.az\/wp-content\/uploads\/2021\/02\/925979.jpg",800,600,false],"thumbnail":["https:\/\/arantv.az\/wp-content\/uploads\/2021\/02\/925979-150x150.jpg",150,150,true],"medium":["https:\/\/arantv.az\/wp-content\/uploads\/2021\/02\/925979-300x225.jpg",300,225,true],"large":["https:\/\/arantv.az\/wp-content\/uploads\/2021\/02\/925979.jpg",640,480,false],"1536x1536":["https:\/\/arantv.az\/wp-content\/uploads\/2021\/02\/925979.jpg",800,600,false],"2048x2048":["https:\/\/arantv.az\/wp-content\/uploads\/2021\/02\/925979.jpg",800,600,false],"post-thumbnail":["https:\/\/arantv.az\/wp-content\/uploads\/2021\/02\/925979-240x172.jpg",240,172,true],"advps-thumb-one":["https:\/\/arantv.az\/wp-content\/uploads\/2021\/02\/925979.jpg",800,600,false]},"rttpg_author":{"display_name":"V\u00fcsal Rafiqo\u011flu","author_link":"https:\/\/arantv.az\/?author=2"},"rttpg_comment":0,"rttpg_category":"<a href=\"https:\/\/arantv.az\/?cat=26\" rel=\"category\">Sosial<\/a>","rttpg_excerpt":"C\u0259miyy\u0259tin n\u00fcv\u0259si olan ail\u0259 el\u0259 olmal\u0131d\u0131r ki, orada qorunmal\u0131 olan q\u0131z v\u0259 qad\u0131nlar t\u0259hl\u00fck\u0259y\u0259 m\u0259ruz qalmas\u0131nlar. Biz bu istiqam\u0259td\u0259 h\u0259d\u0259f qruplar\u0131n\u0131 d\u00fczg\u00fcn m\u00fc\u0259yy\u0259n etm\u0259liyik. ARANTV.AZ\u00a0\u00a0Trend-\u0259 istinad\u0259n bildirir ki,\u00a0bunu Ail\u0259, Qad\u0131n v\u0259 U\u015faq Probleml\u0259ri \u00fczr\u0259 D\u00f6vl\u0259t Komit\u0259sinin s\u0259dri Bahar Muradova deyib. Onun s\u00f6zl\u0259rin\u0259 g\u00f6r\u0259, b\u0259zi ail\u0259l\u0259rd\u0259 q\u0131z v\u0259 o\u011flan u\u015faqlar\u0131 k\u00f6hn\u0259 ad\u0259t-\u0259n\u0259n\u0259 il\u0259 ya\u015famaq ist\u0259m\u0259dikd\u0259, d\u00fc\u015f\u00fcnc\u0259sin\u0259&hellip;","_links":{"self":[{"href":"https:\/\/arantv.az\/index.php?rest_route=\/wp\/v2\/posts\/302424"}],"collection":[{"href":"https:\/\/arantv.az\/index.php?rest_route=\/wp\/v2\/posts"}],"about":[{"href":"https:\/\/arantv.az\/index.php?rest_route=\/wp\/v2\/types\/post"}],"author":[{"embeddable":true,"href":"https:\/\/arantv.az\/index.php?rest_route=\/wp\/v2\/users\/2"}],"replies":[{"embeddable":true,"href":"https:\/\/arantv.az\/index.php?rest_route=%2Fwp%2Fv2%2Fcomments&post=302424"}],"version-history":[{"count":0,"href":"https:\/\/arantv.az\/index.php?rest_route=\/wp\/v2\/posts\/302424\/revisions"}],"wp:featuredmedia":[{"embeddable":true,"href":"https:\/\/arantv.az\/index.php?rest_route=\/wp\/v2\/media\/302425"}],"wp:attachment":[{"href":"https:\/\/arantv.az\/index.php?rest_route=%2Fwp%2Fv2%2Fmedia&parent=302424"}],"wp:term":[{"taxonomy":"category","embeddable":true,"href":"https:\/\/arantv.az\/index.php?rest_route=%2Fwp%2Fv2%2Fcategories&post=302424"},{"taxonomy":"post_tag","embeddable":true,"href":"https:\/\/arantv.az\/index.php?rest_route=%2Fwp%2Fv2%2Ftags&post=302424"}],"curies":[{"name":"wp","href":"https:\/\/api.w.org\/{rel}","templated":true}]}}