{"id":30273,"date":"2019-01-02T09:27:39","date_gmt":"2019-01-02T06:27:39","guid":{"rendered":"http:\/\/arantv.az\/?p=30273"},"modified":"2019-01-02T09:27:39","modified_gmt":"2019-01-02T06:27:39","slug":"papa-az%c9%99rbaycana-g%c9%99l%c9%99c%c9%99k","status":"publish","type":"post","link":"https:\/\/arantv.az\/?p=30273","title":{"rendered":"Papa Az\u0259rbaycana g\u0259l\u0259c\u0259k"},"content":{"rendered":"<p>Roma papas\u0131\u00a0<strong>Fransisk\u00a0<\/strong>b\u0259zi m\u00fcs\u0259lman \u00f6lk\u0259l\u0259rin\u0259 s\u0259f\u0259r ed\u0259c\u0259k.<\/p>\n<p><b>ARANTV.AZ <\/b>oxu.az-a istinad\u0259n x\u0259b\u0259r verir ki, bununla ba\u011fl\u0131 Vatikan\u0131n m\u0259tbuat xidm\u0259ti m\u0259lumat yay\u0131b.<\/p>\n<p>Bildirilib ki, papa Fransisk fevral\u0131n 3-d\u0259\u00a0 ilk s\u0259f\u0259rini Birl\u0259\u015fmi\u015f \u018fr\u0259b \u018fmirlikl\u0259rin\u0259 ed\u0259c\u0259k.<\/p>\n<div id=\"AdributorNativeVideo0\" class=\"AdributorNativeVideo\"><\/div>\n<p>Bundan sonra o, \u018fr\u0259bistan yar\u0131madas\u0131na, T\u00fcrkiy\u0259, Az\u0259rbaycan v\u0259 Misir\u0259 d\u0259 ged\u0259c\u0259k.<\/p>\n<p>S\u0259f\u0259rin d\u0259qiq tarixi a\u00e7\u0131qlanm\u0131r.<\/p>\n","protected":false},"excerpt":{"rendered":"<p>Roma papas\u0131\u00a0Fransisk\u00a0b\u0259zi m\u00fcs\u0259lman \u00f6lk\u0259l\u0259rin\u0259 s\u0259f\u0259r ed\u0259c\u0259k. ARANTV.AZ oxu.az-a istinad\u0259n x\u0259b\u0259r verir ki, bununla ba\u011fl\u0131 Vatikan\u0131n m\u0259tbuat xidm\u0259ti m\u0259lumat yay\u0131b. Bildirilib ki, papa Fransisk fevral\u0131n 3-d\u0259\u00a0 ilk s\u0259f\u0259rini Birl\u0259\u015fmi\u015f \u018fr\u0259b \u018fmirlikl\u0259rin\u0259 ed\u0259c\u0259k. Bundan sonra o, \u018fr\u0259bistan yar\u0131madas\u0131na, T\u00fcrkiy\u0259, Az\u0259rbaycan v\u0259 Misir\u0259 d\u0259 ged\u0259c\u0259k. S\u0259f\u0259rin d\u0259qiq tarixi a\u00e7\u0131qlanm\u0131r.<\/p>\n","protected":false},"author":2,"featured_media":30274,"comment_status":"closed","ping_status":"closed","sticky":false,"template":"","format":"standard","meta":{"om_disable_all_campaigns":false,"_monsterinsights_skip_tracking":false,"_monsterinsights_sitenote_active":false,"_monsterinsights_sitenote_note":"","_monsterinsights_sitenote_category":0},"categories":[4],"tags":[],"aioseo_notices":[],"gutentor_comment":0,"rttpg_featured_image_url":{"full":["https:\/\/arantv.az\/wp-content\/uploads\/2019\/01\/papa.jpg",600,337,false],"landscape":["https:\/\/arantv.az\/wp-content\/uploads\/2019\/01\/papa.jpg",600,337,false],"portraits":["https:\/\/arantv.az\/wp-content\/uploads\/2019\/01\/papa.jpg",600,337,false],"thumbnail":["https:\/\/arantv.az\/wp-content\/uploads\/2019\/01\/papa-150x150.jpg",150,150,true],"medium":["https:\/\/arantv.az\/wp-content\/uploads\/2019\/01\/papa-300x169.jpg",300,169,true],"large":["https:\/\/arantv.az\/wp-content\/uploads\/2019\/01\/papa.jpg",600,337,false],"1536x1536":["https:\/\/arantv.az\/wp-content\/uploads\/2019\/01\/papa.jpg",600,337,false],"2048x2048":["https:\/\/arantv.az\/wp-content\/uploads\/2019\/01\/papa.jpg",600,337,false],"post-thumbnail":["https:\/\/arantv.az\/wp-content\/uploads\/2019\/01\/papa-240x172.jpg",240,172,true],"advps-thumb-one":["https:\/\/arantv.az\/wp-content\/uploads\/2019\/01\/papa.jpg",600,337,false]},"rttpg_author":{"display_name":"V\u00fcsal Rafiqo\u011flu","author_link":"https:\/\/arantv.az\/?author=2"},"rttpg_comment":0,"rttpg_category":"<a href=\"https:\/\/arantv.az\/?cat=4\" rel=\"category\">Siyas\u0259t<\/a>","rttpg_excerpt":"Roma papas\u0131\u00a0Fransisk\u00a0b\u0259zi m\u00fcs\u0259lman \u00f6lk\u0259l\u0259rin\u0259 s\u0259f\u0259r ed\u0259c\u0259k. ARANTV.AZ oxu.az-a istinad\u0259n x\u0259b\u0259r verir ki, bununla ba\u011fl\u0131 Vatikan\u0131n m\u0259tbuat xidm\u0259ti m\u0259lumat yay\u0131b. Bildirilib ki, papa Fransisk fevral\u0131n 3-d\u0259\u00a0 ilk s\u0259f\u0259rini Birl\u0259\u015fmi\u015f \u018fr\u0259b \u018fmirlikl\u0259rin\u0259 ed\u0259c\u0259k. Bundan sonra o, \u018fr\u0259bistan yar\u0131madas\u0131na, T\u00fcrkiy\u0259, Az\u0259rbaycan v\u0259 Misir\u0259 d\u0259 ged\u0259c\u0259k. S\u0259f\u0259rin d\u0259qiq tarixi a\u00e7\u0131qlanm\u0131r.","_links":{"self":[{"href":"https:\/\/arantv.az\/index.php?rest_route=\/wp\/v2\/posts\/30273"}],"collection":[{"href":"https:\/\/arantv.az\/index.php?rest_route=\/wp\/v2\/posts"}],"about":[{"href":"https:\/\/arantv.az\/index.php?rest_route=\/wp\/v2\/types\/post"}],"author":[{"embeddable":true,"href":"https:\/\/arantv.az\/index.php?rest_route=\/wp\/v2\/users\/2"}],"replies":[{"embeddable":true,"href":"https:\/\/arantv.az\/index.php?rest_route=%2Fwp%2Fv2%2Fcomments&post=30273"}],"version-history":[{"count":0,"href":"https:\/\/arantv.az\/index.php?rest_route=\/wp\/v2\/posts\/30273\/revisions"}],"wp:featuredmedia":[{"embeddable":true,"href":"https:\/\/arantv.az\/index.php?rest_route=\/wp\/v2\/media\/30274"}],"wp:attachment":[{"href":"https:\/\/arantv.az\/index.php?rest_route=%2Fwp%2Fv2%2Fmedia&parent=30273"}],"wp:term":[{"taxonomy":"category","embeddable":true,"href":"https:\/\/arantv.az\/index.php?rest_route=%2Fwp%2Fv2%2Fcategories&post=30273"},{"taxonomy":"post_tag","embeddable":true,"href":"https:\/\/arantv.az\/index.php?rest_route=%2Fwp%2Fv2%2Ftags&post=30273"}],"curies":[{"name":"wp","href":"https:\/\/api.w.org\/{rel}","templated":true}]}}