{"id":303866,"date":"2021-03-01T10:19:03","date_gmt":"2021-03-01T07:19:03","guid":{"rendered":"http:\/\/arantv.az\/?p=303866"},"modified":"2021-03-01T10:19:03","modified_gmt":"2021-03-01T07:19:03","slug":"gund%c9%99lik-50-100-arasi-s%c9%99xs-peyv%c9%99ndl%c9%99m%c9%99d%c9%99n-kecir-bas-h%c9%99kimin-muavini","status":"publish","type":"post","link":"https:\/\/arantv.az\/?p=303866","title":{"rendered":"&#8220;G\u00fcnd\u0259lik 50-100 aras\u0131 \u015f\u0259xs peyv\u0259ndl\u0259m\u0259d\u0259n ke\u00e7ir&#8221; &#8211; Ba\u015f h\u0259kimin m\u00fcavini"},"content":{"rendered":"<blockquote><p><em><strong>Vaksinasiya prosesi y\u00fcks\u0259k s\u0259viyy\u0259d\u0259 davam edir, g\u00fcnd\u0259lik 50-100 aras\u0131 \u015f\u0259xs peyv\u0259ndl\u0259m\u0259d\u0259n ke\u00e7ir.<\/strong><\/em><\/p><\/blockquote>\n<p><strong>ARANTV.AZ<\/strong>\u00a0 x\u0259b\u0259r verir ki, bu bar\u0259d\u0259\u00a0<a href=\"https:\/\/az.trend.az\/\" target=\"_blank\" rel=\"noopener\">Trend<\/a>-\u0259\u00a0S\u0259bail rayonu 2 n\u00f6mr\u0259li \u015e\u0259h\u0259r Poliklinikas\u0131n\u0131n ba\u015f h\u0259kiminin m\u00fcavini \u015eahin Quliyev deyib.<\/p>\n<p>O qeyd edib ki, poliklinikada h\u0259kiml\u0259rin ikinci doza vaksinasiyas\u0131 da yekunla\u015f\u0131b:<\/p>\n<p>&#8220;Yanvar ay\u0131n\u0131n 18-d\u0259n \u00f6lk\u0259d\u0259 vaksinasiyaya start verilib. \u0130lkin m\u0259rh\u0259l\u0259d\u0259 tibb i\u015f\u00e7il\u0259ri, n\u00f6vb\u0259ti m\u0259rh\u0259l\u0259l\u0259rd\u0259 is\u0259 \u0259halinin risk qrupuna daxil olan ya\u015fl\u0131 t\u0259b\u0259q\u0259si v\u0259 ya\u015f\u0131 50-d\u0259n yuxar\u0131 olan insanlar\u0131n peyv\u0259ndl\u0259m\u0259si h\u0259yata ke\u00e7irilib. Bu g\u00fcn\u0259 kimi poliklinikam\u0131zda t\u0259xmin\u0259n 1050 n\u0259f\u0259r vaksinasiya olunub&#8221;.<\/p>\n<div>\n<div id=\"AdviadNativeVideo0\" class=\"AdviadNativeVideo\">\n<div class=\"adviad-inboard\">\n<div>\n<div class=\"adviad-ui-components-label\">\u015e.Quliyev bildirib ki, vaksinasiya olunan \u015f\u0259xsl\u0259r aras\u0131nda he\u00e7 bir m\u0259nfi t\u0259sir qeyd\u0259 al\u0131nmay\u0131b.<\/div>\n<\/div>\n<\/div>\n<\/div>\n<\/div>\n","protected":false},"excerpt":{"rendered":"<p>Vaksinasiya prosesi y\u00fcks\u0259k s\u0259viyy\u0259d\u0259 davam edir, g\u00fcnd\u0259lik 50-100 aras\u0131 \u015f\u0259xs peyv\u0259ndl\u0259m\u0259d\u0259n ke\u00e7ir. ARANTV.AZ\u00a0 x\u0259b\u0259r verir ki, bu bar\u0259d\u0259\u00a0Trend-\u0259\u00a0S\u0259bail rayonu 2 n\u00f6mr\u0259li \u015e\u0259h\u0259r Poliklinikas\u0131n\u0131n ba\u015f h\u0259kiminin m\u00fcavini \u015eahin Quliyev deyib. O qeyd edib ki, poliklinikada h\u0259kiml\u0259rin ikinci doza vaksinasiyas\u0131 da yekunla\u015f\u0131b: &#8220;Yanvar ay\u0131n\u0131n 18-d\u0259n \u00f6lk\u0259d\u0259 vaksinasiyaya start verilib. \u0130lkin m\u0259rh\u0259l\u0259d\u0259 tibb i\u015f\u00e7il\u0259ri, n\u00f6vb\u0259ti m\u0259rh\u0259l\u0259l\u0259rd\u0259 is\u0259 \u0259halinin risk qrupuna daxil olan ya\u015fl\u0131 t\u0259b\u0259q\u0259si v\u0259 ya\u015f\u0131 50-d\u0259n yuxar\u0131 olan insanlar\u0131n peyv\u0259ndl\u0259m\u0259si h\u0259yata ke\u00e7irilib. Bu g\u00fcn\u0259 kimi poliklinikam\u0131zda t\u0259xmin\u0259n 1050 n\u0259f\u0259r vaksinasiya olunub&#8221;. \u015e.Quliyev bildirib ki, vaksinasiya olunan \u015f\u0259xsl\u0259r aras\u0131nda he\u00e7 bir m\u0259nfi t\u0259sir&hellip;<\/p>\n","protected":false},"author":2,"featured_media":303867,"comment_status":"closed","ping_status":"closed","sticky":false,"template":"","format":"standard","meta":{"om_disable_all_campaigns":false,"_monsterinsights_skip_tracking":false,"_monsterinsights_sitenote_active":false,"_monsterinsights_sitenote_note":"","_monsterinsights_sitenote_category":0},"categories":[26],"tags":[],"aioseo_notices":[],"gutentor_comment":0,"rttpg_featured_image_url":{"full":["https:\/\/arantv.az\/wp-content\/uploads\/2021\/03\/926751.jpg",800,600,false],"landscape":["https:\/\/arantv.az\/wp-content\/uploads\/2021\/03\/926751.jpg",800,600,false],"portraits":["https:\/\/arantv.az\/wp-content\/uploads\/2021\/03\/926751.jpg",800,600,false],"thumbnail":["https:\/\/arantv.az\/wp-content\/uploads\/2021\/03\/926751-150x150.jpg",150,150,true],"medium":["https:\/\/arantv.az\/wp-content\/uploads\/2021\/03\/926751-300x225.jpg",300,225,true],"large":["https:\/\/arantv.az\/wp-content\/uploads\/2021\/03\/926751.jpg",640,480,false],"1536x1536":["https:\/\/arantv.az\/wp-content\/uploads\/2021\/03\/926751.jpg",800,600,false],"2048x2048":["https:\/\/arantv.az\/wp-content\/uploads\/2021\/03\/926751.jpg",800,600,false],"post-thumbnail":["https:\/\/arantv.az\/wp-content\/uploads\/2021\/03\/926751-240x172.jpg",240,172,true],"advps-thumb-one":["https:\/\/arantv.az\/wp-content\/uploads\/2021\/03\/926751.jpg",800,600,false]},"rttpg_author":{"display_name":"V\u00fcsal Rafiqo\u011flu","author_link":"https:\/\/arantv.az\/?author=2"},"rttpg_comment":0,"rttpg_category":"<a href=\"https:\/\/arantv.az\/?cat=26\" rel=\"category\">Sosial<\/a>","rttpg_excerpt":"Vaksinasiya prosesi y\u00fcks\u0259k s\u0259viyy\u0259d\u0259 davam edir, g\u00fcnd\u0259lik 50-100 aras\u0131 \u015f\u0259xs peyv\u0259ndl\u0259m\u0259d\u0259n ke\u00e7ir. ARANTV.AZ\u00a0 x\u0259b\u0259r verir ki, bu bar\u0259d\u0259\u00a0Trend-\u0259\u00a0S\u0259bail rayonu 2 n\u00f6mr\u0259li \u015e\u0259h\u0259r Poliklinikas\u0131n\u0131n ba\u015f h\u0259kiminin m\u00fcavini \u015eahin Quliyev deyib. O qeyd edib ki, poliklinikada h\u0259kiml\u0259rin ikinci doza vaksinasiyas\u0131 da yekunla\u015f\u0131b: &#8220;Yanvar ay\u0131n\u0131n 18-d\u0259n \u00f6lk\u0259d\u0259 vaksinasiyaya start verilib. \u0130lkin m\u0259rh\u0259l\u0259d\u0259 tibb i\u015f\u00e7il\u0259ri, n\u00f6vb\u0259ti m\u0259rh\u0259l\u0259l\u0259rd\u0259 is\u0259 \u0259halinin&hellip;","_links":{"self":[{"href":"https:\/\/arantv.az\/index.php?rest_route=\/wp\/v2\/posts\/303866"}],"collection":[{"href":"https:\/\/arantv.az\/index.php?rest_route=\/wp\/v2\/posts"}],"about":[{"href":"https:\/\/arantv.az\/index.php?rest_route=\/wp\/v2\/types\/post"}],"author":[{"embeddable":true,"href":"https:\/\/arantv.az\/index.php?rest_route=\/wp\/v2\/users\/2"}],"replies":[{"embeddable":true,"href":"https:\/\/arantv.az\/index.php?rest_route=%2Fwp%2Fv2%2Fcomments&post=303866"}],"version-history":[{"count":0,"href":"https:\/\/arantv.az\/index.php?rest_route=\/wp\/v2\/posts\/303866\/revisions"}],"wp:featuredmedia":[{"embeddable":true,"href":"https:\/\/arantv.az\/index.php?rest_route=\/wp\/v2\/media\/303867"}],"wp:attachment":[{"href":"https:\/\/arantv.az\/index.php?rest_route=%2Fwp%2Fv2%2Fmedia&parent=303866"}],"wp:term":[{"taxonomy":"category","embeddable":true,"href":"https:\/\/arantv.az\/index.php?rest_route=%2Fwp%2Fv2%2Fcategories&post=303866"},{"taxonomy":"post_tag","embeddable":true,"href":"https:\/\/arantv.az\/index.php?rest_route=%2Fwp%2Fv2%2Ftags&post=303866"}],"curies":[{"name":"wp","href":"https:\/\/api.w.org\/{rel}","templated":true}]}}