{"id":303898,"date":"2021-03-01T10:41:40","date_gmt":"2021-03-01T07:41:40","guid":{"rendered":"http:\/\/arantv.az\/?p=303898"},"modified":"2021-03-01T10:41:40","modified_gmt":"2021-03-01T07:41:40","slug":"l%c9%99nk%c9%99ran-regional-m%c9%99d%c9%99niyy%c9%99t-idar%c9%99sinin-r%c9%99isinin-v%c9%99zif%c9%99sind%c9%99n-azad-olunmasi-il%c9%99-bagli-aciqlama-foto","status":"publish","type":"post","link":"https:\/\/arantv.az\/?p=303898","title":{"rendered":"L\u0259nk\u0259ran Regional M\u0259d\u0259niyy\u0259t \u0130dar\u0259sinin r\u0259isinin v\u0259zif\u0259sind\u0259n azad olunmas\u0131 il\u0259 ba\u011fl\u0131 &#8211; A\u00c7IQLAMA + FOTO"},"content":{"rendered":"<div>L\u0259nk\u0259ran Regional M\u0259d\u0259niyy\u0259t \u0130dar\u0259sinin\u00a0r\u0259isi\u00a0V\u00fcsal N\u0259sirli v\u0259zif\u0259sind\u0259n k\u0259narla\u015fd\u0131r\u0131lmay\u0131b. \u0130dar\u0259d\u0259n veril\u0259n m\u0259lumata g\u00f6r\u0259 d\u00fcn\u0259n media orqanlar\u0131nda bununla ba\u011fl\u0131 yay\u0131lan m\u0259lumatlar h\u0259qiq\u0259ti \u0259ks etdirmir.<\/div>\n<div><\/div>\n<div>M\u0259lumat \u00fc\u00e7\u00fcn bildiririk ki, L\u0259nk\u0259ran Regional M\u0259d\u0259niyy\u0259t \u0130dar\u0259sinin r\u0259isi v\u0259zif\u0259sind\u0259n k\u0259narla\u015fd\u0131r\u0131lmay\u0131b v\u0259 haz\u0131rda \u00f6z i\u015fini davam etdirir.<\/div>\n<p><strong>13:59<\/strong><\/p>\n<p>L\u0259nk\u0259ran Regional M\u0259d\u0259niyy\u0259t \u0130dar\u0259sinin r\u0259hb\u0259ri v\u0259zif\u0259sind\u0259n k\u0259narla\u015fd\u0131r\u0131l\u0131b.<\/p>\n<div id=\"AdviadNativeVideo0\" class=\"AdviadNativeVideo\"><\/div>\n<p>\u201cReport\u201dun C\u0259nub b\u00fcrosunun m\u0259lumat\u0131na g\u00f6r\u0259, idar\u0259nin r\u0259isi V\u00fcsal N\u0259sirli tutdu\u011fu v\u0259zif\u0259d\u0259n azad edilib.<\/p>\n<p>V.N\u0259sirli \u0259vv\u0259ll\u0259r L\u0259nk\u0259ran \u015e\u0259h\u0259r G\u0259ncl\u0259r v\u0259 \u0130dman \u0130dar\u0259sinin r\u0259is m\u00fcavini, \u015f\u0259h\u0259r icra hakimiyy\u0259ti ba\u015f\u00e7\u0131s\u0131n\u0131n m\u00fcavini &#8211; \u0130ctimai-siyasi v\u0259 humanitar m\u0259s\u0259l\u0259l\u0259r \u015f\u00f6b\u0259sinin m\u00fcdiri, son ill\u0259r L\u0259nk\u0259ran Regional M\u0259d\u0259niyy\u0259t \u0130dar\u0259sinin r\u0259isi v\u0259zif\u0259l\u0259rind\u0259 \u00e7al\u0131\u015f\u0131b.<\/p>\n<div class=\"gallery\">\n<div class=\"gallery-i\"><img src=\"https:\/\/cdn.oxu.az\/uploads\/W1siZiIsIjIwMjEvMDIvMjgvMTMvNTEvNTkvNjMyNWVjZGYtZjc2OC00NDU1LWEyOGEtZjczNzU5YjVjMjdmL2U1Y2MyNjAzLTI4MGYtMzI2YS1hYzRhLTU0ZWUxZTVlNTYxNC5qcGciXSxbInAiLCJlbmNvZGUiLCJqcGciLCItcXVhbGl0eSA4MCJdLFsicCIsInRodW1iIiwiNTkweDU5MFx1MDAzZSJdXQ?sha=c5084a87c36e9c7c\" \/><\/div>\n<\/div>\n","protected":false},"excerpt":{"rendered":"<p>L\u0259nk\u0259ran Regional M\u0259d\u0259niyy\u0259t \u0130dar\u0259sinin\u00a0r\u0259isi\u00a0V\u00fcsal N\u0259sirli v\u0259zif\u0259sind\u0259n k\u0259narla\u015fd\u0131r\u0131lmay\u0131b. \u0130dar\u0259d\u0259n veril\u0259n m\u0259lumata g\u00f6r\u0259 d\u00fcn\u0259n media orqanlar\u0131nda bununla ba\u011fl\u0131 yay\u0131lan m\u0259lumatlar h\u0259qiq\u0259ti \u0259ks etdirmir. M\u0259lumat \u00fc\u00e7\u00fcn bildiririk ki, L\u0259nk\u0259ran Regional M\u0259d\u0259niyy\u0259t \u0130dar\u0259sinin r\u0259isi v\u0259zif\u0259sind\u0259n k\u0259narla\u015fd\u0131r\u0131lmay\u0131b v\u0259 haz\u0131rda \u00f6z i\u015fini davam etdirir. 13:59 L\u0259nk\u0259ran Regional M\u0259d\u0259niyy\u0259t \u0130dar\u0259sinin r\u0259hb\u0259ri v\u0259zif\u0259sind\u0259n k\u0259narla\u015fd\u0131r\u0131l\u0131b. \u201cReport\u201dun C\u0259nub b\u00fcrosunun m\u0259lumat\u0131na g\u00f6r\u0259, idar\u0259nin r\u0259isi V\u00fcsal N\u0259sirli tutdu\u011fu v\u0259zif\u0259d\u0259n azad edilib. V.N\u0259sirli \u0259vv\u0259ll\u0259r L\u0259nk\u0259ran \u015e\u0259h\u0259r G\u0259ncl\u0259r v\u0259 \u0130dman \u0130dar\u0259sinin r\u0259is m\u00fcavini, \u015f\u0259h\u0259r icra hakimiyy\u0259ti ba\u015f\u00e7\u0131s\u0131n\u0131n m\u00fcavini &#8211; \u0130ctimai-siyasi v\u0259 humanitar m\u0259s\u0259l\u0259l\u0259r \u015f\u00f6b\u0259sinin m\u00fcdiri, son ill\u0259r L\u0259nk\u0259ran Regional M\u0259d\u0259niyy\u0259t \u0130dar\u0259sinin r\u0259isi v\u0259zif\u0259l\u0259rind\u0259 \u00e7al\u0131\u015f\u0131b.<\/p>\n","protected":false},"author":2,"featured_media":303899,"comment_status":"closed","ping_status":"closed","sticky":false,"template":"","format":"standard","meta":{"om_disable_all_campaigns":false,"_monsterinsights_skip_tracking":false,"_monsterinsights_sitenote_active":false,"_monsterinsights_sitenote_note":"","_monsterinsights_sitenote_category":0},"categories":[26],"tags":[],"aioseo_notices":[],"gutentor_comment":0,"rttpg_featured_image_url":{"full":["https:\/\/arantv.az\/wp-content\/uploads\/2021\/03\/1560322101_0_210_2001_1335_1600x0_80_0_0_53dea283ad9058d8c3d819bcd458b5ff.jpg",620,349,false],"landscape":["https:\/\/arantv.az\/wp-content\/uploads\/2021\/03\/1560322101_0_210_2001_1335_1600x0_80_0_0_53dea283ad9058d8c3d819bcd458b5ff.jpg",620,349,false],"portraits":["https:\/\/arantv.az\/wp-content\/uploads\/2021\/03\/1560322101_0_210_2001_1335_1600x0_80_0_0_53dea283ad9058d8c3d819bcd458b5ff.jpg",620,349,false],"thumbnail":["https:\/\/arantv.az\/wp-content\/uploads\/2021\/03\/1560322101_0_210_2001_1335_1600x0_80_0_0_53dea283ad9058d8c3d819bcd458b5ff-150x150.jpg",150,150,true],"medium":["https:\/\/arantv.az\/wp-content\/uploads\/2021\/03\/1560322101_0_210_2001_1335_1600x0_80_0_0_53dea283ad9058d8c3d819bcd458b5ff-300x169.jpg",300,169,true],"large":["https:\/\/arantv.az\/wp-content\/uploads\/2021\/03\/1560322101_0_210_2001_1335_1600x0_80_0_0_53dea283ad9058d8c3d819bcd458b5ff.jpg",620,349,false],"1536x1536":["https:\/\/arantv.az\/wp-content\/uploads\/2021\/03\/1560322101_0_210_2001_1335_1600x0_80_0_0_53dea283ad9058d8c3d819bcd458b5ff.jpg",620,349,false],"2048x2048":["https:\/\/arantv.az\/wp-content\/uploads\/2021\/03\/1560322101_0_210_2001_1335_1600x0_80_0_0_53dea283ad9058d8c3d819bcd458b5ff.jpg",620,349,false],"post-thumbnail":["https:\/\/arantv.az\/wp-content\/uploads\/2021\/03\/1560322101_0_210_2001_1335_1600x0_80_0_0_53dea283ad9058d8c3d819bcd458b5ff-240x172.jpg",240,172,true],"advps-thumb-one":["https:\/\/arantv.az\/wp-content\/uploads\/2021\/03\/1560322101_0_210_2001_1335_1600x0_80_0_0_53dea283ad9058d8c3d819bcd458b5ff.jpg",620,349,false]},"rttpg_author":{"display_name":"V\u00fcsal Rafiqo\u011flu","author_link":"https:\/\/arantv.az\/?author=2"},"rttpg_comment":0,"rttpg_category":"<a href=\"https:\/\/arantv.az\/?cat=26\" rel=\"category\">Sosial<\/a>","rttpg_excerpt":"L\u0259nk\u0259ran Regional M\u0259d\u0259niyy\u0259t \u0130dar\u0259sinin\u00a0r\u0259isi\u00a0V\u00fcsal N\u0259sirli v\u0259zif\u0259sind\u0259n k\u0259narla\u015fd\u0131r\u0131lmay\u0131b. \u0130dar\u0259d\u0259n veril\u0259n m\u0259lumata g\u00f6r\u0259 d\u00fcn\u0259n media orqanlar\u0131nda bununla ba\u011fl\u0131 yay\u0131lan m\u0259lumatlar h\u0259qiq\u0259ti \u0259ks etdirmir. M\u0259lumat \u00fc\u00e7\u00fcn bildiririk ki, L\u0259nk\u0259ran Regional M\u0259d\u0259niyy\u0259t \u0130dar\u0259sinin r\u0259isi v\u0259zif\u0259sind\u0259n k\u0259narla\u015fd\u0131r\u0131lmay\u0131b v\u0259 haz\u0131rda \u00f6z i\u015fini davam etdirir. 13:59 L\u0259nk\u0259ran Regional M\u0259d\u0259niyy\u0259t \u0130dar\u0259sinin r\u0259hb\u0259ri v\u0259zif\u0259sind\u0259n k\u0259narla\u015fd\u0131r\u0131l\u0131b. \u201cReport\u201dun C\u0259nub b\u00fcrosunun m\u0259lumat\u0131na g\u00f6r\u0259, idar\u0259nin r\u0259isi V\u00fcsal N\u0259sirli&hellip;","_links":{"self":[{"href":"https:\/\/arantv.az\/index.php?rest_route=\/wp\/v2\/posts\/303898"}],"collection":[{"href":"https:\/\/arantv.az\/index.php?rest_route=\/wp\/v2\/posts"}],"about":[{"href":"https:\/\/arantv.az\/index.php?rest_route=\/wp\/v2\/types\/post"}],"author":[{"embeddable":true,"href":"https:\/\/arantv.az\/index.php?rest_route=\/wp\/v2\/users\/2"}],"replies":[{"embeddable":true,"href":"https:\/\/arantv.az\/index.php?rest_route=%2Fwp%2Fv2%2Fcomments&post=303898"}],"version-history":[{"count":0,"href":"https:\/\/arantv.az\/index.php?rest_route=\/wp\/v2\/posts\/303898\/revisions"}],"wp:featuredmedia":[{"embeddable":true,"href":"https:\/\/arantv.az\/index.php?rest_route=\/wp\/v2\/media\/303899"}],"wp:attachment":[{"href":"https:\/\/arantv.az\/index.php?rest_route=%2Fwp%2Fv2%2Fmedia&parent=303898"}],"wp:term":[{"taxonomy":"category","embeddable":true,"href":"https:\/\/arantv.az\/index.php?rest_route=%2Fwp%2Fv2%2Fcategories&post=303898"},{"taxonomy":"post_tag","embeddable":true,"href":"https:\/\/arantv.az\/index.php?rest_route=%2Fwp%2Fv2%2Ftags&post=303898"}],"curies":[{"name":"wp","href":"https:\/\/api.w.org\/{rel}","templated":true}]}}