{"id":303918,"date":"2021-03-01T10:45:29","date_gmt":"2021-03-01T07:45:29","guid":{"rendered":"http:\/\/arantv.az\/?p=303918"},"modified":"2021-03-01T10:45:29","modified_gmt":"2021-03-01T07:45:29","slug":"az%c9%99rbaycan-diplomatiyasinin-novb%c9%99ti-q%c9%99l%c9%99b%c9%99si","status":"publish","type":"post","link":"https:\/\/arantv.az\/?p=303918","title":{"rendered":"Az\u0259rbaycan diplomatiyas\u0131n\u0131n n\u00f6vb\u0259ti q\u0259l\u0259b\u0259si"},"content":{"rendered":"<p>&#8220;D\u00f6rd saat \u0259rzind\u0259, d\u00f6rd\u00a0 dild\u0259,\u00a0 t\u0259xmin\u0259n 50 sual\u0131 he\u00e7 bir \u015f\u00fcbh\u0259 v\u0259 t\u0259r\u0259dd\u00fcd \u00fc\u00e7\u00fcn yer qoymadan cavabland\u0131ran Az\u0259rbaycan Prezidenti \u0130lham \u018fliyev d\u00fcnyan\u0131n apar\u0131c\u0131 informasiya vasit\u0259l\u0259rinin n\u00fcmay\u0259nd\u0259l\u0259ri v\u0259 yerli jurnalistl\u0259r qar\u015f\u0131s\u0131nda Da\u011fl\u0131q Qaraba\u011fla ba\u011fl\u0131 q\u0259ti m\u00f6vqeyini bir daha ortaya qoymaqla Az\u0259rbaycan\u0131n C\u0259nubi Qafqazda art\u0131q yeni reall\u0131qlar yaratd\u0131\u011f\u0131na v\u0259 h\u0259r k\u0259sin d\u0259 bu reall\u0131qlar\u0131 q\u0259bul etm\u0259k m\u0259cburiyy\u0259tind\u0259 oldu\u011funa dair n\u00f6vb\u0259ti d\u0259f\u0259 b\u00fct\u00fcn d\u00fcnyaya a\u015fkar mesaj \u00fcnvanlam\u0131\u015f oldu&#8221;.<\/p>\n<p>Bu s\u00f6zl\u0259ri m\u0259tbuata verdiyi a\u00e7\u0131qlamas\u0131nda Az\u0259rbaycan Respublikas\u0131 Milli M\u0259clisinin deputat\u0131 Kamal\u0259ddin Qafarov deyib.<\/p>\n<p>Mill\u0259t v\u0259kilinin s\u00f6zl\u0259rin\u0259 g\u00f6r\u0259, d\u00f6vl\u0259t ba\u015f\u00e7\u0131s\u0131na \u00fcnvanlanan suallar aras\u0131nda Qaraba\u011fla ba\u011fl\u0131, x\u00fcsusil\u0259 d\u0259 b\u00f6lg\u0259d\u0259 m\u00f6vcud olan haz\u0131rk\u0131 v\u0259ziyy\u0259t v\u0259 g\u0259l\u0259c\u0259k planlara dair suallar\u0131n \u00fcst\u00fcnl\u00fck t\u0259\u015fkil etm\u0259si d\u00fcnya ictimaiyy\u0259tinin \u00f6lk\u0259miz\u0259 v\u0259 regionda ged\u0259n prosesl\u0259r\u0259 olan b\u00f6y\u00fck mara\u011f\u0131ndan x\u0259b\u0259r verir: &#8220;T\u0259bii ki, Az\u0259rbaycan\u0131n tarixi q\u0259l\u0259b\u0259sil\u0259 ba\u015fa \u00e7atm\u0131\u015f V\u0259t\u0259n m\u00fcharib\u0259sinin n\u0259tic\u0259l\u0259ri v\u0259 b\u00f6lg\u0259nin, el\u0259c\u0259 d\u0259 \u00fcmumilikd\u0259 C\u0259nubi Qafqaz\u0131n bundan sonrak\u0131 inki\u015faf perspektivl\u0259ri il\u0259 ba\u011fl\u0131 bir \u00e7ox suallar, haz\u0131rda apar\u0131c\u0131 d\u00fcnya d\u00f6vl\u0259tl\u0259rinin r\u0259hb\u0259rl\u0259ri il\u0259 yana\u015f\u0131, d\u00fcnya ictimaiyy\u0259tini d\u0259 son d\u0259r\u0259c\u0259 maraqland\u0131ran m\u0259s\u0259l\u0259l\u0259rd\u0259ndir. N\u0259z\u0259r\u0259 alsaq ki, Az\u0259rbaycan art\u0131q uzun m\u00fcdd\u0259tdir ki, regionun lider d\u00f6vl\u0259ti kimi \u00e7\u0131x\u0131\u015f edir v\u0259 \u00f6z \u0259razi b\u00fct\u00f6vl\u00fcy\u00fcn\u00fc t\u0259min etdikd\u0259n sonra, h\u0259m d\u0259 m\u0259hz \u00f6z g\u00fcc\u00fcn\u0259 qalib g\u0259ldiyi m\u00fcharib\u0259nin n\u0259tic\u0259si olaraq t\u0259min etdikd\u0259n sonra bu m\u00f6vqeyini daha da m\u00f6hk\u0259ml\u0259ndirib, o zaman bu mara\u011f\u0131n \u0259sass\u0131z olmad\u0131\u011f\u0131n\u0131 anlamaq \u00e7\u0259tin deyildir. Dig\u0259r t\u0259r\u0259fd\u0259n is\u0259, bu g\u00fcn \u00f6lk\u0259mizin Avropan\u0131n enerji t\u0259hl\u00fck\u0259sizliyinin t\u0259min edilm\u0259sind\u0259 oynad\u0131\u011f\u0131 rolun \u00f6n\u0259mi d\u0259f\u0259l\u0259rl\u0259 art\u0131b. Art\u0131q Az\u0259rbaycanla hesabla\u015fmaq, Az\u0259rbaycan\u0131 dinl\u0259m\u0259k v\u0259 e\u015fitm\u0259k vaxt\u0131 oldu\u011funu d\u00fcnyan\u0131n bir \u00e7ox inki\u015faf etmi\u015f apar\u0131c\u0131 \u00f6lk\u0259l\u0259ri q\u0259bul edirl\u0259r. Yeri g\u0259lmi\u015fk\u0259n, m\u0259tbuat konfrans\u0131nda d\u00f6vl\u0259timizin ba\u015f\u00e7\u0131s\u0131na \u00fcnvanlanan suallardan bu da m\u0259lum olurdu ki, xarici jurnalistl\u0259ri Az\u0259rbaycan Prezidenti c\u0259nab \u0130lham \u018fliyevin \u00f6lk\u0259mizin daxili m\u0259s\u0259l\u0259l\u0259ri il\u0259 b\u0259rab\u0259r, h\u0259m d\u0259 regional v\u0259 d\u00fcnya miqyasl\u0131 probleml\u0259r\u0259 dair fikir v\u0259 r\u0259yl\u0259ri, ged\u0259n prosesl\u0259r\u0259 m\u00fcnasib\u0259ti d\u0259 maraqland\u0131r\u0131rd\u0131. Ba\u015fqa s\u00f6zl\u0259 des\u0259k, Prezident \u0130lham \u018fliyevin d\u00fcnyan\u0131n siyasi elitas\u0131n\u0131n n\u00fcfuzlu n\u00fcmay\u0259nd\u0259l\u0259rind\u0259n biri kimi q\u0259bul edildiyi bu m\u0259tbuat konfrans\u0131nda bir daha \u00f6z t\u0259sdiqini tapm\u0131\u015f oldu&#8221;.<\/p>\n<p>Kamal\u0259ddin Qafarov ke\u00e7iril\u0259n m\u0259tbuat konfrans\u0131n\u0131n h\u0259m\u00e7inin Az\u0259rbaycan h\u0259qiq\u0259tl\u0259rinin, o c\u00fcml\u0259d\u0259n Xocal\u0131 soyq\u0131r\u0131m\u0131 il\u0259 ba\u011fl\u0131 h\u0259qiq\u0259tl\u0259rin d\u00fcnyaya \u00e7atd\u0131r\u0131lmas\u0131 bax\u0131m\u0131ndan da x\u00fcsusi \u0259h\u0259miyy\u0259t k\u0259sb etdiyini vur\u011fulad\u0131: &#8220;\u00d6lk\u0259 Prezidentinin ke\u00e7irdiyi m\u0259tbuat konfrans\u0131 \u00fc\u00e7\u00fcn m\u0259hz 26 fevral tarixinin, Xocal\u0131 soyq\u0131r\u0131m\u0131n\u0131n 29-cu ild\u00f6n\u00fcm\u00fc g\u00fcn\u00fcn\u00fcn se\u00e7ilm\u0259si d\u0259, \u0259lb\u0259tt\u0259 ki, t\u0259sad\u00fcfi deyildi. Media n\u00fcmay\u0259nd\u0259l\u0259rin\u0259 m\u00fcraci\u0259t ed\u0259n Prezident \u0130lham \u018fliyev erm\u0259ni fa\u015fizminin t\u00f6r\u0259tdiyi bu qanl\u0131 soyq\u0131r\u0131m\u0131 haqq\u0131nda\u00a0 daha \u0259trafl\u0131 m\u0259lumat verm\u0259kl\u0259 Az\u0259rbaycan h\u0259qiq\u0259tl\u0259rinin biziml\u0259 t\u0259r\u0259fda\u015f olmaq, \u0259m\u0259kda\u015fl\u0131q etm\u0259k ist\u0259y\u0259n b\u00fct\u00fcn \u00f6lk\u0259l\u0259r t\u0259r\u0259find\u0259n birm\u0259nal\u0131 olaraq q\u0259bul edilm\u0259sinin z\u0259ruriliyini vur\u011fulam\u0131\u015f oldu. &#8220;Xocal\u0131 soyq\u0131r\u0131m\u0131n\u0131 t\u00f6r\u0259d\u0259nl\u0259r h\u0259rbi cinay\u0259tkarlard\u0131r. Onlar\u0131n bir \u00e7oxu \u0130kinci Qaraba\u011f m\u00fcharib\u0259sind\u0259 Az\u0259rbaycan Ordusu t\u0259r\u0259find\u0259n m\u0259hv edilmi\u015fdir&#8221;- dey\u0259n d\u00f6vl\u0259t ba\u015f\u00e7\u0131s\u0131 \u00f6lk\u0259mizin \u00f6z probleml\u0259rini \u00f6z\u00fc h\u0259ll etm\u0259k iqtidar\u0131nda oldu\u011funu qeyd ed\u0259r\u0259k, eyni zamanda da beyn\u0259lxalq ictimaiyy\u0259tin, d\u00fcnya \u00f6lk\u0259l\u0259rinin bu m\u0259s\u0259l\u0259y\u0259 m\u00fcnasib\u0259tinin bizim \u00fc\u00e7\u00fcn \u0259h\u0259miyy\u0259tli oldu\u011funu bildirdi. Qeyd edildi ki, Xocal\u0131 soyq\u0131r\u0131m\u0131 art\u0131q d\u00fcnya ictimaiyy\u0259ti t\u0259r\u0259find\u0259n tan\u0131n\u0131r, 10-dan \u00e7ox \u00f6lk\u0259 bu hadis\u0259ni r\u0259sm\u0259n soyq\u0131r\u0131m\u0131 kimi tan\u0131m\u0131\u015f, t\u0259sdiq etmi\u015fdir v\u0259 bu proses davam etdirilir. Bu m\u0259s\u0259l\u0259 il\u0259 ba\u011fl\u0131 diqq\u0259ti \u00e7\u0259k\u0259n m\u0259qamlardan biri d\u0259 bu oldu ki, bir \u00e7ox xarici jurnalistl\u0259r Xocal\u0131 hadis\u0259l\u0259rini m\u0259hz soyq\u0131r\u0131m\u0131 kimi q\u0259bul etdikl\u0259rini birm\u0259nal\u0131 \u015f\u0259kild\u0259 ifad\u0259 etdil\u0259r. O c\u00fcml\u0259d\u0259n B\u00f6y\u00fck Britaniyan\u0131n &#8220;Teleqraf&#8221; q\u0259zetinin t\u0259msil\u00e7isinin Az\u0259rbaycan Prezidentin\u0259 m\u00fcraci\u0259t ed\u0259r\u0259k: &#8220;Bu qorxunc soyq\u0131r\u0131m\u0131n\u0131 an\u0131m g\u00fcn\u00fcnd\u0259 biziml\u0259 g\u00f6r\u00fc\u015fd\u00fcy\u00fcn\u00fcz\u0259 g\u00f6r\u0259 t\u0259\u015f\u0259kk\u00fcr edir\u0259m&#8221;, &#8211; dey\u0259 s\u00f6z\u0259 ba\u015flamas\u0131 da jurnalistin v\u0259 onun t\u0259msil etdiyi media qurumunun bu m\u0259s\u0259l\u0259y\u0259 m\u00fcnasib\u0259tind\u0259n x\u0259b\u0259r verir&#8221;.<\/p>\n<p>Mill\u0259t v\u0259kili Da\u011fl\u0131q Qaraba\u011f\u0131n statusu il\u0259 ba\u011fl\u0131 veril\u0259n suala cavab olaraq Prezident \u0130lham \u018fliyevin \u00f6z q\u0259ti m\u00f6vqeyini ortaya qoymas\u0131n\u0131 Az\u0259rbaycan\u0131n C\u0259nubi Qafqazda yeni reall\u0131qlar yaratd\u0131\u011f\u0131na v\u0259 bu reall\u0131qlar\u0131n b\u00fct\u00fcn d\u00fcnya t\u0259r\u0259find\u0259n qeyd-\u015f\u0259rtsiz q\u0259bul edil\u0259c\u0259yin\u0259 dair n\u00f6vb\u0259ti mesaj kimi qiym\u0259tl\u0259ndirdiyini bildirdi: &#8220;Etiraf edim ki,\u00a0 jurnalistl\u0259rd\u0259n biri t\u0259r\u0259find\u0259n veril\u0259n, statusla ba\u011fl\u0131 sual m\u0259ni bir q\u0259d\u0259r t\u0259\u0259cc\u00fcbl\u0259ndirdi. Daha d\u0259qiq des\u0259m, sual\u0131n qoyulu\u015fu. \u018fg\u0259r diqq\u0259t etdinizs\u0259 h\u0259min sualda bel\u0259 bir ifad\u0259 yer alm\u0131\u015fd\u0131: &#8220;&#8230;Siz dediyiniz kimi, beyn\u0259lxalq ictimaiyy\u0259tin ciddi \u0259leyhin\u0259 oldu\u011fu 44 g\u00fcnl\u00fck V\u0259t\u0259n m\u00fcharib\u0259sini M\u00fcz\u0259ff\u0259r Ali Ba\u015f Komandan kimi u\u011furla yekunla\u015fd\u0131rd\u0131n\u0131z. &#8230; Amma beyn\u0259lxalq ictimaiyy\u0259td\u0259 bel\u0259 bir q\u0259na\u0259t var &#8211; Da\u011fl\u0131q Qaraba\u011f\u0131n statusu tam olaraq m\u00fc\u0259yy\u0259nl\u0259\u015fm\u0259d\u0259n bu m\u00fcharib\u0259 he\u00e7 vaxt bitm\u0259z&#8230;&#8221; Art\u0131q sual\u0131n \u00f6z\u00fcnd\u0259 yer alm\u0131\u015f ziddiyy\u0259t d\u0259 a\u00e7\u0131q-ayd\u0131n g\u00f6st\u0259rir ki, beyn\u0259lxalq ictimaiyy\u0259tin r\u0259yi he\u00e7 d\u0259 h\u0259mi\u015f\u0259 alternativsiz h\u0259qiq\u0259t kimi q\u0259bul edil\u0259 bilm\u0259z. B\u0259li, 30 il \u0259rzind\u0259 bir \u00e7ox beyn\u0259lxalq qurum v\u0259 t\u0259\u015fkilatlar bu m\u00fcharib\u0259nin \u0259leyhin\u0259 \u00e7\u0131x\u0131\u015f etdil\u0259r, bizi v\u0259 b\u00fct\u00fcn d\u00fcnyan\u0131 m\u00fcnaqi\u015f\u0259nin h\u0259rbi yolla h\u0259llinin olmad\u0131\u011f\u0131na inand\u0131rma\u011fa \u00e7al\u0131\u015fd\u0131lar. Bu q\u00fcvv\u0259l\u0259r sad\u0259c\u0259 olaraq \u00f6lk\u0259mizin \u0259razi b\u00fct\u00f6vl\u00fcy\u00fcn\u00fcn b\u0259rpa olunmamas\u0131n\u0131 v\u0259 torpaqlar\u0131m\u0131zda ikinci erm\u0259ni d\u00f6vl\u0259tinin yarad\u0131lmas\u0131n\u0131 ist\u0259yirdil\u0259r.\u00a0 Prezident \u0130lham \u018fliyev h\u0259r zaman bunun \u0259ksini s\u00f6yl\u0259di v\u0259 tarix d\u0259 m\u0259hz Az\u0259rbaycan Prezidentinin haql\u0131 oldu\u011funu t\u0259sdiql\u0259di. \u018fmin\u0259m ki, bu g\u00fcn d\u0259 beyn\u0259lxalq ictimaiyy\u0259td\u0259 &#8220;Da\u011fl\u0131q Qaraba\u011f\u0131n statusu tam olaraq m\u00fc\u0259yy\u0259nl\u0259\u015fm\u0259d\u0259n bu m\u00fcharib\u0259 he\u00e7 vaxt bitm\u0259z&#8221; kimi \u0259sass\u0131z v\u0259 tamamil\u0259 yanl\u0131\u015f r\u0259y formala\u015fd\u0131rmaq ist\u0259y\u0259nl\u0259r m\u0259hz h\u0259min q\u00fcvv\u0259l\u0259rdir. D\u00f6vl\u0259t ba\u015f\u00e7\u0131s\u0131n\u0131n bu suala verdiyi q\u0259ti cavab is\u0259 h\u0259min q\u00fcvv\u0259l\u0259r\u0259 \u00fcnvanlanm\u0131\u015f net bir mesaj kimi qiym\u0259tl\u0259ndiril\u0259 bil\u0259r: &#8220;M\u0259n bu haqda art\u0131q demi\u015f\u0259m, bir daha dem\u0259k ist\u0259yir\u0259m ki, Da\u011fl\u0131q Qaraba\u011f m\u00fcnaqi\u015f\u0259si ba\u015fa \u00e7at\u0131b. Az\u0259rbaycan bu m\u00fcnaqi\u015f\u0259nin bir t\u0259r\u0259fi idi. Biz bu fikri a\u00e7\u0131q-ayd\u0131n ifad\u0259 edirik ki, Da\u011fl\u0131q Qaraba\u011f m\u00fcnaqi\u015f\u0259si art\u0131q h\u0259ll olunub. &#8230;O ki qald\u0131, statusa, m\u0259n \u00f6z \u00e7\u0131x\u0131\u015flar\u0131mda statusun \u00fcnvan\u0131n\u0131 g\u00f6st\u0259rdim. Bir daha o m\u0259s\u0259l\u0259y\u0259 qay\u0131tmaq ist\u0259mir\u0259m. Status haradad\u0131r, onu h\u0259r k\u0259s bilir. Hesab edir\u0259m ki, Erm\u0259nistan v\u0259 erm\u0259ni xalq\u0131 \u00fc\u00e7\u00fcn bu m\u0259s\u0259l\u0259 n\u0259 q\u0259d\u0259r az dil\u0259 g\u0259tiril\u0259rs\u0259, o q\u0259d\u0259r d\u0259 yax\u015f\u0131 olar.&#8221; Bu o dem\u0259kdir ki, art\u0131q Da\u011fl\u0131q Qaraba\u011f\u0131n h\u0259r hans\u0131 bir statusu bar\u0259d\u0259 x\u0259yallar qurma\u011f\u0131n deyil, Az\u0259rbaycanla g\u0259l\u0259c\u0259k \u0259m\u0259kda\u015fl\u0131q bar\u0259d\u0259 d\u00fc\u015f\u00fcnm\u0259yin vaxt\u0131d\u0131r. Bunun \u00fc\u00e7\u00fcn is\u0259 Az\u0259rbaycan\u0131 qalib \u00f6lk\u0259 v\u0259 C\u0259nubi Qafqazda yaranm\u0131\u015f yeni reall\u0131qlar\u0131n m\u00fc\u0259llifi kimi q\u0259bul etm\u0259k v\u0259 biziml\u0259 b\u00fct\u00fcn m\u00fcnasib\u0259tl\u0259ri d\u0259 m\u0259hz bu yana\u015fma n\u00f6qt\u0259sind\u0259n qurma\u011fa c\u0259hd etm\u0259k laz\u0131md\u0131r&#8221;.<\/p>\n","protected":false},"excerpt":{"rendered":"<p>&#8220;D\u00f6rd saat \u0259rzind\u0259, d\u00f6rd\u00a0 dild\u0259,\u00a0 t\u0259xmin\u0259n 50 sual\u0131 he\u00e7 bir \u015f\u00fcbh\u0259 v\u0259 t\u0259r\u0259dd\u00fcd \u00fc\u00e7\u00fcn yer qoymadan cavabland\u0131ran Az\u0259rbaycan Prezidenti \u0130lham \u018fliyev d\u00fcnyan\u0131n apar\u0131c\u0131 informasiya vasit\u0259l\u0259rinin n\u00fcmay\u0259nd\u0259l\u0259ri v\u0259 yerli jurnalistl\u0259r qar\u015f\u0131s\u0131nda Da\u011fl\u0131q Qaraba\u011fla ba\u011fl\u0131 q\u0259ti m\u00f6vqeyini bir daha ortaya qoymaqla Az\u0259rbaycan\u0131n C\u0259nubi Qafqazda art\u0131q yeni reall\u0131qlar yaratd\u0131\u011f\u0131na v\u0259 h\u0259r k\u0259sin d\u0259 bu reall\u0131qlar\u0131 q\u0259bul etm\u0259k m\u0259cburiyy\u0259tind\u0259 oldu\u011funa dair n\u00f6vb\u0259ti d\u0259f\u0259 b\u00fct\u00fcn d\u00fcnyaya a\u015fkar mesaj \u00fcnvanlam\u0131\u015f oldu&#8221;. Bu s\u00f6zl\u0259ri m\u0259tbuata verdiyi a\u00e7\u0131qlamas\u0131nda Az\u0259rbaycan Respublikas\u0131 Milli M\u0259clisinin deputat\u0131 Kamal\u0259ddin Qafarov deyib. Mill\u0259t v\u0259kilinin s\u00f6zl\u0259rin\u0259 g\u00f6r\u0259, d\u00f6vl\u0259t ba\u015f\u00e7\u0131s\u0131na \u00fcnvanlanan suallar aras\u0131nda Qaraba\u011fla ba\u011fl\u0131, x\u00fcsusil\u0259&hellip;<\/p>\n","protected":false},"author":2,"featured_media":303919,"comment_status":"closed","ping_status":"closed","sticky":false,"template":"","format":"standard","meta":{"om_disable_all_campaigns":false,"_monsterinsights_skip_tracking":false,"_monsterinsights_sitenote_active":false,"_monsterinsights_sitenote_note":"","_monsterinsights_sitenote_category":0},"categories":[4],"tags":[],"aioseo_notices":[],"gutentor_comment":0,"rttpg_featured_image_url":{"full":["https:\/\/arantv.az\/wp-content\/uploads\/2021\/03\/926764.jpg",800,600,false],"landscape":["https:\/\/arantv.az\/wp-content\/uploads\/2021\/03\/926764.jpg",800,600,false],"portraits":["https:\/\/arantv.az\/wp-content\/uploads\/2021\/03\/926764.jpg",800,600,false],"thumbnail":["https:\/\/arantv.az\/wp-content\/uploads\/2021\/03\/926764-150x150.jpg",150,150,true],"medium":["https:\/\/arantv.az\/wp-content\/uploads\/2021\/03\/926764-300x225.jpg",300,225,true],"large":["https:\/\/arantv.az\/wp-content\/uploads\/2021\/03\/926764.jpg",640,480,false],"1536x1536":["https:\/\/arantv.az\/wp-content\/uploads\/2021\/03\/926764.jpg",800,600,false],"2048x2048":["https:\/\/arantv.az\/wp-content\/uploads\/2021\/03\/926764.jpg",800,600,false],"post-thumbnail":["https:\/\/arantv.az\/wp-content\/uploads\/2021\/03\/926764-240x172.jpg",240,172,true],"advps-thumb-one":["https:\/\/arantv.az\/wp-content\/uploads\/2021\/03\/926764.jpg",800,600,false]},"rttpg_author":{"display_name":"V\u00fcsal Rafiqo\u011flu","author_link":"https:\/\/arantv.az\/?author=2"},"rttpg_comment":0,"rttpg_category":"<a href=\"https:\/\/arantv.az\/?cat=4\" rel=\"category\">Siyas\u0259t<\/a>","rttpg_excerpt":"&#8220;D\u00f6rd saat \u0259rzind\u0259, d\u00f6rd\u00a0 dild\u0259,\u00a0 t\u0259xmin\u0259n 50 sual\u0131 he\u00e7 bir \u015f\u00fcbh\u0259 v\u0259 t\u0259r\u0259dd\u00fcd \u00fc\u00e7\u00fcn yer qoymadan cavabland\u0131ran Az\u0259rbaycan Prezidenti \u0130lham \u018fliyev d\u00fcnyan\u0131n apar\u0131c\u0131 informasiya vasit\u0259l\u0259rinin n\u00fcmay\u0259nd\u0259l\u0259ri v\u0259 yerli jurnalistl\u0259r qar\u015f\u0131s\u0131nda Da\u011fl\u0131q Qaraba\u011fla ba\u011fl\u0131 q\u0259ti m\u00f6vqeyini bir daha ortaya qoymaqla Az\u0259rbaycan\u0131n C\u0259nubi Qafqazda art\u0131q yeni reall\u0131qlar yaratd\u0131\u011f\u0131na v\u0259 h\u0259r k\u0259sin d\u0259 bu reall\u0131qlar\u0131 q\u0259bul etm\u0259k m\u0259cburiyy\u0259tind\u0259&hellip;","_links":{"self":[{"href":"https:\/\/arantv.az\/index.php?rest_route=\/wp\/v2\/posts\/303918"}],"collection":[{"href":"https:\/\/arantv.az\/index.php?rest_route=\/wp\/v2\/posts"}],"about":[{"href":"https:\/\/arantv.az\/index.php?rest_route=\/wp\/v2\/types\/post"}],"author":[{"embeddable":true,"href":"https:\/\/arantv.az\/index.php?rest_route=\/wp\/v2\/users\/2"}],"replies":[{"embeddable":true,"href":"https:\/\/arantv.az\/index.php?rest_route=%2Fwp%2Fv2%2Fcomments&post=303918"}],"version-history":[{"count":0,"href":"https:\/\/arantv.az\/index.php?rest_route=\/wp\/v2\/posts\/303918\/revisions"}],"wp:featuredmedia":[{"embeddable":true,"href":"https:\/\/arantv.az\/index.php?rest_route=\/wp\/v2\/media\/303919"}],"wp:attachment":[{"href":"https:\/\/arantv.az\/index.php?rest_route=%2Fwp%2Fv2%2Fmedia&parent=303918"}],"wp:term":[{"taxonomy":"category","embeddable":true,"href":"https:\/\/arantv.az\/index.php?rest_route=%2Fwp%2Fv2%2Fcategories&post=303918"},{"taxonomy":"post_tag","embeddable":true,"href":"https:\/\/arantv.az\/index.php?rest_route=%2Fwp%2Fv2%2Ftags&post=303918"}],"curies":[{"name":"wp","href":"https:\/\/api.w.org\/{rel}","templated":true}]}}