{"id":304110,"date":"2021-03-01T12:43:15","date_gmt":"2021-03-01T09:43:15","guid":{"rendered":"http:\/\/arantv.az\/?p=304110"},"modified":"2021-03-01T12:43:15","modified_gmt":"2021-03-01T09:43:15","slug":"lacin-aeroportu-az%c9%99rbaycanda-%c9%99n-hundurd%c9%99-yerl%c9%99s%c9%99n-hava-limani-olacaq-video","status":"publish","type":"post","link":"https:\/\/arantv.az\/?p=304110","title":{"rendered":"La\u00e7\u0131n aeroportu Az\u0259rbaycanda \u0259n h\u00fcnd\u00fcrd\u0259 yerl\u0259\u015f\u0259n hava liman\u0131 olacaq &#8211; V\u0130DEO"},"content":{"rendered":"<div class=\"article_text\">\n<p><strong>Yax\u0131n g\u0259l\u0259c\u0259kd\u0259 tikilm\u0259si planla\u015fd\u0131r\u0131lan La\u00e7\u0131n v\u0259 Z\u0259ngilan aeroportlar\u0131 \u00f6lk\u0259miz \u00fc\u00e7\u00fcn olduqca m\u00fch\u00fcm \u0259h\u0259miyy\u0259t\u0259 malik olacaq. Ekspertl\u0259rin fikrinc\u0259, bu aeroportlar turizm imkanlar\u0131ndan istifad\u0259y\u0259 v\u0259 logistik m\u0259rk\u0259zl\u0259rin yarad\u0131lmas\u0131na hesablan\u0131b. X\u00fcsusil\u0259 La\u00e7\u0131n aeroportu Az\u0259rbaycan\u0131n d\u0259niz s\u0259viyy\u0259sind\u0259n \u0259n h\u00fcnd\u00fcrd\u0259 yerl\u0259\u015f\u0259n aeroportu olacaq.\u00a0\u00a0<\/strong><\/p>\n<p><strong>ARANTV.AZ<\/strong>\u00a0 xezerxeber.az-a istinad\u0259n bildirir ki,\u00a0La\u00e7\u0131n v\u0259 Z\u0259ngilanda tikil\u0259c\u0259k aeroportlar strateji \u0259h\u0259miyy\u0259t\u0259 malikdir. X\u00fcsusil\u0259 La\u00e7\u0131n aeroportu \u00f6lk\u0259nin \u0259n h\u00fcnd\u00fcr hava liman\u0131 olacaq.<\/p>\n<p>La\u00e7\u0131n \u0259razisind\u0259 tikil\u0259c\u0259k aeroportla ba\u011fl\u0131 ilkin ideya var v\u0259 bunun \u00fc\u00e7\u00fcn \u0259razi d\u0259 ayr\u0131l\u0131b. Bu \u0259razinin m\u00fch\u00fcm \u0259h\u0259miyy\u0259ti odur ki, bu aeroport t\u0259kc\u0259 La\u00e7\u0131n \u00fc\u00e7\u00fcn yox, h\u0259m d\u0259 K\u0259lb\u0259c\u0259r rayonu \u0259razisin\u0259 hava n\u0259qliyyat\u0131 il\u0259 gedi\u015f-g\u0259li\u015fi asanla\u015fd\u0131racaq.<\/p>\n<p>Ekspert \u018fr\u015fad H\u00fcseynov deyir ki, bu \u0259razid\u0259 hava liman\u0131n\u0131n tikilm\u0259si \u0259razinin turistik potensial\u0131ndan geni\u015f istifad\u0259 olunmas\u0131na imkan ver\u0259c\u0259k. B\u00fct\u00fcn bunlar h\u0259min \u0259razil\u0259rin abadla\u015fd\u0131r\u0131lmas\u0131 v\u0259 b\u0259rpas\u0131 planlar\u0131 \u00e7\u0259r\u00e7iv\u0259sind\u0259 h\u0259yata ke\u00e7iril\u0259c\u0259k.<\/p>\n<p>Z\u0259ngilanda aeroportun tikilm\u0259si, sad\u0259c\u0259, turizmin inki\u015faf\u0131na xidm\u0259t etm\u0259y\u0259c\u0259k, eyni zamanda beyn\u0259lxalq \u0259h\u0259miyy\u0259tli logistika m\u0259rk\u0259zin\u0259 \u00e7evril\u0259c\u0259k.<\/p>\n<p>Ekspert bildirib ki, La\u00e7\u0131n \u0259razisind\u0259 aeroportun tikilm\u0259si La\u00e7\u0131n-K\u0259lb\u0259c\u0259r avtomobil yollar\u0131 \u015f\u0259b\u0259k\u0259sinin d\u0259 m\u00fcasirl\u0259\u015fm\u0259sin\u0259 \u015f\u0259rait yaradacaq.<\/p>\n<p>&nbsp;<\/p>\n<p><iframe loading=\"lazy\" src=\"https:\/\/daytube.az\/az\/embed\/103600\" width=\"670\" height=\"400\" frameborder=\"0\" allowfullscreen=\"allowfullscreen\" data-mce-fragment=\"1\"><\/iframe><\/p>\n<\/div>\n<div class=\"social-banner\"><\/div>\n","protected":false},"excerpt":{"rendered":"<p>Yax\u0131n g\u0259l\u0259c\u0259kd\u0259 tikilm\u0259si planla\u015fd\u0131r\u0131lan La\u00e7\u0131n v\u0259 Z\u0259ngilan aeroportlar\u0131 \u00f6lk\u0259miz \u00fc\u00e7\u00fcn olduqca m\u00fch\u00fcm \u0259h\u0259miyy\u0259t\u0259 malik olacaq. Ekspertl\u0259rin fikrinc\u0259, bu aeroportlar turizm imkanlar\u0131ndan istifad\u0259y\u0259 v\u0259 logistik m\u0259rk\u0259zl\u0259rin yarad\u0131lmas\u0131na hesablan\u0131b. X\u00fcsusil\u0259 La\u00e7\u0131n aeroportu Az\u0259rbaycan\u0131n d\u0259niz s\u0259viyy\u0259sind\u0259n \u0259n h\u00fcnd\u00fcrd\u0259 yerl\u0259\u015f\u0259n aeroportu olacaq.\u00a0\u00a0 ARANTV.AZ\u00a0 xezerxeber.az-a istinad\u0259n bildirir ki,\u00a0La\u00e7\u0131n v\u0259 Z\u0259ngilanda tikil\u0259c\u0259k aeroportlar strateji \u0259h\u0259miyy\u0259t\u0259 malikdir. X\u00fcsusil\u0259 La\u00e7\u0131n aeroportu \u00f6lk\u0259nin \u0259n h\u00fcnd\u00fcr hava liman\u0131 olacaq. La\u00e7\u0131n \u0259razisind\u0259 tikil\u0259c\u0259k aeroportla ba\u011fl\u0131 ilkin ideya var v\u0259 bunun \u00fc\u00e7\u00fcn \u0259razi d\u0259 ayr\u0131l\u0131b. Bu \u0259razinin m\u00fch\u00fcm \u0259h\u0259miyy\u0259ti odur ki, bu aeroport t\u0259kc\u0259 La\u00e7\u0131n \u00fc\u00e7\u00fcn yox, h\u0259m d\u0259 K\u0259lb\u0259c\u0259r rayonu \u0259razisin\u0259&hellip;<\/p>\n","protected":false},"author":2,"featured_media":304111,"comment_status":"closed","ping_status":"closed","sticky":false,"template":"","format":"standard","meta":{"om_disable_all_campaigns":false,"_monsterinsights_skip_tracking":false,"_monsterinsights_sitenote_active":false,"_monsterinsights_sitenote_note":"","_monsterinsights_sitenote_category":0},"categories":[26],"tags":[],"aioseo_notices":[],"gutentor_comment":0,"rttpg_featured_image_url":{"full":["https:\/\/arantv.az\/wp-content\/uploads\/2021\/03\/926696.jpg",800,600,false],"landscape":["https:\/\/arantv.az\/wp-content\/uploads\/2021\/03\/926696.jpg",800,600,false],"portraits":["https:\/\/arantv.az\/wp-content\/uploads\/2021\/03\/926696.jpg",800,600,false],"thumbnail":["https:\/\/arantv.az\/wp-content\/uploads\/2021\/03\/926696-150x150.jpg",150,150,true],"medium":["https:\/\/arantv.az\/wp-content\/uploads\/2021\/03\/926696-300x225.jpg",300,225,true],"large":["https:\/\/arantv.az\/wp-content\/uploads\/2021\/03\/926696.jpg",640,480,false],"1536x1536":["https:\/\/arantv.az\/wp-content\/uploads\/2021\/03\/926696.jpg",800,600,false],"2048x2048":["https:\/\/arantv.az\/wp-content\/uploads\/2021\/03\/926696.jpg",800,600,false],"post-thumbnail":["https:\/\/arantv.az\/wp-content\/uploads\/2021\/03\/926696-240x172.jpg",240,172,true],"advps-thumb-one":["https:\/\/arantv.az\/wp-content\/uploads\/2021\/03\/926696.jpg",800,600,false]},"rttpg_author":{"display_name":"V\u00fcsal Rafiqo\u011flu","author_link":"https:\/\/arantv.az\/?author=2"},"rttpg_comment":0,"rttpg_category":"<a href=\"https:\/\/arantv.az\/?cat=26\" rel=\"category\">Sosial<\/a>","rttpg_excerpt":"Yax\u0131n g\u0259l\u0259c\u0259kd\u0259 tikilm\u0259si planla\u015fd\u0131r\u0131lan La\u00e7\u0131n v\u0259 Z\u0259ngilan aeroportlar\u0131 \u00f6lk\u0259miz \u00fc\u00e7\u00fcn olduqca m\u00fch\u00fcm \u0259h\u0259miyy\u0259t\u0259 malik olacaq. Ekspertl\u0259rin fikrinc\u0259, bu aeroportlar turizm imkanlar\u0131ndan istifad\u0259y\u0259 v\u0259 logistik m\u0259rk\u0259zl\u0259rin yarad\u0131lmas\u0131na hesablan\u0131b. X\u00fcsusil\u0259 La\u00e7\u0131n aeroportu Az\u0259rbaycan\u0131n d\u0259niz s\u0259viyy\u0259sind\u0259n \u0259n h\u00fcnd\u00fcrd\u0259 yerl\u0259\u015f\u0259n aeroportu olacaq.\u00a0\u00a0 ARANTV.AZ\u00a0 xezerxeber.az-a istinad\u0259n bildirir ki,\u00a0La\u00e7\u0131n v\u0259 Z\u0259ngilanda tikil\u0259c\u0259k aeroportlar strateji \u0259h\u0259miyy\u0259t\u0259 malikdir. X\u00fcsusil\u0259 La\u00e7\u0131n aeroportu \u00f6lk\u0259nin \u0259n&hellip;","_links":{"self":[{"href":"https:\/\/arantv.az\/index.php?rest_route=\/wp\/v2\/posts\/304110"}],"collection":[{"href":"https:\/\/arantv.az\/index.php?rest_route=\/wp\/v2\/posts"}],"about":[{"href":"https:\/\/arantv.az\/index.php?rest_route=\/wp\/v2\/types\/post"}],"author":[{"embeddable":true,"href":"https:\/\/arantv.az\/index.php?rest_route=\/wp\/v2\/users\/2"}],"replies":[{"embeddable":true,"href":"https:\/\/arantv.az\/index.php?rest_route=%2Fwp%2Fv2%2Fcomments&post=304110"}],"version-history":[{"count":0,"href":"https:\/\/arantv.az\/index.php?rest_route=\/wp\/v2\/posts\/304110\/revisions"}],"wp:featuredmedia":[{"embeddable":true,"href":"https:\/\/arantv.az\/index.php?rest_route=\/wp\/v2\/media\/304111"}],"wp:attachment":[{"href":"https:\/\/arantv.az\/index.php?rest_route=%2Fwp%2Fv2%2Fmedia&parent=304110"}],"wp:term":[{"taxonomy":"category","embeddable":true,"href":"https:\/\/arantv.az\/index.php?rest_route=%2Fwp%2Fv2%2Fcategories&post=304110"},{"taxonomy":"post_tag","embeddable":true,"href":"https:\/\/arantv.az\/index.php?rest_route=%2Fwp%2Fv2%2Ftags&post=304110"}],"curies":[{"name":"wp","href":"https:\/\/api.w.org\/{rel}","templated":true}]}}