{"id":304114,"date":"2021-03-01T12:44:24","date_gmt":"2021-03-01T09:44:24","guid":{"rendered":"http:\/\/arantv.az\/?p=304114"},"modified":"2021-03-01T12:44:24","modified_gmt":"2021-03-01T09:44:24","slug":"az%c9%99rbaycan-region-olk%c9%99l%c9%99rin%c9%99-sulh-mesajini-verdi-s%c9%99fir","status":"publish","type":"post","link":"https:\/\/arantv.az\/?p=304114","title":{"rendered":"&#8220;Az\u0259rbaycan region \u00f6lk\u0259l\u0259rin\u0259 s\u00fclh mesaj\u0131n\u0131 verdi&#8221; &#8211; S\u0259fir"},"content":{"rendered":"<blockquote><p><em><strong>44 g\u00fcnl\u00fck m\u00fcharib\u0259d\u0259n sonra imzalanan \u00fc\u00e7t\u0259r\u0259fli b\u0259yanatla Az\u0259rbaycan\u0131n m\u0259qs\u0259di region \u00f6lk\u0259l\u0259rin\u0259 s\u00fclh mesaj\u0131n\u0131 verm\u0259k idi.<\/strong><\/em><\/p><\/blockquote>\n<p><strong>ARANTV.AZ\u00a0<\/strong>\u00a0<a href=\"https:\/\/az.trend.az\/\" target=\"_blank\" rel=\"noopener\">Trend<\/a>-\u0259 istinad\u0259n bildirir ki,\u00a0bunu Az\u0259rbaycan\u0131n \u0130randak\u0131 s\u0259firi B\u00fcnyad H\u00fcseynov Qum \u015f\u0259h\u0259rind\u0259 ke\u00e7iril\u0259n &#8220;17 R\u0259bi-\u018fvv\u0259l Beyn\u0259lxalq Qaraba\u011f Konfrans\u0131&#8221;nda deyib.<\/p>\n<p>B.H\u00fcseynovun s\u00f6zl\u0259rin\u0259 g\u00f6r\u0259, 1-ci Qaraba\u011f m\u00fcharib\u0259sind\u0259 Az\u0259rbaycan dost \u00f6lk\u0259l\u0259rin k\u00f6m\u0259yi il\u0259 m\u00fcbariz\u0259 apar\u0131b. Lakin h\u0259min d\u00f6vrd\u0259 Az\u0259rbaycan\u0131n g\u0259l\u0259c\u0259yini t\u0259min ed\u0259c\u0259k lideri yox idi: &#8220;\u00dcmummilli lider Heyd\u0259r \u018fliyevin iqtidara g\u0259lm\u0259si v\u0259 onun qon\u015fu \u00f6lk\u0259l\u0259rl\u0259 m\u00fcnasib\u0259tl\u0259ri m\u00f6hk\u0259ml\u0259ndirm\u0259si il\u0259 Az\u0259rbaycan\u0131n \u0130ranla \u0259laq\u0259l\u0259ri g\u00fccl\u0259ndi v\u0259 bug\u00fcn\u0259d\u0259k davam edir&#8221;.<\/p>\n<p>B.H\u00fcseynov qeyd edib ki, Az\u0259rbaycan xalq\u0131 \u0130ran\u0131n ist\u0259r 1-ci, ist\u0259rs\u0259 d\u0259 2-ci Qaraba\u011f m\u00fcharib\u0259sind\u0259ki d\u0259st\u0259yini unutmay\u0131b v\u0259 unutmayacaq.<\/p>\n<p>S\u0259fir Qaraba\u011f\u0131n b\u0259rpas\u0131 sah\u0259sind\u0259 Az\u0259rbaycan v\u0259 \u0130ran aras\u0131nda \u0259m\u0259kda\u015fl\u0131qedil\u0259c\u0259yini d\u0259 deyib.<\/p>\n<p>Qeyd ed\u0259k ki, bu g\u00fcn \u0130ran\u0131n Qum \u015f\u0259h\u0259rind\u0259 &#8220;17 R\u0259bi-\u018fvv\u0259l Beyn\u0259lxalq Konfrans\u0131 i\u015f\u0259 ba\u015flay\u0131b. Konfransa \u0130ran\u0131n xarici i\u015fl\u0259r nazirinin m\u00fcavini Seyid Abbas \u018fraq\u00e7i, Az\u0259rbaycan\u0131n \u0130randak\u0131 s\u0259firi B\u00fcnyad H\u00fcseynov, \u0130ran\u0131n Az\u0259rbaycandak\u0131 s\u0259firi Seyid Abbas Mus\u0259vi, Qum Dini Elml\u0259r Seminariyas\u0131n\u0131n m\u00fcdiri \u018flirza \u018frafi, \u0130ran\u0131n M\u0259sl\u0259h\u0259t \u015euras\u0131n\u0131n katibi M\u00f6hs\u00fcn Rzayi, \u0130ran\u0131n Ali Liderinin \u018frd\u0259bil vilay\u0259ti \u00fczr\u0259 n\u00fcmay\u0259nd\u0259si Seyid H\u0259s\u0259n Amili, \u0130ran\u0131n Ali Liderinin \u015e\u0259rqi Az\u0259rbaycan vilay\u0259ti \u00fczr\u0259 n\u00fcmay\u0259nd\u0259si Seyid M\u0259h\u0259mm\u0259d \u018fli Al Ha\u015fem, \u0130ran v\u0259 Az\u0259rbaycan parlamenti dostluq qrupunun s\u0259dri \u018fli Nikzad, Belarus, Rusiya, G\u00fcrc\u00fcstan, Ukrayna n\u00fcmay\u0259nd\u0259l\u0259ri qat\u0131l\u0131blar.<\/p>\n","protected":false},"excerpt":{"rendered":"<p>44 g\u00fcnl\u00fck m\u00fcharib\u0259d\u0259n sonra imzalanan \u00fc\u00e7t\u0259r\u0259fli b\u0259yanatla Az\u0259rbaycan\u0131n m\u0259qs\u0259di region \u00f6lk\u0259l\u0259rin\u0259 s\u00fclh mesaj\u0131n\u0131 verm\u0259k idi. ARANTV.AZ\u00a0\u00a0Trend-\u0259 istinad\u0259n bildirir ki,\u00a0bunu Az\u0259rbaycan\u0131n \u0130randak\u0131 s\u0259firi B\u00fcnyad H\u00fcseynov Qum \u015f\u0259h\u0259rind\u0259 ke\u00e7iril\u0259n &#8220;17 R\u0259bi-\u018fvv\u0259l Beyn\u0259lxalq Qaraba\u011f Konfrans\u0131&#8221;nda deyib. B.H\u00fcseynovun s\u00f6zl\u0259rin\u0259 g\u00f6r\u0259, 1-ci Qaraba\u011f m\u00fcharib\u0259sind\u0259 Az\u0259rbaycan dost \u00f6lk\u0259l\u0259rin k\u00f6m\u0259yi il\u0259 m\u00fcbariz\u0259 apar\u0131b. Lakin h\u0259min d\u00f6vrd\u0259 Az\u0259rbaycan\u0131n g\u0259l\u0259c\u0259yini t\u0259min ed\u0259c\u0259k lideri yox idi: &#8220;\u00dcmummilli lider Heyd\u0259r \u018fliyevin iqtidara g\u0259lm\u0259si v\u0259 onun qon\u015fu \u00f6lk\u0259l\u0259rl\u0259 m\u00fcnasib\u0259tl\u0259ri m\u00f6hk\u0259ml\u0259ndirm\u0259si il\u0259 Az\u0259rbaycan\u0131n \u0130ranla \u0259laq\u0259l\u0259ri g\u00fccl\u0259ndi v\u0259 bug\u00fcn\u0259d\u0259k davam edir&#8221;. B.H\u00fcseynov qeyd edib ki, Az\u0259rbaycan xalq\u0131 \u0130ran\u0131n ist\u0259r 1-ci, ist\u0259rs\u0259 d\u0259 2-ci Qaraba\u011f&hellip;<\/p>\n","protected":false},"author":2,"featured_media":304115,"comment_status":"closed","ping_status":"closed","sticky":false,"template":"","format":"standard","meta":{"om_disable_all_campaigns":false,"_monsterinsights_skip_tracking":false,"_monsterinsights_sitenote_active":false,"_monsterinsights_sitenote_note":"","_monsterinsights_sitenote_category":0},"categories":[4],"tags":[],"aioseo_notices":[],"gutentor_comment":0,"rttpg_featured_image_url":{"full":["https:\/\/arantv.az\/wp-content\/uploads\/2021\/03\/926826.jpg",800,600,false],"landscape":["https:\/\/arantv.az\/wp-content\/uploads\/2021\/03\/926826.jpg",800,600,false],"portraits":["https:\/\/arantv.az\/wp-content\/uploads\/2021\/03\/926826.jpg",800,600,false],"thumbnail":["https:\/\/arantv.az\/wp-content\/uploads\/2021\/03\/926826-150x150.jpg",150,150,true],"medium":["https:\/\/arantv.az\/wp-content\/uploads\/2021\/03\/926826-300x225.jpg",300,225,true],"large":["https:\/\/arantv.az\/wp-content\/uploads\/2021\/03\/926826.jpg",640,480,false],"1536x1536":["https:\/\/arantv.az\/wp-content\/uploads\/2021\/03\/926826.jpg",800,600,false],"2048x2048":["https:\/\/arantv.az\/wp-content\/uploads\/2021\/03\/926826.jpg",800,600,false],"post-thumbnail":["https:\/\/arantv.az\/wp-content\/uploads\/2021\/03\/926826-240x172.jpg",240,172,true],"advps-thumb-one":["https:\/\/arantv.az\/wp-content\/uploads\/2021\/03\/926826.jpg",800,600,false]},"rttpg_author":{"display_name":"V\u00fcsal Rafiqo\u011flu","author_link":"https:\/\/arantv.az\/?author=2"},"rttpg_comment":0,"rttpg_category":"<a href=\"https:\/\/arantv.az\/?cat=4\" rel=\"category\">Siyas\u0259t<\/a>","rttpg_excerpt":"44 g\u00fcnl\u00fck m\u00fcharib\u0259d\u0259n sonra imzalanan \u00fc\u00e7t\u0259r\u0259fli b\u0259yanatla Az\u0259rbaycan\u0131n m\u0259qs\u0259di region \u00f6lk\u0259l\u0259rin\u0259 s\u00fclh mesaj\u0131n\u0131 verm\u0259k idi. ARANTV.AZ\u00a0\u00a0Trend-\u0259 istinad\u0259n bildirir ki,\u00a0bunu Az\u0259rbaycan\u0131n \u0130randak\u0131 s\u0259firi B\u00fcnyad H\u00fcseynov Qum \u015f\u0259h\u0259rind\u0259 ke\u00e7iril\u0259n &#8220;17 R\u0259bi-\u018fvv\u0259l Beyn\u0259lxalq Qaraba\u011f Konfrans\u0131&#8221;nda deyib. B.H\u00fcseynovun s\u00f6zl\u0259rin\u0259 g\u00f6r\u0259, 1-ci Qaraba\u011f m\u00fcharib\u0259sind\u0259 Az\u0259rbaycan dost \u00f6lk\u0259l\u0259rin k\u00f6m\u0259yi il\u0259 m\u00fcbariz\u0259 apar\u0131b. Lakin h\u0259min d\u00f6vrd\u0259 Az\u0259rbaycan\u0131n g\u0259l\u0259c\u0259yini t\u0259min ed\u0259c\u0259k lideri yox&hellip;","_links":{"self":[{"href":"https:\/\/arantv.az\/index.php?rest_route=\/wp\/v2\/posts\/304114"}],"collection":[{"href":"https:\/\/arantv.az\/index.php?rest_route=\/wp\/v2\/posts"}],"about":[{"href":"https:\/\/arantv.az\/index.php?rest_route=\/wp\/v2\/types\/post"}],"author":[{"embeddable":true,"href":"https:\/\/arantv.az\/index.php?rest_route=\/wp\/v2\/users\/2"}],"replies":[{"embeddable":true,"href":"https:\/\/arantv.az\/index.php?rest_route=%2Fwp%2Fv2%2Fcomments&post=304114"}],"version-history":[{"count":0,"href":"https:\/\/arantv.az\/index.php?rest_route=\/wp\/v2\/posts\/304114\/revisions"}],"wp:featuredmedia":[{"embeddable":true,"href":"https:\/\/arantv.az\/index.php?rest_route=\/wp\/v2\/media\/304115"}],"wp:attachment":[{"href":"https:\/\/arantv.az\/index.php?rest_route=%2Fwp%2Fv2%2Fmedia&parent=304114"}],"wp:term":[{"taxonomy":"category","embeddable":true,"href":"https:\/\/arantv.az\/index.php?rest_route=%2Fwp%2Fv2%2Fcategories&post=304114"},{"taxonomy":"post_tag","embeddable":true,"href":"https:\/\/arantv.az\/index.php?rest_route=%2Fwp%2Fv2%2Ftags&post=304114"}],"curies":[{"name":"wp","href":"https:\/\/api.w.org\/{rel}","templated":true}]}}