{"id":304122,"date":"2021-03-01T12:46:12","date_gmt":"2021-03-01T09:46:12","guid":{"rendered":"http:\/\/arantv.az\/?p=304122"},"modified":"2021-03-01T12:46:12","modified_gmt":"2021-03-01T09:46:12","slug":"gurcu-tarixci-allah-isgalci-erm%c9%99nil%c9%99ri-c%c9%99zalandirdi-trend-tv","status":"publish","type":"post","link":"https:\/\/arantv.az\/?p=304122","title":{"rendered":"G\u00fcrc\u00fc tarix\u00e7i: &#8220;Allah i\u015f\u011fal\u00e7\u0131 erm\u0259nil\u0259ri c\u0259zaland\u0131rd\u0131&#8221; &#8211; Trend TV"},"content":{"rendered":"<div class=\"article_text\">\n<p><strong>Bir qrup g\u00fcrc\u00fcstanl\u0131 jurnalist, ictimai-siyasi xadim v\u0259 ekspertl\u0259r i\u015f\u011faldan azad edilmi\u015f \u0259razil\u0259r\u0259 s\u0259f\u0259r edib. Qon\u015fu \u00f6lk\u0259d\u0259n olan qonaqlar A\u011fdam, F\u00fczuli, C\u0259bray\u0131l v\u0259 dig\u0259r \u0259razil\u0259r\u0259 ba\u015f \u00e7\u0259kib, erm\u0259ni vandalizmi v\u0259 v\u0259h\u015filikl\u0259ri il\u0259 tan\u0131\u015f olublar. G\u00fcrc\u00fcstanl\u0131 qonaqlar g\u00f6rd\u00fckl\u0259rind\u0259n d\u0259rin m\u0259yusluqlar\u0131n\u0131 ifad\u0259 edibl\u0259r.<\/strong><\/p>\n<p><strong>ARANTV.AZ\u00a0\u00a0<\/strong><a href=\"https:\/\/az.trend.az\/\" target=\"_blank\" rel=\"noopener\">Trend<\/a>\u00a0TV-\u0259 istinad\u0259n bildirir ki,\u00a0G\u00fcrc\u00fcstan Beyn\u0259lxalq Ara\u015fd\u0131rmalar M\u0259rk\u0259zinin \u0259m\u0259kda\u015f\u0131 Aleksandr Kvaxadze jurnalistl\u0259r\u0259 a\u00e7\u0131qlamas\u0131nda bildirib ki, i\u015f\u011fal\u00e7\u0131 erm\u0259nil\u0259r 30 il \u0259rzind\u0259 az\u0259rbaycanl\u0131lar\u0131n evl\u0259rini yox edib, m\u0259scidl\u0259ri v\u0259 q\u0259bristanl\u0131qlar\u0131 da\u011f\u0131d\u0131blar:<\/p>\n<p>&#8220;Biz burada olan zaman onu g\u00f6rd\u00fck ki, erm\u0259nil\u0259r i\u015f\u011fal alt\u0131nda saxlad\u0131qlar\u0131 \u0259razil\u0259rd\u0259 da\u015f\u0131 da\u015f \u00fcst\u0259 qoymay\u0131b, h\u0259r yeri da\u011f\u0131d\u0131blar. Az\u0259rbaycan torpaqlar\u0131nda xeyli sayda minalar da qura\u015fd\u0131r\u0131blar v\u0259 onlar\u0131n t\u0259mizl\u0259nm\u0259si \u00fc\u00e7\u00fcn bir xeyli zaman laz\u0131m olacaq&#8221;.<\/p>\n<p>Suxumi D\u00f6vl\u0259t Universistetinin professor Quram Marxuliya is\u0259 jurnalistl\u0259r\u0259 bildirib ki, o A\u011fdamda olan zaman erm\u0259ni vandall\u0131\u011f\u0131n\u0131n \u015fahidi olub:<\/p>\n<p>&#8220;A\u011fdam haz\u0131rda \u00f6l\u00fcl\u0259r \u015f\u0259h\u0259ridir. Erm\u0259nil\u0259r h\u0259min \u015f\u0259h\u0259rin m\u0259scidl\u0259rind\u0259 donuz saxlay\u0131b, islam dinin\u0259 qar\u015f\u0131 h\u00f6rm\u0259tsizlik edib. \u018fg\u0259r s\u0259n xristiansansa, bu o dem\u0259k deyil ki, s\u0259n islam dininin m\u00fcq\u0259dd\u0259s yerl\u0259rin\u0259 h\u00f6rm\u0259tsiz yana\u015fmal\u0131san. Allah erm\u0259nil\u0259r c\u0259zaland\u0131rd\u0131, ona g\u00f6r\u0259 ki, onlar qon\u015fu \u00f6lk\u0259nin torpaqlar\u0131na iddial\u0131 idil\u0259r&#8221;.<\/p>\n<p>&nbsp;<\/p>\n<p><iframe loading=\"lazy\" src=\"https:\/\/www.youtube.com\/embed\/XbKp6s5QcoE\" width=\"560\" height=\"315\" frameborder=\"0\" allowfullscreen=\"allowfullscreen\" data-mce-fragment=\"1\"><\/iframe><\/p>\n<\/div>\n<div class=\"social-banner\"><\/div>\n","protected":false},"excerpt":{"rendered":"<p>Bir qrup g\u00fcrc\u00fcstanl\u0131 jurnalist, ictimai-siyasi xadim v\u0259 ekspertl\u0259r i\u015f\u011faldan azad edilmi\u015f \u0259razil\u0259r\u0259 s\u0259f\u0259r edib. Qon\u015fu \u00f6lk\u0259d\u0259n olan qonaqlar A\u011fdam, F\u00fczuli, C\u0259bray\u0131l v\u0259 dig\u0259r \u0259razil\u0259r\u0259 ba\u015f \u00e7\u0259kib, erm\u0259ni vandalizmi v\u0259 v\u0259h\u015filikl\u0259ri il\u0259 tan\u0131\u015f olublar. G\u00fcrc\u00fcstanl\u0131 qonaqlar g\u00f6rd\u00fckl\u0259rind\u0259n d\u0259rin m\u0259yusluqlar\u0131n\u0131 ifad\u0259 edibl\u0259r. ARANTV.AZ\u00a0\u00a0Trend\u00a0TV-\u0259 istinad\u0259n bildirir ki,\u00a0G\u00fcrc\u00fcstan Beyn\u0259lxalq Ara\u015fd\u0131rmalar M\u0259rk\u0259zinin \u0259m\u0259kda\u015f\u0131 Aleksandr Kvaxadze jurnalistl\u0259r\u0259 a\u00e7\u0131qlamas\u0131nda bildirib ki, i\u015f\u011fal\u00e7\u0131 erm\u0259nil\u0259r 30 il \u0259rzind\u0259 az\u0259rbaycanl\u0131lar\u0131n evl\u0259rini yox edib, m\u0259scidl\u0259ri v\u0259 q\u0259bristanl\u0131qlar\u0131 da\u011f\u0131d\u0131blar: &#8220;Biz burada olan zaman onu g\u00f6rd\u00fck ki, erm\u0259nil\u0259r i\u015f\u011fal alt\u0131nda saxlad\u0131qlar\u0131 \u0259razil\u0259rd\u0259 da\u015f\u0131 da\u015f \u00fcst\u0259 qoymay\u0131b, h\u0259r yeri da\u011f\u0131d\u0131blar. Az\u0259rbaycan torpaqlar\u0131nda xeyli sayda&hellip;<\/p>\n","protected":false},"author":2,"featured_media":304123,"comment_status":"closed","ping_status":"closed","sticky":false,"template":"","format":"standard","meta":{"om_disable_all_campaigns":false,"_monsterinsights_skip_tracking":false,"_monsterinsights_sitenote_active":false,"_monsterinsights_sitenote_note":"","_monsterinsights_sitenote_category":0},"categories":[4],"tags":[],"aioseo_notices":[],"gutentor_comment":0,"rttpg_featured_image_url":{"full":["https:\/\/arantv.az\/wp-content\/uploads\/2021\/03\/926808_000.jpg",800,600,false],"landscape":["https:\/\/arantv.az\/wp-content\/uploads\/2021\/03\/926808_000.jpg",800,600,false],"portraits":["https:\/\/arantv.az\/wp-content\/uploads\/2021\/03\/926808_000.jpg",800,600,false],"thumbnail":["https:\/\/arantv.az\/wp-content\/uploads\/2021\/03\/926808_000-150x150.jpg",150,150,true],"medium":["https:\/\/arantv.az\/wp-content\/uploads\/2021\/03\/926808_000-300x225.jpg",300,225,true],"large":["https:\/\/arantv.az\/wp-content\/uploads\/2021\/03\/926808_000.jpg",640,480,false],"1536x1536":["https:\/\/arantv.az\/wp-content\/uploads\/2021\/03\/926808_000.jpg",800,600,false],"2048x2048":["https:\/\/arantv.az\/wp-content\/uploads\/2021\/03\/926808_000.jpg",800,600,false],"post-thumbnail":["https:\/\/arantv.az\/wp-content\/uploads\/2021\/03\/926808_000-240x172.jpg",240,172,true],"advps-thumb-one":["https:\/\/arantv.az\/wp-content\/uploads\/2021\/03\/926808_000.jpg",800,600,false]},"rttpg_author":{"display_name":"V\u00fcsal Rafiqo\u011flu","author_link":"https:\/\/arantv.az\/?author=2"},"rttpg_comment":0,"rttpg_category":"<a href=\"https:\/\/arantv.az\/?cat=4\" rel=\"category\">Siyas\u0259t<\/a>","rttpg_excerpt":"Bir qrup g\u00fcrc\u00fcstanl\u0131 jurnalist, ictimai-siyasi xadim v\u0259 ekspertl\u0259r i\u015f\u011faldan azad edilmi\u015f \u0259razil\u0259r\u0259 s\u0259f\u0259r edib. Qon\u015fu \u00f6lk\u0259d\u0259n olan qonaqlar A\u011fdam, F\u00fczuli, C\u0259bray\u0131l v\u0259 dig\u0259r \u0259razil\u0259r\u0259 ba\u015f \u00e7\u0259kib, erm\u0259ni vandalizmi v\u0259 v\u0259h\u015filikl\u0259ri il\u0259 tan\u0131\u015f olublar. G\u00fcrc\u00fcstanl\u0131 qonaqlar g\u00f6rd\u00fckl\u0259rind\u0259n d\u0259rin m\u0259yusluqlar\u0131n\u0131 ifad\u0259 edibl\u0259r. ARANTV.AZ\u00a0\u00a0Trend\u00a0TV-\u0259 istinad\u0259n bildirir ki,\u00a0G\u00fcrc\u00fcstan Beyn\u0259lxalq Ara\u015fd\u0131rmalar M\u0259rk\u0259zinin \u0259m\u0259kda\u015f\u0131 Aleksandr Kvaxadze jurnalistl\u0259r\u0259 a\u00e7\u0131qlamas\u0131nda bildirib ki, i\u015f\u011fal\u00e7\u0131&hellip;","_links":{"self":[{"href":"https:\/\/arantv.az\/index.php?rest_route=\/wp\/v2\/posts\/304122"}],"collection":[{"href":"https:\/\/arantv.az\/index.php?rest_route=\/wp\/v2\/posts"}],"about":[{"href":"https:\/\/arantv.az\/index.php?rest_route=\/wp\/v2\/types\/post"}],"author":[{"embeddable":true,"href":"https:\/\/arantv.az\/index.php?rest_route=\/wp\/v2\/users\/2"}],"replies":[{"embeddable":true,"href":"https:\/\/arantv.az\/index.php?rest_route=%2Fwp%2Fv2%2Fcomments&post=304122"}],"version-history":[{"count":0,"href":"https:\/\/arantv.az\/index.php?rest_route=\/wp\/v2\/posts\/304122\/revisions"}],"wp:featuredmedia":[{"embeddable":true,"href":"https:\/\/arantv.az\/index.php?rest_route=\/wp\/v2\/media\/304123"}],"wp:attachment":[{"href":"https:\/\/arantv.az\/index.php?rest_route=%2Fwp%2Fv2%2Fmedia&parent=304122"}],"wp:term":[{"taxonomy":"category","embeddable":true,"href":"https:\/\/arantv.az\/index.php?rest_route=%2Fwp%2Fv2%2Fcategories&post=304122"},{"taxonomy":"post_tag","embeddable":true,"href":"https:\/\/arantv.az\/index.php?rest_route=%2Fwp%2Fv2%2Ftags&post=304122"}],"curies":[{"name":"wp","href":"https:\/\/api.w.org\/{rel}","templated":true}]}}