{"id":304126,"date":"2021-03-01T12:46:53","date_gmt":"2021-03-01T09:46:53","guid":{"rendered":"http:\/\/arantv.az\/?p=304126"},"modified":"2021-03-01T12:46:53","modified_gmt":"2021-03-01T09:46:53","slug":"prezidentin-dord-dild%c9%99-master-klasi-%c9%99cn%c9%99bil%c9%99ri-heyran-etdi-s%c9%99rh-2","status":"publish","type":"post","link":"https:\/\/arantv.az\/?p=304126","title":{"rendered":"Prezidentin d\u00f6rd dild\u0259 master-klas\u0131 \u0259cn\u0259bil\u0259ri heyran etdi &#8211; \u015e\u018fRH"},"content":{"rendered":"<p>Fevral\u0131n 26-da Prezident \u0130lham \u018fliyevin d\u00f6rd saatdan \u00e7ox davam ed\u0259n m\u0259tbuat konfrans\u0131\u00a0bir s\u0131ra aktual m\u0259s\u0259l\u0259l\u0259rin s\u0259sl\u0259ndirilm\u0259si beyn\u0259lxalq median\u0131n diqq\u0259ti bax\u0131m\u0131ndan olduqca \u00f6n\u0259mli hadis\u0259 oldu.<\/p>\n<p>D\u00f6vl\u0259t ba\u015f\u00e7\u0131s\u0131 konfransda jurnalistl\u0259r\u0259 29 il \u0259vv\u0259l Erm\u0259nistan t\u0259r\u0259find\u0259n Az\u0259rbaycan \u0259halisin\u0259 qar\u015f\u0131 t\u00f6r\u0259dil\u0259n Xocal\u0131 cinay\u0259ti haqq\u0131nda dan\u0131\u015f\u0131b v\u0259 bu soyq\u0131r\u0131m\u0131 n\u0259tic\u0259sind\u0259 613 m\u00fclki \u015f\u0259xsin x\u00fcsusi q\u0259ddarl\u0131qla q\u0259tl\u0259 yetirildiyini, onlardan 106-s\u0131n\u0131n qad\u0131n, 63-\u00fcn\u00fcn u\u015faq oldu\u011funu bildirib.<\/p>\n<p>\u0130.\u018fliyev qeyd edib ki, Az\u0259rbaycan Ordusu t\u0259r\u0259find\u0259n \u0130kinci Qaraba\u011f m\u00fcharib\u0259si zaman\u0131 Xocal\u0131 soyq\u0131r\u0131m\u0131n\u0131 t\u00f6r\u0259d\u0259n h\u0259rbi cinay\u0259tkarlar\u0131n bir \u00e7oxunun m\u0259hv edildiyini xat\u0131rlad\u0131b.<\/p>\n<div id=\"AdviadNativeVideo0\" class=\"AdviadNativeVideo\"><\/div>\n<p>\u201cBiz yeni reall\u0131q yaratd\u0131q. Otuz il \u0259rzind\u0259 bu m\u0259s\u0259l\u0259 il\u0259 m\u0259\u015f\u011ful olan beyn\u0259lxalq qurumlar, eyni zamanda, ayr\u0131-ayr\u0131 \u00f6lk\u0259l\u0259r biz\u0259 a\u00e7\u0131q, yaxud da qeyri-r\u0259smi mesajlar g\u00f6nd\u0259rirdil\u0259r ki, reall\u0131q var, Az\u0259rbaycan m\u00fcharib\u0259d\u0259 m\u0259\u011flub edilmi\u015f t\u0259r\u0259fdir, siz reall\u0131qla bar\u0131\u015f\u0131n.<\/p>\n<p>\u00c7al\u0131\u015f\u0131n ki, bu reall\u0131qdan \u00f6z\u00fcn\u00fcz \u00fc\u00e7\u00fcn maksimum m\u0259qbul variant se\u00e7in, y\u0259ni, pis variantla daha pis variant aras\u0131nda. Biz is\u0259 bildiyiniz kimi, bel\u0259 \u00e7a\u011f\u0131r\u0131\u015flar\u0131 h\u0259r zaman r\u0259dd edirdik, \u00f6z m\u00f6vqeyimizd\u0259n bir add\u0131m bel\u0259 geri atm\u0131rd\u0131q v\u0259 m\u0259n bunu a\u00e7\u0131q b\u0259yan edirdim. \u0130ndi is\u0259, m\u0259n deyir\u0259m ki, yeni reall\u0131q yaran\u0131b v\u0259 bu reall\u0131\u011f\u0131 biz yaratd\u0131q.<\/p>\n<p>Bu reall\u0131qla Erm\u0259nistan v\u0259 eyni zamanda, b\u00fct\u00fcn ba\u015fqa \u00f6lk\u0259l\u0259r bar\u0131\u015fmal\u0131d\u0131rlar, hesabla\u015fmal\u0131d\u0131rlar. \u0130ndi Erm\u0259nistan qar\u015f\u0131s\u0131nda bir ne\u00e7\u0259 se\u00e7im var v\u0259 onlar\u0131n aras\u0131nda Erm\u0259nistan \u00fc\u00e7\u00fcn \u0259n m\u0259qbul se\u00e7im 10 noyabr B\u0259yanat\u0131n\u0131n m\u00fcdd\u0259alar\u0131n\u0131 icra etm\u0259kdir. \u018fks-t\u0259qdird\u0259, onlar \u00fc\u00e7\u00fcn daha da b\u00f6y\u00fck probleml\u0259r yarana bil\u0259r\u201d, &#8211; dey\u0259 Prezident konfransda \u00e7\u0131x\u0131\u015f\u0131 zaman\u0131 qeyd edib.<\/p>\n<p>Prezident\u00a0d\u00f6rd dild\u0259 &#8211; Az\u0259rbaycan, t\u00fcrk, ingilis v\u0259 rus dill\u0259rind\u0259 35 m\u00fcxbirin verdiyi 50-y\u0259 yax\u0131n suala cavab verib. Bununla da \u0130.\u018fliyev \u00f6lk\u0259mizin h\u0259qiq\u0259tl\u0259rini, yeridil\u0259n daxili v\u0259 xarici siyas\u0259tin beyn\u0259lxalq ictimaiyy\u0259tin diqq\u0259tin\u0259 \u00e7atd\u0131r\u0131lmas\u0131 bax\u0131m\u0131ndan \u00e7ox vacib \u0259h\u0259miyy\u0259t k\u0259sb edir.<\/p>\n<p>Konfransda xarici jurnalistl\u0259r t\u0259r\u0259find\u0259n b\u0131r s\u0131ra maraql\u0131 suallar da verilib.<\/p>\n<p>Ukraynan\u0131n \u201c1+1\u201d telekanal\u0131n\u0131n \u0259m\u0259kda\u015f\u0131\u00a0Az\u0259rbaycan\u0131n \u0259razil\u0259rini i\u015f\u011faldan h\u0259rbi yolla azad edilm\u0259si t\u0259cr\u00fcb\u0259sini Ukrayna il\u0259 b\u00f6l\u00fc\u015fm\u0259k imkan\u0131n olmas\u0131 bar\u0259d\u0259 sual verib.<\/p>\n<p>Prezident Ukrayna il\u0259 Az\u0259rbaycan aras\u0131nda h\u0259rbi-texniki \u0259m\u0259kda\u015fl\u0131q m\u0259s\u0259l\u0259sin\u0259 g\u0259ldikd\u0259, prinsip etibaril\u0259 bu \u0259m\u0259kda\u015fl\u0131\u011f\u0131n b\u00f6y\u00fck tarixi oldu\u011funu, m\u00fcst\u0259qilliyin ilk ill\u0259rind\u0259 Ukrayna h\u0259rbi-texniki \u0259m\u0259kda\u015fl\u0131q m\u0259s\u0259l\u0259sind\u0259 bizim \u0259sas t\u0259r\u0259fda\u015f\u0131m\u0131z oldu\u011funu, lakin t\u0259dric\u0259n bu \u0259m\u0259kda\u015fl\u0131q yox d\u0259r\u0259c\u0259sin\u0259 endiyini vur\u011fulay\u0131b:<\/p>\n<p>\u201cA\u00e7\u0131\u011f\u0131n\u0131 deyim ki, bu g\u00fcn d\u0259 h\u0259min \u0259m\u0259kda\u015fl\u0131\u011f\u0131n h\u0259cmi o q\u0259d\u0259r d\u0259 b\u00f6y\u00fck deyil. H\u0259r\u00e7\u0259nd, bizim h\u0259rbi s\u0259nayenin formala\u015fmas\u0131na g\u0259ldikd\u0259, biz \u00f6z h\u0259rbi s\u0259nayemizi yaratma\u011fa ba\u015flayanda Ukrayna m\u00fc\u0259ssis\u0259l\u0259ri bu i\u015fd\u0259 biz\u0259 \u00e7ox k\u00f6m\u0259k edibl\u0259r v\u0259 bizim h\u0259rbi m\u0259hsullar istehsal ed\u0259n m\u00fc\u0259ssis\u0259l\u0259rin \u00e7oxu Ukrayna \u015firk\u0259tl\u0259ri il\u0259 birg\u0259 m\u00fc\u0259ssis\u0259l\u0259r idi.<\/p>\n<p>M\u0259n\u0259 m\u0259lum oldu\u011funa g\u00f6r\u0259, bu g\u00fcn Ukraynan\u0131n h\u0259rbi-texniki kompleksi inki\u015faf d\u00f6vr\u00fcn\u00fc ya\u015fay\u0131r. Az\u0259rbaycanda da bel\u0259dir. Ona g\u00f6r\u0259 hesab edir\u0259m ki, bu istiqam\u0259td\u0259 d\u0259 \u0259m\u0259kda\u015fl\u0131q \u00fc\u00e7\u00fcn imkanlar var.<\/p>\n<p>Lakin a\u00e7\u0131q deyim ki, h\u0259l\u0259lik ist\u0259r Ukrayna, ist\u0259rs\u0259 d\u0259 Az\u0259rbaycan t\u0259r\u0259find\u0259n h\u0259r hans\u0131 konkret layih\u0259l\u0259r v\u0259 t\u0259klifl\u0259r olmay\u0131b. Y\u0259qin ki, h\u0259l\u0259 bunun vaxt\u0131 yeti\u015fm\u0259yib\u201d.<\/p>\n<p>\u0130.\u018fliyevin d\u00f6rd saatdan \u00e7ox davam ed\u0259n m\u0259tbuat konfrans\u0131nda d\u00f6rd dild\u0259 cavab verm\u0259si xarici jurnalistl\u0259r t\u0259r\u0259find\u0259n maraqla qar\u015f\u0131lan\u0131b.<\/p>\n<p>B\u00f6y\u00fck Britaniyadan olan jurnalist Aynur Tattersal bildirib ki, 25 ildir jurnalistika il\u0259 m\u0259\u015f\u011fuldur, amma h\u0259r hans\u0131 prezidentin d\u00f6rd dild\u0259 bu c\u00fcr m\u0259tbuat konfrans\u0131n\u0131 aparmas\u0131n\u0131n \u015fahidi olmay\u0131b.<\/p>\n<p>\u201cD\u00fc\u015f\u00fcn\u00fcr\u0259m ki, m\u0259tbuat konfrans\u0131n\u0131n uzunlu\u011funa g\u00f6r\u0259 siz art\u0131q d\u00fcnya rekorduna imza atm\u0131s\u0131n\u0131z. D\u00fcn\u0259n sizin b\u0259zi nazirl\u0259rinizl\u0259 d\u0259 g\u00f6r\u00fc\u015fl\u0259r ke\u00e7irdik. Onlar da biz\u0259 m\u0259s\u0259l\u0259l\u0259rl\u0259 ba\u011fl\u0131 dol\u011fun m\u0259lumat verdil\u0259r\u201d, &#8211; dey\u0259 o \u0259lav\u0259 edib.<\/p>\n<p>Konfransda daha bir maraql\u0131 sual \u201cLa Vanguardia\u201d q\u0259zetinin \u0259m\u0259kda\u015f\u0131 t\u0259r\u0259find\u0259n verilib.<\/p>\n<p>M\u00fcxbir \u0130.\u018fliyevin dil qabiliyy\u0259tini qeyd edib v\u0259 bildirib ki, \u0130spaniyada siyas\u0259t\u00e7il\u0259r bunu ed\u0259 bilmir.<\/p>\n<p>S\u00f6z\u00fcged\u0259n m\u0259tbuat konfrans\u0131nda Az\u0259rbaycan\u0131n s\u00fclh\u0259 sadiqliyi, b\u00f6lg\u0259d\u0259 sabitliyin v\u0259 s\u00fclh\u00fcn qorunmas\u0131 il\u0259 ba\u011fl\u0131 m\u00f6vqeyi d\u0259 beyn\u0259lxalq al\u0259m\u0259 \u00e7atd\u0131r\u0131ld\u0131. Bel\u0259\u00a0ki,\u00a0Rusiyan\u0131n \u201cZvezda\u201d v\u0259 \u201cBol\u015faya Aziya\u201d mediaholdinql\u0259rinin m\u00fcxbiri Prezident \u0130lham \u018fliyevin b\u00fct\u00fcn d\u00fcnyan\u0131n g\u00f6z\u00fc qar\u015f\u0131s\u0131nda nadir presedent yaratd\u0131\u011f\u0131n\u0131, h\u0259tta Qaraba\u011f m\u00fcharib\u0259si zaman\u0131 m\u00fctl\u0259q m\u0259nada s\u00fclhm\u0259raml\u0131 kimi \u00e7\u0131x\u0131\u015f etdiyini, 23 d\u0259f\u0259 s\u00fclh haqq\u0131nda dan\u0131\u015fd\u0131\u011f\u0131n\u0131 diqq\u0259t \u00e7\u0259kib.<\/p>\n<p>Bu g\u00fcn Az\u0259rbaycan t\u0259r\u0259fi \u00e7al\u0131\u015f\u0131r ki, b\u00f6lg\u0259d\u0259 davaml\u0131, dayan\u0131ql\u0131 s\u00fclh v\u0259 t\u0259hl\u00fck\u0259sizlik olsun. Bunun yegan\u0259 yolu is\u0259 \u0259m\u0259kda\u015fl\u0131qd\u0131r.<\/p>\n<p>Qaraba\u011f h\u0259qiq\u0259tl\u0259rinin d\u00fcnyaya \u00e7atd\u0131r\u0131lmas\u0131 v\u0259 azad edilmi\u015f b\u00f6lg\u0259l\u0259rd\u0259 yenid\u0259nqurma i\u015fl\u0259rinin apar\u0131lmas\u0131 haqq\u0131nda da yenilikl\u0259r\u0259 konfransda ayd\u0131nl\u0131q g\u0259tirildi.<\/p>\n<p>\u0130lham \u018fliyevin fevral\u0131n 26-da yerli v\u0259 xarici media n\u00fcmay\u0259nd\u0259l\u0259ri \u00fc\u00e7\u00fcn ke\u00e7irdiyi m\u0259tbuat konfrans\u0131 xarici \u00f6lk\u0259l\u0259rin k\u00fctl\u0259vi informasiya vasit\u0259l\u0259ri t\u0259r\u0259find\u0259n geni\u015f i\u015f\u0131qland\u0131r\u0131l\u0131b.<\/p>\n<p>Xarici K\u0130V-l\u0259r d\u00f6rd saatdan \u00e7ox davam etmi\u015f m\u0259tbuat konfrans\u0131nda \u0130lham \u018fliyevin jurnalistl\u0259rin suallar\u0131n\u0131 \u0259trafl\u0131 \u015f\u0259kild\u0259 cavabland\u0131rd\u0131\u011f\u0131n\u0131, vacib m\u0259s\u0259l\u0259l\u0259r\u0259 toxundu\u011funu, bir s\u0131ra \u00f6n\u0259mli mesajlar verdiyini qeyd edibl\u0259r.<\/p>\n","protected":false},"excerpt":{"rendered":"<p>Fevral\u0131n 26-da Prezident \u0130lham \u018fliyevin d\u00f6rd saatdan \u00e7ox davam ed\u0259n m\u0259tbuat konfrans\u0131\u00a0bir s\u0131ra aktual m\u0259s\u0259l\u0259l\u0259rin s\u0259sl\u0259ndirilm\u0259si beyn\u0259lxalq median\u0131n diqq\u0259ti bax\u0131m\u0131ndan olduqca \u00f6n\u0259mli hadis\u0259 oldu. D\u00f6vl\u0259t ba\u015f\u00e7\u0131s\u0131 konfransda jurnalistl\u0259r\u0259 29 il \u0259vv\u0259l Erm\u0259nistan t\u0259r\u0259find\u0259n Az\u0259rbaycan \u0259halisin\u0259 qar\u015f\u0131 t\u00f6r\u0259dil\u0259n Xocal\u0131 cinay\u0259ti haqq\u0131nda dan\u0131\u015f\u0131b v\u0259 bu soyq\u0131r\u0131m\u0131 n\u0259tic\u0259sind\u0259 613 m\u00fclki \u015f\u0259xsin x\u00fcsusi q\u0259ddarl\u0131qla q\u0259tl\u0259 yetirildiyini, onlardan 106-s\u0131n\u0131n qad\u0131n, 63-\u00fcn\u00fcn u\u015faq oldu\u011funu bildirib. \u0130.\u018fliyev qeyd edib ki, Az\u0259rbaycan Ordusu t\u0259r\u0259find\u0259n \u0130kinci Qaraba\u011f m\u00fcharib\u0259si zaman\u0131 Xocal\u0131 soyq\u0131r\u0131m\u0131n\u0131 t\u00f6r\u0259d\u0259n h\u0259rbi cinay\u0259tkarlar\u0131n bir \u00e7oxunun m\u0259hv edildiyini xat\u0131rlad\u0131b. \u201cBiz yeni reall\u0131q yaratd\u0131q. Otuz il \u0259rzind\u0259 bu m\u0259s\u0259l\u0259 il\u0259&hellip;<\/p>\n","protected":false},"author":2,"featured_media":304127,"comment_status":"closed","ping_status":"closed","sticky":false,"template":"","format":"standard","meta":{"om_disable_all_campaigns":false,"_monsterinsights_skip_tracking":false,"_monsterinsights_sitenote_active":false,"_monsterinsights_sitenote_note":"","_monsterinsights_sitenote_category":0},"categories":[4],"tags":[],"aioseo_notices":[],"gutentor_comment":0,"rttpg_featured_image_url":{"full":["https:\/\/arantv.az\/wp-content\/uploads\/2021\/03\/prezident-sekil-1.jpg",620,387,false],"landscape":["https:\/\/arantv.az\/wp-content\/uploads\/2021\/03\/prezident-sekil-1.jpg",620,387,false],"portraits":["https:\/\/arantv.az\/wp-content\/uploads\/2021\/03\/prezident-sekil-1.jpg",620,387,false],"thumbnail":["https:\/\/arantv.az\/wp-content\/uploads\/2021\/03\/prezident-sekil-1-150x150.jpg",150,150,true],"medium":["https:\/\/arantv.az\/wp-content\/uploads\/2021\/03\/prezident-sekil-1-300x187.jpg",300,187,true],"large":["https:\/\/arantv.az\/wp-content\/uploads\/2021\/03\/prezident-sekil-1.jpg",620,387,false],"1536x1536":["https:\/\/arantv.az\/wp-content\/uploads\/2021\/03\/prezident-sekil-1.jpg",620,387,false],"2048x2048":["https:\/\/arantv.az\/wp-content\/uploads\/2021\/03\/prezident-sekil-1.jpg",620,387,false],"post-thumbnail":["https:\/\/arantv.az\/wp-content\/uploads\/2021\/03\/prezident-sekil-1-240x172.jpg",240,172,true],"advps-thumb-one":["https:\/\/arantv.az\/wp-content\/uploads\/2021\/03\/prezident-sekil-1.jpg",620,387,false]},"rttpg_author":{"display_name":"V\u00fcsal Rafiqo\u011flu","author_link":"https:\/\/arantv.az\/?author=2"},"rttpg_comment":0,"rttpg_category":"<a href=\"https:\/\/arantv.az\/?cat=4\" rel=\"category\">Siyas\u0259t<\/a>","rttpg_excerpt":"Fevral\u0131n 26-da Prezident \u0130lham \u018fliyevin d\u00f6rd saatdan \u00e7ox davam ed\u0259n m\u0259tbuat konfrans\u0131\u00a0bir s\u0131ra aktual m\u0259s\u0259l\u0259l\u0259rin s\u0259sl\u0259ndirilm\u0259si beyn\u0259lxalq median\u0131n diqq\u0259ti bax\u0131m\u0131ndan olduqca \u00f6n\u0259mli hadis\u0259 oldu. D\u00f6vl\u0259t ba\u015f\u00e7\u0131s\u0131 konfransda jurnalistl\u0259r\u0259 29 il \u0259vv\u0259l Erm\u0259nistan t\u0259r\u0259find\u0259n Az\u0259rbaycan \u0259halisin\u0259 qar\u015f\u0131 t\u00f6r\u0259dil\u0259n Xocal\u0131 cinay\u0259ti haqq\u0131nda dan\u0131\u015f\u0131b v\u0259 bu soyq\u0131r\u0131m\u0131 n\u0259tic\u0259sind\u0259 613 m\u00fclki \u015f\u0259xsin x\u00fcsusi q\u0259ddarl\u0131qla q\u0259tl\u0259 yetirildiyini, onlardan 106-s\u0131n\u0131n qad\u0131n,&hellip;","_links":{"self":[{"href":"https:\/\/arantv.az\/index.php?rest_route=\/wp\/v2\/posts\/304126"}],"collection":[{"href":"https:\/\/arantv.az\/index.php?rest_route=\/wp\/v2\/posts"}],"about":[{"href":"https:\/\/arantv.az\/index.php?rest_route=\/wp\/v2\/types\/post"}],"author":[{"embeddable":true,"href":"https:\/\/arantv.az\/index.php?rest_route=\/wp\/v2\/users\/2"}],"replies":[{"embeddable":true,"href":"https:\/\/arantv.az\/index.php?rest_route=%2Fwp%2Fv2%2Fcomments&post=304126"}],"version-history":[{"count":0,"href":"https:\/\/arantv.az\/index.php?rest_route=\/wp\/v2\/posts\/304126\/revisions"}],"wp:featuredmedia":[{"embeddable":true,"href":"https:\/\/arantv.az\/index.php?rest_route=\/wp\/v2\/media\/304127"}],"wp:attachment":[{"href":"https:\/\/arantv.az\/index.php?rest_route=%2Fwp%2Fv2%2Fmedia&parent=304126"}],"wp:term":[{"taxonomy":"category","embeddable":true,"href":"https:\/\/arantv.az\/index.php?rest_route=%2Fwp%2Fv2%2Fcategories&post=304126"},{"taxonomy":"post_tag","embeddable":true,"href":"https:\/\/arantv.az\/index.php?rest_route=%2Fwp%2Fv2%2Ftags&post=304126"}],"curies":[{"name":"wp","href":"https:\/\/api.w.org\/{rel}","templated":true}]}}