{"id":304144,"date":"2021-03-01T12:56:52","date_gmt":"2021-03-01T09:56:52","guid":{"rendered":"http:\/\/arantv.az\/?p=304144"},"modified":"2021-03-01T12:56:52","modified_gmt":"2021-03-01T09:56:52","slug":"ilham-%c9%99liyev-aprel-muharib%c9%99si-il%c9%99-bagli-b%c9%99zi-t%c9%99f%c9%99rruatlari-ilk-d%c9%99f%c9%99-aciqlayir-t%c9%99hlil","status":"publish","type":"post","link":"https:\/\/arantv.az\/?p=304144","title":{"rendered":"\u0130lham \u018fliyev Aprel m\u00fcharib\u0259si il\u0259 ba\u011fl\u0131 b\u0259zi t\u0259f\u0259rr\u00fcatlar\u0131 ilk d\u0259f\u0259 a\u00e7\u0131qlay\u0131r \u2013 T\u018fHL\u0130L"},"content":{"rendered":"<p>Az\u0259rbaycan\u0131 q\u0259l\u0259b\u0259y\u0259 aparan yolda \u0259h\u0259miyy\u0259tli c\u0131\u011f\u0131r a\u00e7an 2016-c\u0131 ilin Aprel d\u00f6y\u00fc\u015fl\u0259ri v\u0259 ondan az sonra ba\u015flayan dan\u0131\u015f\u0131qlar prosesl\u0259ri il\u0259 ba\u011fl\u0131 yeni detallar \u00fcz\u0259 \u00e7\u0131x\u0131r.<\/p>\n<p>D\u00f6rdg\u00fcnl\u00fck m\u00fcharib\u0259nin dan\u0131\u015f\u0131qlar masas\u0131nda Az\u0259rbaycana h\u0259m diplomatik, h\u0259m d\u0259 siyasi \u00fcst\u00fcnl\u00fck qazand\u0131rmas\u0131 Erm\u0259nistan\u0131 dalana dir\u0259yir.<\/p>\n<p>Halbuki Erm\u0259nistan ordusu yaz\u0131n ba\u015flan\u011f\u0131c\u0131ndan \u2013 2016-c\u0131 ilin mart\u0131n 31-d\u0259n etibar\u0259n b\u00f6y\u00fck \u00fcmidl\u0259rl\u0259 yola \u00e7\u0131xm\u0131\u015fd\u0131, amma bu, onlara baha ba\u015fa g\u0259lir. Yeni \u0259razil\u0259r i\u015f\u011fal etm\u0259k azular\u0131 qursa\u011f\u0131nda qal\u0131r, s\u0259b\u0259b is\u0259 o idi ki, Erm\u0259nistan h\u0259rbi-siyasi r\u0259hb\u0259rliyi Az\u0259rbaycan\u0131n g\u00fcc\u00fcn\u00fc v\u0259 \u0259ks-h\u00fccum \u0259m\u0259liyyatlar\u0131n\u0131n miqyas\u0131n\u0131 d\u00fczg\u00fcn d\u0259y\u0259rl\u0259ndir\u0259 bilmir.<\/p>\n<div id=\"AdviadNativeVideo0\" class=\"AdviadNativeVideo\"><\/div>\n<p><strong>Qaraba\u011f s\u0259mas\u0131nda intihar dal\u0131\u015flar\u0131 \u2013 \u201cAra, qa\u00e7\u0131n\u201d<\/strong><\/p>\n<p>Erm\u0259nistan\u0131n ke\u00e7ilm\u0259z kimi s\u0131r\u0131d\u0131\u011f\u0131, mifik \u201cOhanyan\u201d m\u00fcdafi\u0259 x\u0259tti tez bir zamanda yar\u0131l\u0131r, Az\u0259rbaycan Ordusu ikinci, \u00fc\u00e7\u00fcnc\u00fc m\u00fcdafi\u0259 e\u015falonlar\u0131na qar\u015f\u0131 y\u00f6n al\u0131r.<\/p>\n<p>\u018fks-h\u00fccum \u0259m\u0259liyyatlar\u0131n\u0131n miqyas\u0131 Erm\u0259nistan ordusunun d\u0259rinliyin\u0259 n\u00fcfuz edir, pilotsuz z\u0259rb\u0259 aparat\u0131 \u201cHarop\u201d Qaraba\u011f s\u0259mas\u0131nda intihar dal\u0131\u015flar\u0131 il\u0259 d\u00fc\u015fm\u0259n\u0259 sars\u0131d\u0131c\u0131 z\u0259rb\u0259l\u0259r endirir.<\/p>\n<p><img src=\"https:\/\/cdn.oxu.az\/uploads\/W1siZiIsIjIwMjEvMDMvMDEvMTEvNDgvMjkvMDMxZjgxMjItMWNjYS00YmM1LTkxZmUtMjkxMGRlODIyMTQwL3Rvcy1hXygxKS5qcGciXSxbInAiLCJlbmNvZGUiLCJqcGciLCItcXVhbGl0eSA4MCJdLFsicCIsInRodW1iIiwiNTkweDU5MFx1MDAzZSJdXQ?sha=325264d5f84111d1\" alt=\"\" \/><\/p>\n<p>Tanklar, toplar, a\u011f\u0131r odsa\u00e7an raketl\u0259r (TOS-1A) Erm\u0259nistan h\u0259rbi birl\u0259\u015fm\u0259l\u0259rin\u0259 c\u0259h\u0259nn\u0259m ya\u015fad\u0131r, \u0259lacs\u0131z qalan d\u00fc\u015fm\u0259n ordusu \u201cara, qa\u00e7\u0131n\u201d deyib geri \u00e7\u0259kilir, Az\u0259rbaycan is\u0259 \u00e7ox m\u00fch\u00fcm strateji y\u00fcks\u0259klikl\u0259ri i\u015f\u011faldan azad edir.<\/p>\n<p>\u00c7\u0131x\u0131lmaz v\u0259ziyy\u0259td\u0259 qalan Erm\u0259nistan r\u0259hb\u0259rliyi \u00fcz\u00fcn\u00fc Moskvaya tutur v\u0259 m\u00fcharib\u0259nin dayand\u0131r\u0131lmas\u0131 \u00fc\u00e7\u00fcn imdad dil\u0259yir.<\/p>\n<p><strong>Sarqsyan yalan \u00fcz\u0259rind\u0259 \u00f6z\u00fcn\u00fc diriltm\u0259k ist\u0259yir<\/strong><\/p>\n<p>Bu yax\u0131nlarda is\u0259 Erm\u0259nistan\u0131n eks-prezidenti Serj Sarqsyan \u00f6z\u00fcn\u00fc erm\u0259ni c\u0259miyy\u0259tin\u0259 v\u0259 siyasi dair\u0259l\u0259rin\u0259 qalib simada tan\u0131tmaq \u00fc\u00e7\u00fcn son \u015fans\u0131n\u0131 s\u0131nay\u0131r. B\u0259li, bu, m\u0259hz siyasi meyit\u0259 \u00e7evril\u0259n Sarqsyan\u0131n yenid\u0259n siyasi h\u0259yata at\u0131lmas\u0131 \u00fc\u00e7\u00fcn son \u00e7\u0131rp\u0131n\u0131\u015flar\u0131 idi.<\/p>\n<p>Sarqsyan deyir ki, guya Az\u0259rbaycan t\u0259r\u0259fi aprel m\u00fcharib\u0259sind\u0259 h\u00fccum edib v\u0259 Erm\u0259nistan\u0131n \u0259ks-h\u00fccum \u0259m\u0259liyyatlar\u0131ndan sonra Rusiyadan m\u00fcharib\u0259nin dayand\u0131r\u0131lmas\u0131n\u0131 ist\u0259yib.<\/p>\n<p>Az\u0259rbaycan nec\u0259 m\u0259\u011flub olmu\u015fdu ki, 2 min hektardan \u00e7ox \u0259razini. Sarqsyan yalan\u0131 yalana calamaqda mahirdir, lakin faktlar\u0131n dili v\u0259 m\u0259ntiqin m\u00fchakim\u0259si amans\u0131zd\u0131r.<\/p>\n<p>B\u0259nd b\u0259nd izah etm\u0259y\u0259 \u00e7al\u0131\u015faq.<\/p>\n<p>Birincisi, Sarqsyan Aprel m\u00fcharib\u0259sind\u0259n az m\u00fcdd\u0259t ke\u00e7dikd\u0259n sonra 800 hektar \u0259razi itirdikl\u0259rini deyir, onun yalan\u0131n\u0131n \u00f6mr\u00fc uzun \u00e7\u0259kmir.<\/p>\n<p>Sarqsyan\u0131n m\u00fcharib\u0259d\u0259n sonrak\u0131 birinci raundda erm\u0259ni c\u0259miyy\u0259tini aldatmaq c\u0259hdl\u0259ri bo\u015fa \u00e7\u0131x\u0131r.<\/p>\n<p>\u0130kincisi, Sarqsyan nec\u0259 qalib g\u0259lmi\u015fdi ki, m\u00fcharib\u0259d\u0259n sonra Erm\u0259nistan M\u00fcdafi\u0259 Nazirliyi istefa dal\u011fas\u0131 il\u0259 silk\u0259l\u0259nir, h\u0259tta m\u00fcdafi\u0259 naziri Seyran Ohanyan da v\u0259zif\u0259sind\u0259n azad edilir.<\/p>\n<p>\u00dc\u00e7\u00fcnc\u00fcs\u00fc, \u0259vv\u0259l Erm\u0259nistan\u0131n h\u00fccum \u0259m\u0259liyyatlar\u0131na ba\u015flamas\u0131, \u00fcst\u0259g\u0259l m\u00fclki \u0259halini h\u0259d\u0259f\u0259 almas\u0131 il\u0259 ba\u011fl\u0131 videokadrlar var.<\/p>\n<p>D\u00f6rd\u00fcnc\u00fcs\u00fc, Erm\u0259nistan nec\u0259 qalib g\u0259lmi\u015fdi ki, iyul ay\u0131nda radikal \u201cSasna Tsrer\u201d qrupla\u015fmas\u0131 m\u0259\u011flubiyy\u0259t\u0259 g\u00f6r\u0259 \u0130r\u0259vanda polis binalar\u0131n\u0131 z\u0259bt etmi\u015fdi?<\/p>\n<p><strong>Q\u0131sa xronologiya<\/strong><\/p>\n<p>Aprel d\u00f6y\u00fc\u015fl\u0259rind\u0259n sonra Az\u0259rbaycan Prezidenti \u0130lham \u018fliyevl\u0259 Erm\u0259nistan Prezidenti Serj Sarqsyan aras\u0131nda ilk t\u0259mas Vyanada ba\u015f tutur, t\u0259r\u0259fl\u0259r AT\u018fT-in Minsk Qrupunun vasit\u0259\u00e7iliyi il\u0259 m\u00fcnaqi\u015f\u0259nin nizamlanmas\u0131n\u0131 m\u00fczakir\u0259 edirl\u0259r.<\/p>\n<p><img src=\"https:\/\/cdn.oxu.az\/uploads\/W1siZiIsIjIwMjEvMDMvMDEvMTEvNDgvMjkvODRmMjI3ZjEtNjI2NC00ZmY5LWI5ODMtNGVkOTAyNTM0ZWIzL1NIRUvEsExMLkpQRyJdLFsicCIsImVuY29kZSIsImpwZyIsIi1xdWFsaXR5IDgwIl0sWyJwIiwidGh1bWIiLCI1OTB4NTkwXHUwMDNlIl1d?sha=0d911c01e6d66a9c\" alt=\"\" \/><\/p>\n<p>Bunun ard\u0131nca \u2013 iyunun 20-d\u0259 Sankt-Peterburqda Az\u0259rbaycan Prezidenti \u0130lham \u018fliyevin, Rusiya Prezidenti Vladimir Putinin v\u0259 Erm\u0259nistan Prezidenti Serj Sarqsyan\u0131n g\u00f6r\u00fc\u015f\u00fc ke\u00e7irilir. Bundan sonra is\u0259 \u201cSasna Tsrer\u201d daha da aktivl\u0259\u015fir, Sarqsyan\u0131 \u0259razi v\u0259dl\u0259ri verm\u0259kd\u0259 t\u0259qsirl\u0259ndirir. Zaman ke\u00e7dikc\u0259 bunun do\u011fru oldu\u011fu \u00fcz\u0259 \u00e7\u0131x\u0131r.<\/p>\n<p><strong>\u0130lham \u018fliyev diqt\u0259 edib<\/strong><\/p>\n<p>Vyana g\u00f6r\u00fc\u015f\u00fcnd\u0259 \u0130lham \u018fliyevin ba\u011fl\u0131 qap\u0131lar arxas\u0131nda ir\u0259li qoydu\u011fu \u015f\u0259rtl\u0259r Serj Sarqsyan\u0131 \u00e7\u0259tin duruma sal\u0131r, amma \u00f6z\u00fcn\u0259 d\u0259 vaxt qazana bilir. \u0130lham \u018fliyevin \u015f\u0259rtl\u0259ri konkret v\u0259 ayd\u0131n idi \u2013 Erm\u0259nistan i\u015f\u011fal etdiyi torpaqlardan \u00e7\u0131xs\u0131n.<\/p>\n<p>Vaxt qazanan Sarqsyan Sankt-Peterburqda dalana dir\u0259nir v\u0259 \u0259razi v\u0259dl\u0259ri verir.<\/p>\n<p>El\u0259 o zaman Erm\u0259nistan ekspert \u00e7evr\u0259l\u0259ri Sarqsyan\u0131n Sankt-Peterburq g\u00f6r\u00fc\u015f\u00fcnd\u0259 miskin duruma d\u00fc\u015fd\u00fcy\u00fcn\u00fc deyirdil\u0259r.<\/p>\n<p>Sarqsyan\u0131n aciz v\u0259ziyy\u0259t\u0259 d\u00fc\u015fd\u00fcy\u00fc iki m\u0259nada g\u00f6st\u0259rilirdi, birincisi Sarqsyan Rusiyada s\u0259f\u0259rd\u0259 olark\u0259n d\u00f6vl\u0259t \u00e7evrili\u015fin\u0259 haz\u0131rla\u015fan \u201cSasna Tsrer\u201d \u00fczvl\u0259rini h\u0259bs etdirmi\u015fdi.<\/p>\n<p>\u0130kincisi, bir s\u0131ra erm\u0259ni analitik qeyd edirdi ki, Sarqsyan Rusiya lideri Vladimir Putind\u0259n m\u00fcnaqi\u015f\u0259ni t\u0259nziml\u0259m\u0259yi xahi\u015f edib, \u0130lham \u018fliyev is\u0259 torpaqlar\u0131n qaytar\u0131lmas\u0131 t\u0259l\u0259bini ir\u0259li s\u00fcr\u00fcb.<\/p>\n<p>El\u0259 bu m\u00f6vzuda \u2013 Aprel d\u00f6y\u00fc\u015fl\u0259rind\u0259 Erm\u0259nistan\u0131n h\u0259rb meydan\u0131nda m\u0259\u011flubiyy\u0259ti v\u0259 diplomatik m\u00fcst\u0259vid\u0259 diz \u00e7\u00f6km\u0259si haqq\u0131nda Az\u0259rbaycan Prezidenti \u0130lham \u018fliyev b\u0259zi detallar\u0131 ilk d\u0259f\u0259 a\u00e7\u0131qlay\u0131b.<\/p>\n<p>Prezident fevral\u0131n 26-da xarici v\u0259 yerli media n\u00fcmay\u0259nd\u0259l\u0259ri \u00fc\u00e7\u00fcn ke\u00e7irdiyi m\u0259tbuat konfrans\u0131nda deyib: \u00a0\u201cBir halda ki, s\u00f6hb\u0259t d\u00fc\u015f\u00fcb, onu da deyim. Biz\u0259 v\u0259d verildi ki, onlar b\u00fct\u00fcn \u0259razil\u0259rimizd\u0259n r\u0259dd olacaqlar. \u015e\u0259xs\u0259n Sarqsyan Rusiyadak\u0131 g\u00f6r\u00fc\u015f\u00fcm\u00fczd\u0259 bel\u0259 v\u0259dl\u0259r vermi\u015fdi. O, aprel d\u00f6y\u00fc\u015fl\u0259rind\u0259n sonra bu \u0259razil\u0259rd\u0259n r\u0259dd olmaq \u00fc\u00e7\u00fcn iki h\u0259ft\u0259 vaxt xahi\u015f etdi. B\u0259s, n\u0259y\u0259 g\u00f6r\u0259 o vaxt o, Ohanyan\u0131 m\u00fcdafi\u0259 naziri v\u0259zif\u0259sind\u0259n azad etdi. Son m\u0259qamda h\u0259min Ohanyan \u015eu\u015fadan qa\u00e7d\u0131. Guya \u015eu\u015fan\u0131 m\u00fcdafi\u0259 etm\u0259y\u0259 g\u0259lmi\u015fdi. M\u00fcdafi\u0259 ed\u0259ydi! O, orada, bizim torpa\u011f\u0131m\u0131zda do\u011fulub. B\u0259s, n\u0259 \u00fc\u00e7\u00fcn m\u00fcdafi\u0259 etm\u0259di? N\u0259 \u00fc\u00e7\u00fcn qa\u00e7d\u0131? \u0130ndi mitinql\u0259rd\u0259 lov\u011falan\u0131r, n\u0259y\u0259 g\u00f6r\u0259 lov\u011falanmas\u0131 ayd\u0131n deyil. Sarqsyan onu 2016-c\u0131 ilin aprelind\u0259 h\u0259rbi q\u0259l\u0259b\u0259y\u0259 g\u00f6r\u0259 i\u015fd\u0259n \u00e7\u0131xarm\u0131\u015fd\u0131? Sarqsyana m\u00f6hl\u0259t d\u0259 verildi. O, iki h\u0259ft\u0259 vaxt ist\u0259mi\u015fdi. Bu hadis\u0259 m\u0259nim v\u0259 Prezident Putinin yan\u0131nda olub. \u0130ki h\u0259ft\u0259 ke\u00e7di, sonra is\u0259 ya \u00f6z\u00fc t\u0259\u015fkil etdi, ya da orada n\u0259 is\u0259 ba\u015f verdi, polis m\u0259nt\u0259q\u0259si tutuldu. Buna g\u00f6r\u0259 dedi ki, indi bunu ed\u0259 bilm\u0259r\u0259m. \u0130ndi v\u0259ziyy\u0259t g\u0259rginl\u0259\u015fib, orada terror\u00e7ular var, m\u0259n terror\u00e7ularla v\u0259ziyy\u0259ti ayd\u0131nla\u015fd\u0131rmal\u0131yam. Bel\u0259likl\u0259, i\u015fi 2018-ci il\u0259 q\u0259d\u0259r uzatd\u0131. Buna g\u00f6r\u0259 d\u0259 he\u00e7 bir m\u0259s\u0259l\u0259 h\u0259ll edilm\u0259di\u201d.<\/p>\n<p>Serj Sarqsyan\u0131n m\u00fcsahib\u0259sind\u0259n sonra Erm\u0259nistan T\u0259hl\u00fck\u0259sizlik \u015euras\u0131n\u0131n katibi Armen Qriqoryan da Aprel m\u00fcharib\u0259sind\u0259 \u00f6lk\u0259sinin h\u00fccum, Az\u0259rbaycan\u0131n is\u0259 \u0259ks-h\u00fccum ba\u015flatd\u0131\u011f\u0131n\u0131 deyib.<\/p>\n<p>Onun s\u00f6zl\u0259rin\u0259 g\u00f6r\u0259, Sarqsyan g\u00fccl\u00fc \u0259ks-h\u00fccum \u0259m\u0259liyyatlar\u0131ndan sonra Rusiyaya \u00fcz tutub v\u0259 \u0259razi v\u0259dl\u0259ri verib.<\/p>\n<p><strong>Aprel d\u00f6y\u00fc\u015fl\u0259rinin \u0259h\u0259miyy\u0259ti<\/strong><\/p>\n<p>D\u00f6rdg\u00fcnl\u00fck m\u00fcharib\u0259 AT\u018fT-in Minsk Qrupunun konfliktin h\u0259llind\u0259 s\u0259yl\u0259rini stimulla\u015fd\u0131r\u0131r. D\u00fczd\u00fcr, bu s\u0259yl\u0259r effektiv n\u0259tic\u0259 hasil etmir. Ancaq Aprel m\u00fcharib\u0259si beyn\u0259lxalq s\u0259yl\u0259rin g\u00fccl\u0259ndirilm\u0259si bax\u0131m\u0131ndan \u0259h\u0259miyy\u0259tli idi.<\/p>\n<p><img src=\"https:\/\/cdn.oxu.az\/uploads\/W1siZiIsIjIwMjEvMDMvMDEvMTEvNTIvMzgvMWQ3YWMzNDAtOTQ1Zi00NTljLWJmZGYtZWE5MzNjZWQ3ODM5LzE1NWU4NTc4ZDgxNTFiMC5qcGciXSxbInAiLCJlbmNvZGUiLCJqcGciLCItcXVhbGl0eSA4MCJdLFsicCIsInRodW1iIiwiNTkweDU5MFx1MDAzZSJdXQ?sha=64535066198ed8e6\" alt=\"\" \/><\/p>\n<p>\u0130kincisi, Az\u0259rbaycan t\u0259xir\u0259sal\u0131nmaz t\u0259dbirl\u0259rl\u0259 siyasi d\u0259st\u0259yin qazan\u0131lmas\u0131 yolunda diplomatik s\u0259yl\u0259ri daha da g\u00fccl\u0259ndirir, paralel olaraq m\u00fcharib\u0259d\u0259 \u0259sasl\u0131 n\u0259tic\u0259 \u0259ld\u0259 etm\u0259k \u00fc\u00e7\u00fcn \u0259n m\u00fcasir silahlar\u0131n t\u0259dar\u00fck\u00fcn\u00fc h\u0259yata ke\u00e7irir.<\/p>\n<p>\u00dc\u00e7\u00fcnc\u00fcs\u00fc, Aprel m\u00fcharib\u0259si 44 g\u00fcnl\u00fck V\u0259t\u0259n m\u00fcharib\u0259sind\u0259 ke\u00e7iril\u0259n \u0259ks-h\u00fccum \u0259m\u0259liyyatlar\u0131n\u0131 asanla\u015fd\u0131r\u0131b, ax\u0131 b\u00f6y\u00fck \u0259razil\u0259rin i\u015f\u011faldan azad edilm\u0259si \u00fc\u00e7\u00fcn apreld\u0259 al\u0131nan strateji y\u00fcks\u0259klil\u0259r b\u00f6y\u00fck \u00f6n\u0259m\u0259 malik idi&#8230;<\/p>\n<p>Prezident \u0130lham \u018fliyevin mesajlar\u0131ndan \u00e7\u0131xan n\u0259tic\u0259l\u0259r is\u0259 bunlard\u0131r:<\/p>\n<p>Erm\u0259nistan r\u0259hb\u0259rliyi h\u0259mi\u015f\u0259 yalan tirajlay\u0131b, bunun yed\u0259yind\u0259 vaxt qazanmaq ist\u0259yib;<\/p>\n<p>Az\u0259rbaycan \u00f6z g\u00fcc\u00fc hesab\u0131na h\u00fcququ v\u0259 \u0259dal\u0259ti b\u0259rpa etm\u0259y\u0259 qadirdir.<\/p>\n","protected":false},"excerpt":{"rendered":"<p>Az\u0259rbaycan\u0131 q\u0259l\u0259b\u0259y\u0259 aparan yolda \u0259h\u0259miyy\u0259tli c\u0131\u011f\u0131r a\u00e7an 2016-c\u0131 ilin Aprel d\u00f6y\u00fc\u015fl\u0259ri v\u0259 ondan az sonra ba\u015flayan dan\u0131\u015f\u0131qlar prosesl\u0259ri il\u0259 ba\u011fl\u0131 yeni detallar \u00fcz\u0259 \u00e7\u0131x\u0131r. D\u00f6rdg\u00fcnl\u00fck m\u00fcharib\u0259nin dan\u0131\u015f\u0131qlar masas\u0131nda Az\u0259rbaycana h\u0259m diplomatik, h\u0259m d\u0259 siyasi \u00fcst\u00fcnl\u00fck qazand\u0131rmas\u0131 Erm\u0259nistan\u0131 dalana dir\u0259yir. Halbuki Erm\u0259nistan ordusu yaz\u0131n ba\u015flan\u011f\u0131c\u0131ndan \u2013 2016-c\u0131 ilin mart\u0131n 31-d\u0259n etibar\u0259n b\u00f6y\u00fck \u00fcmidl\u0259rl\u0259 yola \u00e7\u0131xm\u0131\u015fd\u0131, amma bu, onlara baha ba\u015fa g\u0259lir. Yeni \u0259razil\u0259r i\u015f\u011fal etm\u0259k azular\u0131 qursa\u011f\u0131nda qal\u0131r, s\u0259b\u0259b is\u0259 o idi ki, Erm\u0259nistan h\u0259rbi-siyasi r\u0259hb\u0259rliyi Az\u0259rbaycan\u0131n g\u00fcc\u00fcn\u00fc v\u0259 \u0259ks-h\u00fccum \u0259m\u0259liyyatlar\u0131n\u0131n miqyas\u0131n\u0131 d\u00fczg\u00fcn d\u0259y\u0259rl\u0259ndir\u0259 bilmir. Qaraba\u011f s\u0259mas\u0131nda intihar dal\u0131\u015flar\u0131 \u2013 \u201cAra,&hellip;<\/p>\n","protected":false},"author":2,"featured_media":304145,"comment_status":"closed","ping_status":"closed","sticky":false,"template":"","format":"standard","meta":{"om_disable_all_campaigns":false,"_monsterinsights_skip_tracking":false,"_monsterinsights_sitenote_active":false,"_monsterinsights_sitenote_note":"","_monsterinsights_sitenote_category":0},"categories":[4],"tags":[],"aioseo_notices":[],"gutentor_comment":0,"rttpg_featured_image_url":{"full":["https:\/\/arantv.az\/wp-content\/uploads\/2021\/03\/03.jpg",620,413,false],"landscape":["https:\/\/arantv.az\/wp-content\/uploads\/2021\/03\/03.jpg",620,413,false],"portraits":["https:\/\/arantv.az\/wp-content\/uploads\/2021\/03\/03.jpg",620,413,false],"thumbnail":["https:\/\/arantv.az\/wp-content\/uploads\/2021\/03\/03-150x150.jpg",150,150,true],"medium":["https:\/\/arantv.az\/wp-content\/uploads\/2021\/03\/03-300x200.jpg",300,200,true],"large":["https:\/\/arantv.az\/wp-content\/uploads\/2021\/03\/03.jpg",620,413,false],"1536x1536":["https:\/\/arantv.az\/wp-content\/uploads\/2021\/03\/03.jpg",620,413,false],"2048x2048":["https:\/\/arantv.az\/wp-content\/uploads\/2021\/03\/03.jpg",620,413,false],"post-thumbnail":["https:\/\/arantv.az\/wp-content\/uploads\/2021\/03\/03-240x172.jpg",240,172,true],"advps-thumb-one":["https:\/\/arantv.az\/wp-content\/uploads\/2021\/03\/03.jpg",620,413,false]},"rttpg_author":{"display_name":"V\u00fcsal Rafiqo\u011flu","author_link":"https:\/\/arantv.az\/?author=2"},"rttpg_comment":0,"rttpg_category":"<a href=\"https:\/\/arantv.az\/?cat=4\" rel=\"category\">Siyas\u0259t<\/a>","rttpg_excerpt":"Az\u0259rbaycan\u0131 q\u0259l\u0259b\u0259y\u0259 aparan yolda \u0259h\u0259miyy\u0259tli c\u0131\u011f\u0131r a\u00e7an 2016-c\u0131 ilin Aprel d\u00f6y\u00fc\u015fl\u0259ri v\u0259 ondan az sonra ba\u015flayan dan\u0131\u015f\u0131qlar prosesl\u0259ri il\u0259 ba\u011fl\u0131 yeni detallar \u00fcz\u0259 \u00e7\u0131x\u0131r. D\u00f6rdg\u00fcnl\u00fck m\u00fcharib\u0259nin dan\u0131\u015f\u0131qlar masas\u0131nda Az\u0259rbaycana h\u0259m diplomatik, h\u0259m d\u0259 siyasi \u00fcst\u00fcnl\u00fck qazand\u0131rmas\u0131 Erm\u0259nistan\u0131 dalana dir\u0259yir. Halbuki Erm\u0259nistan ordusu yaz\u0131n ba\u015flan\u011f\u0131c\u0131ndan \u2013 2016-c\u0131 ilin mart\u0131n 31-d\u0259n etibar\u0259n b\u00f6y\u00fck \u00fcmidl\u0259rl\u0259 yola \u00e7\u0131xm\u0131\u015fd\u0131, amma&hellip;","_links":{"self":[{"href":"https:\/\/arantv.az\/index.php?rest_route=\/wp\/v2\/posts\/304144"}],"collection":[{"href":"https:\/\/arantv.az\/index.php?rest_route=\/wp\/v2\/posts"}],"about":[{"href":"https:\/\/arantv.az\/index.php?rest_route=\/wp\/v2\/types\/post"}],"author":[{"embeddable":true,"href":"https:\/\/arantv.az\/index.php?rest_route=\/wp\/v2\/users\/2"}],"replies":[{"embeddable":true,"href":"https:\/\/arantv.az\/index.php?rest_route=%2Fwp%2Fv2%2Fcomments&post=304144"}],"version-history":[{"count":0,"href":"https:\/\/arantv.az\/index.php?rest_route=\/wp\/v2\/posts\/304144\/revisions"}],"wp:featuredmedia":[{"embeddable":true,"href":"https:\/\/arantv.az\/index.php?rest_route=\/wp\/v2\/media\/304145"}],"wp:attachment":[{"href":"https:\/\/arantv.az\/index.php?rest_route=%2Fwp%2Fv2%2Fmedia&parent=304144"}],"wp:term":[{"taxonomy":"category","embeddable":true,"href":"https:\/\/arantv.az\/index.php?rest_route=%2Fwp%2Fv2%2Fcategories&post=304144"},{"taxonomy":"post_tag","embeddable":true,"href":"https:\/\/arantv.az\/index.php?rest_route=%2Fwp%2Fv2%2Ftags&post=304144"}],"curies":[{"name":"wp","href":"https:\/\/api.w.org\/{rel}","templated":true}]}}