{"id":304160,"date":"2021-03-01T13:08:56","date_gmt":"2021-03-01T10:08:56","guid":{"rendered":"http:\/\/arantv.az\/?p=304160"},"modified":"2021-03-01T13:08:56","modified_gmt":"2021-03-01T10:08:56","slug":"ust-%c9%99halinin-50-faizinin-anticisiml%c9%99r%c9%99-sahib-olmasi-bel%c9%99-kollektiv-immuniteti-formalasdirmir","status":"publish","type":"post","link":"https:\/\/arantv.az\/?p=304160","title":{"rendered":"\u00dcST: \u201c\u018fhalinin 50 faizinin anticisiml\u0259r\u0259 sahib olmas\u0131 bel\u0259, kollektiv immuniteti formala\u015fd\u0131rm\u0131r\u201d"},"content":{"rendered":"<p>\u201cD\u00fcnya \u0259halisinin 10 faizind\u0259n az\u0131nda koronavirusa qar\u015f\u0131 anticisiml\u0259r yaran\u0131b\u201d.<\/p>\n<p>Bu bar\u0259d\u0259 \u00dcmumd\u00fcnya S\u0259hiyy\u0259 T\u0259\u015fkilat\u0131n\u0131n (\u00dcST) Ba\u015f elmi i\u015f\u00e7isi Sumya Svaminatan bildirib.<\/p>\n<div id=\"AdviadNativeVideo0\" class=\"AdviadNativeVideo\"><\/div>\n<p>\u00dcST r\u0259smisi qeyd edib ki, qurum d\u00fcnyan\u0131n bir s\u0131ra \u015f\u0259h\u0259rl\u0259rind\u0259 koronavirus ocaqlar\u0131n\u0131 t\u0259hlil ed\u0259n ara\u015fd\u0131rmalar\u0131 diqq\u0259tl\u0259 izl\u0259yir. Ara\u015fd\u0131rmalar onu g\u00f6st\u0259rir ki, \u015f\u0259h\u0259r \u0259halisinin yar\u0131s\u0131ndan \u00e7oxunun koronavirusa qar\u015f\u0131 anticisiml\u0259r\u0259 sahib olmas\u0131 bel\u0259 kollektiv immunitetin formala\u015fmas\u0131na imkan vermir.<\/p>\n<p>S.Svaminatan bildirib ki, bu s\u0259pkid\u0259\u00a0t\u0259xmin\u0259n 500 ara\u015fd\u0131rma apar\u0131l\u0131b.<\/p>\n<p>\u201cD\u00fcnya miqyas\u0131nda kollektiv immunitet\u0259 sahib olma\u011f\u0131n yegan\u0259 yolu k\u00fctl\u0259vi vaksinasiyad\u0131r\u201d, &#8211; dey\u0259 S.Svaminatan qeyd edib.<\/p>\n","protected":false},"excerpt":{"rendered":"<p>\u201cD\u00fcnya \u0259halisinin 10 faizind\u0259n az\u0131nda koronavirusa qar\u015f\u0131 anticisiml\u0259r yaran\u0131b\u201d. Bu bar\u0259d\u0259 \u00dcmumd\u00fcnya S\u0259hiyy\u0259 T\u0259\u015fkilat\u0131n\u0131n (\u00dcST) Ba\u015f elmi i\u015f\u00e7isi Sumya Svaminatan bildirib. \u00dcST r\u0259smisi qeyd edib ki, qurum d\u00fcnyan\u0131n bir s\u0131ra \u015f\u0259h\u0259rl\u0259rind\u0259 koronavirus ocaqlar\u0131n\u0131 t\u0259hlil ed\u0259n ara\u015fd\u0131rmalar\u0131 diqq\u0259tl\u0259 izl\u0259yir. Ara\u015fd\u0131rmalar onu g\u00f6st\u0259rir ki, \u015f\u0259h\u0259r \u0259halisinin yar\u0131s\u0131ndan \u00e7oxunun koronavirusa qar\u015f\u0131 anticisiml\u0259r\u0259 sahib olmas\u0131 bel\u0259 kollektiv immunitetin formala\u015fmas\u0131na imkan vermir. S.Svaminatan bildirib ki, bu s\u0259pkid\u0259\u00a0t\u0259xmin\u0259n 500 ara\u015fd\u0131rma apar\u0131l\u0131b. \u201cD\u00fcnya miqyas\u0131nda kollektiv immunitet\u0259 sahib olma\u011f\u0131n yegan\u0259 yolu k\u00fctl\u0259vi vaksinasiyad\u0131r\u201d, &#8211; dey\u0259 S.Svaminatan qeyd edib.<\/p>\n","protected":false},"author":2,"featured_media":304161,"comment_status":"closed","ping_status":"closed","sticky":false,"template":"","format":"standard","meta":{"om_disable_all_campaigns":false,"_monsterinsights_skip_tracking":false,"_monsterinsights_sitenote_active":false,"_monsterinsights_sitenote_note":"","_monsterinsights_sitenote_category":0},"categories":[7],"tags":[],"aioseo_notices":[],"gutentor_comment":0,"rttpg_featured_image_url":{"full":["https:\/\/arantv.az\/wp-content\/uploads\/2021\/03\/voz700.jpg",620,399,false],"landscape":["https:\/\/arantv.az\/wp-content\/uploads\/2021\/03\/voz700.jpg",620,399,false],"portraits":["https:\/\/arantv.az\/wp-content\/uploads\/2021\/03\/voz700.jpg",620,399,false],"thumbnail":["https:\/\/arantv.az\/wp-content\/uploads\/2021\/03\/voz700-150x150.jpg",150,150,true],"medium":["https:\/\/arantv.az\/wp-content\/uploads\/2021\/03\/voz700-300x193.jpg",300,193,true],"large":["https:\/\/arantv.az\/wp-content\/uploads\/2021\/03\/voz700.jpg",620,399,false],"1536x1536":["https:\/\/arantv.az\/wp-content\/uploads\/2021\/03\/voz700.jpg",620,399,false],"2048x2048":["https:\/\/arantv.az\/wp-content\/uploads\/2021\/03\/voz700.jpg",620,399,false],"post-thumbnail":["https:\/\/arantv.az\/wp-content\/uploads\/2021\/03\/voz700-240x172.jpg",240,172,true],"advps-thumb-one":["https:\/\/arantv.az\/wp-content\/uploads\/2021\/03\/voz700.jpg",620,399,false]},"rttpg_author":{"display_name":"V\u00fcsal Rafiqo\u011flu","author_link":"https:\/\/arantv.az\/?author=2"},"rttpg_comment":0,"rttpg_category":"<a href=\"https:\/\/arantv.az\/?cat=7\" rel=\"category\">D\u00fcnya<\/a>","rttpg_excerpt":"\u201cD\u00fcnya \u0259halisinin 10 faizind\u0259n az\u0131nda koronavirusa qar\u015f\u0131 anticisiml\u0259r yaran\u0131b\u201d. Bu bar\u0259d\u0259 \u00dcmumd\u00fcnya S\u0259hiyy\u0259 T\u0259\u015fkilat\u0131n\u0131n (\u00dcST) Ba\u015f elmi i\u015f\u00e7isi Sumya Svaminatan bildirib. \u00dcST r\u0259smisi qeyd edib ki, qurum d\u00fcnyan\u0131n bir s\u0131ra \u015f\u0259h\u0259rl\u0259rind\u0259 koronavirus ocaqlar\u0131n\u0131 t\u0259hlil ed\u0259n ara\u015fd\u0131rmalar\u0131 diqq\u0259tl\u0259 izl\u0259yir. Ara\u015fd\u0131rmalar onu g\u00f6st\u0259rir ki, \u015f\u0259h\u0259r \u0259halisinin yar\u0131s\u0131ndan \u00e7oxunun koronavirusa qar\u015f\u0131 anticisiml\u0259r\u0259 sahib olmas\u0131 bel\u0259 kollektiv immunitetin formala\u015fmas\u0131na&hellip;","_links":{"self":[{"href":"https:\/\/arantv.az\/index.php?rest_route=\/wp\/v2\/posts\/304160"}],"collection":[{"href":"https:\/\/arantv.az\/index.php?rest_route=\/wp\/v2\/posts"}],"about":[{"href":"https:\/\/arantv.az\/index.php?rest_route=\/wp\/v2\/types\/post"}],"author":[{"embeddable":true,"href":"https:\/\/arantv.az\/index.php?rest_route=\/wp\/v2\/users\/2"}],"replies":[{"embeddable":true,"href":"https:\/\/arantv.az\/index.php?rest_route=%2Fwp%2Fv2%2Fcomments&post=304160"}],"version-history":[{"count":0,"href":"https:\/\/arantv.az\/index.php?rest_route=\/wp\/v2\/posts\/304160\/revisions"}],"wp:featuredmedia":[{"embeddable":true,"href":"https:\/\/arantv.az\/index.php?rest_route=\/wp\/v2\/media\/304161"}],"wp:attachment":[{"href":"https:\/\/arantv.az\/index.php?rest_route=%2Fwp%2Fv2%2Fmedia&parent=304160"}],"wp:term":[{"taxonomy":"category","embeddable":true,"href":"https:\/\/arantv.az\/index.php?rest_route=%2Fwp%2Fv2%2Fcategories&post=304160"},{"taxonomy":"post_tag","embeddable":true,"href":"https:\/\/arantv.az\/index.php?rest_route=%2Fwp%2Fv2%2Ftags&post=304160"}],"curies":[{"name":"wp","href":"https:\/\/api.w.org\/{rel}","templated":true}]}}