{"id":304164,"date":"2021-03-01T13:49:07","date_gmt":"2021-03-01T10:49:07","guid":{"rendered":"http:\/\/arantv.az\/?p=304164"},"modified":"2021-03-01T13:49:07","modified_gmt":"2021-03-01T10:49:07","slug":"%c9%99rdoganla-putin-arasinda-telekonfrans-formatli-gorus-olacaq","status":"publish","type":"post","link":"https:\/\/arantv.az\/?p=304164","title":{"rendered":"\u018frdo\u011fanla Putin aras\u0131nda telekonfrans formatl\u0131 g\u00f6r\u00fc\u015f olacaq"},"content":{"rendered":"<p>Rusiya prezidentinin m\u0259tbuat katibi Dmitri Peskov Vladimir Putinl\u0259 T\u00fcrkiy\u0259 Prezidenti R\u0259c\u0259b Tayyib \u018frdo\u011fan aras\u0131nda telekonfrans\u0131n t\u0259\u015fkilin\u0259 haz\u0131rl\u0131q i\u015fl\u0259rinin apar\u0131ld\u0131\u011f\u0131n\u0131\u00a0t\u0259sdiql\u0259yib.<\/p>\n<p>Bu bar\u0259d\u0259 \u201cSabah\u201d n\u0259\u015fri m\u0259lumat yay\u0131b.<\/p>\n<div id=\"AdviadNativeVideo0\" class=\"AdviadNativeVideo\"><\/div>\n<p>Qeyd olunur ki, iki \u00f6lk\u0259 lideri \u00fc\u00e7\u00fcnc\u00fc \u201cAkkuyu\u201d Atom Elektrik Stansiyas\u0131 blokunun t\u0259m\u0259lqoyma m\u0259rasimind\u0259 onlayn i\u015ftirak ed\u0259c\u0259kl\u0259r.<\/p>\n<p>D. Peskov h\u0259m\u00e7inin \u0259lav\u0259 edib ki, telekonfransda prezidentl\u0259r aras\u0131nda substantiv dan\u0131\u015f\u0131qlar planla\u015fd\u0131r\u0131lm\u0131r.<\/p>\n","protected":false},"excerpt":{"rendered":"<p>Rusiya prezidentinin m\u0259tbuat katibi Dmitri Peskov Vladimir Putinl\u0259 T\u00fcrkiy\u0259 Prezidenti R\u0259c\u0259b Tayyib \u018frdo\u011fan aras\u0131nda telekonfrans\u0131n t\u0259\u015fkilin\u0259 haz\u0131rl\u0131q i\u015fl\u0259rinin apar\u0131ld\u0131\u011f\u0131n\u0131\u00a0t\u0259sdiql\u0259yib. Bu bar\u0259d\u0259 \u201cSabah\u201d n\u0259\u015fri m\u0259lumat yay\u0131b. Qeyd olunur ki, iki \u00f6lk\u0259 lideri \u00fc\u00e7\u00fcnc\u00fc \u201cAkkuyu\u201d Atom Elektrik Stansiyas\u0131 blokunun t\u0259m\u0259lqoyma m\u0259rasimind\u0259 onlayn i\u015ftirak ed\u0259c\u0259kl\u0259r. D. Peskov h\u0259m\u00e7inin \u0259lav\u0259 edib ki, telekonfransda prezidentl\u0259r aras\u0131nda substantiv dan\u0131\u015f\u0131qlar planla\u015fd\u0131r\u0131lm\u0131r.<\/p>\n","protected":false},"author":2,"featured_media":304166,"comment_status":"closed","ping_status":"closed","sticky":false,"template":"","format":"standard","meta":{"om_disable_all_campaigns":false,"_monsterinsights_skip_tracking":false,"_monsterinsights_sitenote_active":false,"_monsterinsights_sitenote_note":"","_monsterinsights_sitenote_category":0},"categories":[7],"tags":[],"aioseo_notices":[],"gutentor_comment":0,"rttpg_featured_image_url":{"full":["https:\/\/arantv.az\/wp-content\/uploads\/2021\/03\/1573741483_0_156_3085_1891_1920x0_80_0_0_947e8d417162ca8c5880fee7b8eba4e0.jpg",620,349,false],"landscape":["https:\/\/arantv.az\/wp-content\/uploads\/2021\/03\/1573741483_0_156_3085_1891_1920x0_80_0_0_947e8d417162ca8c5880fee7b8eba4e0.jpg",620,349,false],"portraits":["https:\/\/arantv.az\/wp-content\/uploads\/2021\/03\/1573741483_0_156_3085_1891_1920x0_80_0_0_947e8d417162ca8c5880fee7b8eba4e0.jpg",620,349,false],"thumbnail":["https:\/\/arantv.az\/wp-content\/uploads\/2021\/03\/1573741483_0_156_3085_1891_1920x0_80_0_0_947e8d417162ca8c5880fee7b8eba4e0-150x150.jpg",150,150,true],"medium":["https:\/\/arantv.az\/wp-content\/uploads\/2021\/03\/1573741483_0_156_3085_1891_1920x0_80_0_0_947e8d417162ca8c5880fee7b8eba4e0-300x169.jpg",300,169,true],"large":["https:\/\/arantv.az\/wp-content\/uploads\/2021\/03\/1573741483_0_156_3085_1891_1920x0_80_0_0_947e8d417162ca8c5880fee7b8eba4e0.jpg",620,349,false],"1536x1536":["https:\/\/arantv.az\/wp-content\/uploads\/2021\/03\/1573741483_0_156_3085_1891_1920x0_80_0_0_947e8d417162ca8c5880fee7b8eba4e0.jpg",620,349,false],"2048x2048":["https:\/\/arantv.az\/wp-content\/uploads\/2021\/03\/1573741483_0_156_3085_1891_1920x0_80_0_0_947e8d417162ca8c5880fee7b8eba4e0.jpg",620,349,false],"post-thumbnail":["https:\/\/arantv.az\/wp-content\/uploads\/2021\/03\/1573741483_0_156_3085_1891_1920x0_80_0_0_947e8d417162ca8c5880fee7b8eba4e0-240x172.jpg",240,172,true],"advps-thumb-one":["https:\/\/arantv.az\/wp-content\/uploads\/2021\/03\/1573741483_0_156_3085_1891_1920x0_80_0_0_947e8d417162ca8c5880fee7b8eba4e0.jpg",620,349,false]},"rttpg_author":{"display_name":"V\u00fcsal Rafiqo\u011flu","author_link":"https:\/\/arantv.az\/?author=2"},"rttpg_comment":0,"rttpg_category":"<a href=\"https:\/\/arantv.az\/?cat=7\" rel=\"category\">D\u00fcnya<\/a>","rttpg_excerpt":"Rusiya prezidentinin m\u0259tbuat katibi Dmitri Peskov Vladimir Putinl\u0259 T\u00fcrkiy\u0259 Prezidenti R\u0259c\u0259b Tayyib \u018frdo\u011fan aras\u0131nda telekonfrans\u0131n t\u0259\u015fkilin\u0259 haz\u0131rl\u0131q i\u015fl\u0259rinin apar\u0131ld\u0131\u011f\u0131n\u0131\u00a0t\u0259sdiql\u0259yib. Bu bar\u0259d\u0259 \u201cSabah\u201d n\u0259\u015fri m\u0259lumat yay\u0131b. Qeyd olunur ki, iki \u00f6lk\u0259 lideri \u00fc\u00e7\u00fcnc\u00fc \u201cAkkuyu\u201d Atom Elektrik Stansiyas\u0131 blokunun t\u0259m\u0259lqoyma m\u0259rasimind\u0259 onlayn i\u015ftirak ed\u0259c\u0259kl\u0259r. D. Peskov h\u0259m\u00e7inin \u0259lav\u0259 edib ki, telekonfransda prezidentl\u0259r aras\u0131nda substantiv dan\u0131\u015f\u0131qlar planla\u015fd\u0131r\u0131lm\u0131r.","_links":{"self":[{"href":"https:\/\/arantv.az\/index.php?rest_route=\/wp\/v2\/posts\/304164"}],"collection":[{"href":"https:\/\/arantv.az\/index.php?rest_route=\/wp\/v2\/posts"}],"about":[{"href":"https:\/\/arantv.az\/index.php?rest_route=\/wp\/v2\/types\/post"}],"author":[{"embeddable":true,"href":"https:\/\/arantv.az\/index.php?rest_route=\/wp\/v2\/users\/2"}],"replies":[{"embeddable":true,"href":"https:\/\/arantv.az\/index.php?rest_route=%2Fwp%2Fv2%2Fcomments&post=304164"}],"version-history":[{"count":0,"href":"https:\/\/arantv.az\/index.php?rest_route=\/wp\/v2\/posts\/304164\/revisions"}],"wp:featuredmedia":[{"embeddable":true,"href":"https:\/\/arantv.az\/index.php?rest_route=\/wp\/v2\/media\/304166"}],"wp:attachment":[{"href":"https:\/\/arantv.az\/index.php?rest_route=%2Fwp%2Fv2%2Fmedia&parent=304164"}],"wp:term":[{"taxonomy":"category","embeddable":true,"href":"https:\/\/arantv.az\/index.php?rest_route=%2Fwp%2Fv2%2Fcategories&post=304164"},{"taxonomy":"post_tag","embeddable":true,"href":"https:\/\/arantv.az\/index.php?rest_route=%2Fwp%2Fv2%2Ftags&post=304164"}],"curies":[{"name":"wp","href":"https:\/\/api.w.org\/{rel}","templated":true}]}}