{"id":304177,"date":"2021-03-01T13:52:39","date_gmt":"2021-03-01T10:52:39","guid":{"rendered":"http:\/\/arantv.az\/?p=304177"},"modified":"2021-03-01T13:52:39","modified_gmt":"2021-03-01T10:52:39","slug":"turkiy%c9%99d%c9%99-guclu-z%c9%99lz%c9%99l%c9%99l%c9%99r-olacaq-x%c9%99b%c9%99rdarliq-foto","status":"publish","type":"post","link":"https:\/\/arantv.az\/?p=304177","title":{"rendered":"T\u00fcrkiy\u0259d\u0259 g\u00fccl\u00fc z\u0259lz\u0259l\u0259l\u0259r olacaq &#8211; X\u018fB\u018fRDARLIQ + FOTO"},"content":{"rendered":"<p>T\u00fcrkiy\u0259d\u0259 6,4 v\u0259 6,7 bal g\u00fcc\u00fcnd\u0259 z\u0259lz\u0259l\u0259 olacaq.<\/p>\n<p>Bunu t\u00fcrkiy\u0259li professor \u018fhm\u0259d \u00d6vg\u00fcn Ercan \u201cHaber Global\u201da a\u00e7\u0131qlamas\u0131nda deyib.<\/p>\n<p>O, g\u00f6zl\u0259nil\u0259n M\u0259rm\u0259r\u0259 z\u0259lz\u0259l\u0259si bar\u0259d\u0259 a\u00e7\u0131qlamalar verib:<\/p>\n<div id=\"AdviadNativeVideo0\" class=\"AdviadNativeVideo\"><\/div>\n<p>\u201c\u0130ki z\u0259lz\u0259l\u0259 qeyd\u0259 al\u0131nacaq. Biri \u0130stanbulun qar\u015f\u0131s\u0131nda, Ki\u00e7ik\u00e7\u0259km\u0259c\u0259nin qar\u015f\u0131s\u0131nda, t\u0259xmin\u0259n 6,4 v\u0259 6,7 bal aras\u0131nda, dig\u0259ri is\u0259 M\u0259rm\u0259r\u0259 Ereglisinin qar\u015f\u0131s\u0131nda 7-7,2 bal g\u00fcc\u00fcnd\u0259 olacaq\u201d.<\/p>\n<p>Professor deyib ki, T\u00fcrkiy\u0259nin ke\u00e7mi\u015fin\u0259 baxd\u0131qda \u0259n \u00e7ox da\u011f\u0131d\u0131c\u0131 z\u0259lz\u0259l\u0259l\u0259rin \u015eimali Anadolu q\u0131r\u0131lma x\u0259ttind\u0259 meydana g\u0259ldiyi m\u0259lum olur.<\/p>\n<div class=\"gallery\">\n<div class=\"gallery-i\"><img src=\"https:\/\/cdn.oxu.az\/uploads\/W1siZiIsIjIwMjEvMDMvMDEvMTMvMTgvNTcvNzk2MWE3MTMtZTIxYi00NTNmLWFlMTQtNDlmNDhkY2M0MWY2L3Byb2YtZHItYWhtZXQtZXJjYW4taWtpLXRhbmUtZGVwcmVtLW9sYWNhay1kZWRpLW8tYm9sZ2VsZXJlLWlzYXJldC1ldHRpXzYwM2M5OTdjY2RmNTUuanBnIl0sWyJwIiwiZW5jb2RlIiwianBnIiwiLXF1YWxpdHkgODAiXSxbInAiLCJ0aHVtYiIsIjU5MHg1OTBcdTAwM2UiXV0?sha=2e7a748edf09a5c2\" alt=\"\" \/><\/div>\n<\/div>\n","protected":false},"excerpt":{"rendered":"<p>T\u00fcrkiy\u0259d\u0259 6,4 v\u0259 6,7 bal g\u00fcc\u00fcnd\u0259 z\u0259lz\u0259l\u0259 olacaq. Bunu t\u00fcrkiy\u0259li professor \u018fhm\u0259d \u00d6vg\u00fcn Ercan \u201cHaber Global\u201da a\u00e7\u0131qlamas\u0131nda deyib. O, g\u00f6zl\u0259nil\u0259n M\u0259rm\u0259r\u0259 z\u0259lz\u0259l\u0259si bar\u0259d\u0259 a\u00e7\u0131qlamalar verib: \u201c\u0130ki z\u0259lz\u0259l\u0259 qeyd\u0259 al\u0131nacaq. Biri \u0130stanbulun qar\u015f\u0131s\u0131nda, Ki\u00e7ik\u00e7\u0259km\u0259c\u0259nin qar\u015f\u0131s\u0131nda, t\u0259xmin\u0259n 6,4 v\u0259 6,7 bal aras\u0131nda, dig\u0259ri is\u0259 M\u0259rm\u0259r\u0259 Ereglisinin qar\u015f\u0131s\u0131nda 7-7,2 bal g\u00fcc\u00fcnd\u0259 olacaq\u201d. Professor deyib ki, T\u00fcrkiy\u0259nin ke\u00e7mi\u015fin\u0259 baxd\u0131qda \u0259n \u00e7ox da\u011f\u0131d\u0131c\u0131 z\u0259lz\u0259l\u0259l\u0259rin \u015eimali Anadolu q\u0131r\u0131lma x\u0259ttind\u0259 meydana g\u0259ldiyi m\u0259lum olur.<\/p>\n","protected":false},"author":2,"featured_media":304178,"comment_status":"closed","ping_status":"closed","sticky":false,"template":"","format":"standard","meta":{"om_disable_all_campaigns":false,"_monsterinsights_skip_tracking":false,"_monsterinsights_sitenote_active":false,"_monsterinsights_sitenote_note":"","_monsterinsights_sitenote_category":0},"categories":[7],"tags":[],"aioseo_notices":[],"gutentor_comment":0,"rttpg_featured_image_url":{"full":["https:\/\/arantv.az\/wp-content\/uploads\/2021\/03\/prof-dr-ahmet-ercan-iki-tane-deprem-olacak-dedi-o-bolgelere-isaret-etti_1614584336.jpg",620,349,false],"landscape":["https:\/\/arantv.az\/wp-content\/uploads\/2021\/03\/prof-dr-ahmet-ercan-iki-tane-deprem-olacak-dedi-o-bolgelere-isaret-etti_1614584336.jpg",620,349,false],"portraits":["https:\/\/arantv.az\/wp-content\/uploads\/2021\/03\/prof-dr-ahmet-ercan-iki-tane-deprem-olacak-dedi-o-bolgelere-isaret-etti_1614584336.jpg",620,349,false],"thumbnail":["https:\/\/arantv.az\/wp-content\/uploads\/2021\/03\/prof-dr-ahmet-ercan-iki-tane-deprem-olacak-dedi-o-bolgelere-isaret-etti_1614584336-150x150.jpg",150,150,true],"medium":["https:\/\/arantv.az\/wp-content\/uploads\/2021\/03\/prof-dr-ahmet-ercan-iki-tane-deprem-olacak-dedi-o-bolgelere-isaret-etti_1614584336-300x169.jpg",300,169,true],"large":["https:\/\/arantv.az\/wp-content\/uploads\/2021\/03\/prof-dr-ahmet-ercan-iki-tane-deprem-olacak-dedi-o-bolgelere-isaret-etti_1614584336.jpg",620,349,false],"1536x1536":["https:\/\/arantv.az\/wp-content\/uploads\/2021\/03\/prof-dr-ahmet-ercan-iki-tane-deprem-olacak-dedi-o-bolgelere-isaret-etti_1614584336.jpg",620,349,false],"2048x2048":["https:\/\/arantv.az\/wp-content\/uploads\/2021\/03\/prof-dr-ahmet-ercan-iki-tane-deprem-olacak-dedi-o-bolgelere-isaret-etti_1614584336.jpg",620,349,false],"post-thumbnail":["https:\/\/arantv.az\/wp-content\/uploads\/2021\/03\/prof-dr-ahmet-ercan-iki-tane-deprem-olacak-dedi-o-bolgelere-isaret-etti_1614584336-240x172.jpg",240,172,true],"advps-thumb-one":["https:\/\/arantv.az\/wp-content\/uploads\/2021\/03\/prof-dr-ahmet-ercan-iki-tane-deprem-olacak-dedi-o-bolgelere-isaret-etti_1614584336.jpg",620,349,false]},"rttpg_author":{"display_name":"V\u00fcsal Rafiqo\u011flu","author_link":"https:\/\/arantv.az\/?author=2"},"rttpg_comment":0,"rttpg_category":"<a href=\"https:\/\/arantv.az\/?cat=7\" rel=\"category\">D\u00fcnya<\/a>","rttpg_excerpt":"T\u00fcrkiy\u0259d\u0259 6,4 v\u0259 6,7 bal g\u00fcc\u00fcnd\u0259 z\u0259lz\u0259l\u0259 olacaq. Bunu t\u00fcrkiy\u0259li professor \u018fhm\u0259d \u00d6vg\u00fcn Ercan \u201cHaber Global\u201da a\u00e7\u0131qlamas\u0131nda deyib. O, g\u00f6zl\u0259nil\u0259n M\u0259rm\u0259r\u0259 z\u0259lz\u0259l\u0259si bar\u0259d\u0259 a\u00e7\u0131qlamalar verib: \u201c\u0130ki z\u0259lz\u0259l\u0259 qeyd\u0259 al\u0131nacaq. Biri \u0130stanbulun qar\u015f\u0131s\u0131nda, Ki\u00e7ik\u00e7\u0259km\u0259c\u0259nin qar\u015f\u0131s\u0131nda, t\u0259xmin\u0259n 6,4 v\u0259 6,7 bal aras\u0131nda, dig\u0259ri is\u0259 M\u0259rm\u0259r\u0259 Ereglisinin qar\u015f\u0131s\u0131nda 7-7,2 bal g\u00fcc\u00fcnd\u0259 olacaq\u201d. Professor deyib ki, T\u00fcrkiy\u0259nin ke\u00e7mi\u015fin\u0259 baxd\u0131qda&hellip;","_links":{"self":[{"href":"https:\/\/arantv.az\/index.php?rest_route=\/wp\/v2\/posts\/304177"}],"collection":[{"href":"https:\/\/arantv.az\/index.php?rest_route=\/wp\/v2\/posts"}],"about":[{"href":"https:\/\/arantv.az\/index.php?rest_route=\/wp\/v2\/types\/post"}],"author":[{"embeddable":true,"href":"https:\/\/arantv.az\/index.php?rest_route=\/wp\/v2\/users\/2"}],"replies":[{"embeddable":true,"href":"https:\/\/arantv.az\/index.php?rest_route=%2Fwp%2Fv2%2Fcomments&post=304177"}],"version-history":[{"count":0,"href":"https:\/\/arantv.az\/index.php?rest_route=\/wp\/v2\/posts\/304177\/revisions"}],"wp:featuredmedia":[{"embeddable":true,"href":"https:\/\/arantv.az\/index.php?rest_route=\/wp\/v2\/media\/304178"}],"wp:attachment":[{"href":"https:\/\/arantv.az\/index.php?rest_route=%2Fwp%2Fv2%2Fmedia&parent=304177"}],"wp:term":[{"taxonomy":"category","embeddable":true,"href":"https:\/\/arantv.az\/index.php?rest_route=%2Fwp%2Fv2%2Fcategories&post=304177"},{"taxonomy":"post_tag","embeddable":true,"href":"https:\/\/arantv.az\/index.php?rest_route=%2Fwp%2Fv2%2Ftags&post=304177"}],"curies":[{"name":"wp","href":"https:\/\/api.w.org\/{rel}","templated":true}]}}