{"id":304181,"date":"2021-03-01T13:53:11","date_gmt":"2021-03-01T10:53:11","guid":{"rendered":"http:\/\/arantv.az\/?p=304181"},"modified":"2021-03-01T13:53:11","modified_gmt":"2021-03-01T10:53:11","slug":"s%c9%99firlik-iranin-m%c9%99lumatlari-erm%c9%99nistana-oturm%c9%99si-iddialari-yalandir","status":"publish","type":"post","link":"https:\/\/arantv.az\/?p=304181","title":{"rendered":"S\u0259firlik: \u201c\u0130ran\u0131n m\u0259lumatlar\u0131 Erm\u0259nistana \u00f6t\u00fcrm\u0259si iddialar\u0131 yaland\u0131r\u201d"},"content":{"rendered":"<p>\u0130ran\u0131n Az\u0259rbaycandak\u0131 s\u0259firliyi\u00a0yay\u0131lan \u201c\u0130ran Az\u0259rbaycan ordusunun m\u0259lumatlar\u0131n\u0131 Erm\u0259nistana \u00f6t\u00fcr\u00fcb v\u0259 bu \u00f6lk\u0259y\u0259 silah v\u0259 yanacaq verib\u201d informasiyan\u0131\u00a0t\u0259kzib edib.<\/p>\n<p>Bu bar\u0259d\u0259 \u0130ran\u0131n Az\u0259rbaycandak\u0131 s\u0259firliyinin yayd\u0131\u011f\u0131 a\u00e7\u0131qlamada bildirilib:<\/p>\n<div id=\"AdviadNativeVideo0\" class=\"AdviadNativeVideo\"><\/div>\n<p>\u201c\u0130slam \u0130nqilab\u0131n\u0131n Ali R\u0259hb\u0259rinin v\u0259 \u0130slam Respublikas\u0131n\u0131n y\u00fcks\u0259k v\u0259zif\u0259li r\u0259smil\u0259rinin Az\u0259rbaycan Respublikas\u0131n\u0131n m\u00f6vqel\u0259rini a\u00e7\u0131q \u015f\u0259kild\u0259 d\u0259st\u0259kl\u0259m\u0259l\u0259ri v\u0259 i\u015f\u011fal\u0131 q\u0131namalar\u0131 il\u0259 ba\u011fl\u0131 a\u00e7\u0131q m\u00f6vqel\u0259ri ham\u0131ya ayd\u0131nd\u0131r v\u0259 bu m\u00f6vqe d\u0259f\u0259l\u0259rl\u0259 Az\u0259rbaycan Respublikas\u0131n\u0131n y\u00fcks\u0259k v\u0259zif\u0259li \u015f\u0259xsl\u0259ri t\u0259r\u0259find\u0259n m\u00fcsb\u0259t qiym\u0259tl\u0259ndirilib.<\/p>\n<p>Az\u0259rbaycan Respublikas\u0131n\u0131n m\u00fcdrik xalq\u0131 da son m\u00fcharib\u0259 zaman\u0131 \u0130ran v\u0259 Erm\u0259nistan\u0131n quru v\u0259 hava s\u0259rh\u0259dl\u0259rinin ba\u011flanmas\u0131 x\u0259b\u0259rind\u0259n m\u0259lumatl\u0131\u00a0idi. Bu, Az\u0259rbaycan Prezidenti \u0130lham \u018fliyev t\u0259r\u0259find\u0259n d\u0259 b\u0259yan olunub.<\/p>\n<p>\u0130ran, Da\u011fl\u0131q Qaraba\u011f m\u00fcharib\u0259sinin h\u0259ssas d\u00f6vr\u00fcnd\u0259 Az\u0259rbaycan Respublikas\u0131na siyasi v\u0259 h\u0259rbi d\u0259st\u0259k verib. \u0130ki mill\u0259tin tarixi, m\u0259d\u0259ni v\u0259 dini ortaql\u0131qlar\u0131n\u0131 n\u0259z\u0259r\u0259 alaraq, \u0130ran v\u0259 Az\u0259rbaycan xalqlar\u0131n\u0131n dostlu\u011fu \u0259b\u0259didir v\u0259 he\u00e7 bir q\u00fcvv\u0259 bu c\u00fcr h\u0259r\u0259k\u0259tl\u0259ri il\u0259 ona x\u0259l\u0259l g\u0259tir\u0259 bilm\u0259z\u201d.<\/p>\n","protected":false},"excerpt":{"rendered":"<p>\u0130ran\u0131n Az\u0259rbaycandak\u0131 s\u0259firliyi\u00a0yay\u0131lan \u201c\u0130ran Az\u0259rbaycan ordusunun m\u0259lumatlar\u0131n\u0131 Erm\u0259nistana \u00f6t\u00fcr\u00fcb v\u0259 bu \u00f6lk\u0259y\u0259 silah v\u0259 yanacaq verib\u201d informasiyan\u0131\u00a0t\u0259kzib edib. Bu bar\u0259d\u0259 \u0130ran\u0131n Az\u0259rbaycandak\u0131 s\u0259firliyinin yayd\u0131\u011f\u0131 a\u00e7\u0131qlamada bildirilib: \u201c\u0130slam \u0130nqilab\u0131n\u0131n Ali R\u0259hb\u0259rinin v\u0259 \u0130slam Respublikas\u0131n\u0131n y\u00fcks\u0259k v\u0259zif\u0259li r\u0259smil\u0259rinin Az\u0259rbaycan Respublikas\u0131n\u0131n m\u00f6vqel\u0259rini a\u00e7\u0131q \u015f\u0259kild\u0259 d\u0259st\u0259kl\u0259m\u0259l\u0259ri v\u0259 i\u015f\u011fal\u0131 q\u0131namalar\u0131 il\u0259 ba\u011fl\u0131 a\u00e7\u0131q m\u00f6vqel\u0259ri ham\u0131ya ayd\u0131nd\u0131r v\u0259 bu m\u00f6vqe d\u0259f\u0259l\u0259rl\u0259 Az\u0259rbaycan Respublikas\u0131n\u0131n y\u00fcks\u0259k v\u0259zif\u0259li \u015f\u0259xsl\u0259ri t\u0259r\u0259find\u0259n m\u00fcsb\u0259t qiym\u0259tl\u0259ndirilib. Az\u0259rbaycan Respublikas\u0131n\u0131n m\u00fcdrik xalq\u0131 da son m\u00fcharib\u0259 zaman\u0131 \u0130ran v\u0259 Erm\u0259nistan\u0131n quru v\u0259 hava s\u0259rh\u0259dl\u0259rinin ba\u011flanmas\u0131 x\u0259b\u0259rind\u0259n m\u0259lumatl\u0131\u00a0idi. Bu, Az\u0259rbaycan Prezidenti \u0130lham \u018fliyev t\u0259r\u0259find\u0259n d\u0259 b\u0259yan olunub.&hellip;<\/p>\n","protected":false},"author":2,"featured_media":304182,"comment_status":"closed","ping_status":"closed","sticky":false,"template":"","format":"standard","meta":{"om_disable_all_campaigns":false,"_monsterinsights_skip_tracking":false,"_monsterinsights_sitenote_active":false,"_monsterinsights_sitenote_note":"","_monsterinsights_sitenote_category":0},"categories":[4],"tags":[],"aioseo_notices":[],"gutentor_comment":0,"rttpg_featured_image_url":{"full":["https:\/\/arantv.az\/wp-content\/uploads\/2021\/03\/building_if_iranian_embassy_in_baku_271113.jpg",580,465,false],"landscape":["https:\/\/arantv.az\/wp-content\/uploads\/2021\/03\/building_if_iranian_embassy_in_baku_271113.jpg",580,465,false],"portraits":["https:\/\/arantv.az\/wp-content\/uploads\/2021\/03\/building_if_iranian_embassy_in_baku_271113.jpg",580,465,false],"thumbnail":["https:\/\/arantv.az\/wp-content\/uploads\/2021\/03\/building_if_iranian_embassy_in_baku_271113-150x150.jpg",150,150,true],"medium":["https:\/\/arantv.az\/wp-content\/uploads\/2021\/03\/building_if_iranian_embassy_in_baku_271113-300x241.jpg",300,241,true],"large":["https:\/\/arantv.az\/wp-content\/uploads\/2021\/03\/building_if_iranian_embassy_in_baku_271113.jpg",580,465,false],"1536x1536":["https:\/\/arantv.az\/wp-content\/uploads\/2021\/03\/building_if_iranian_embassy_in_baku_271113.jpg",580,465,false],"2048x2048":["https:\/\/arantv.az\/wp-content\/uploads\/2021\/03\/building_if_iranian_embassy_in_baku_271113.jpg",580,465,false],"post-thumbnail":["https:\/\/arantv.az\/wp-content\/uploads\/2021\/03\/building_if_iranian_embassy_in_baku_271113-240x172.jpg",240,172,true],"advps-thumb-one":["https:\/\/arantv.az\/wp-content\/uploads\/2021\/03\/building_if_iranian_embassy_in_baku_271113.jpg",580,465,false]},"rttpg_author":{"display_name":"V\u00fcsal Rafiqo\u011flu","author_link":"https:\/\/arantv.az\/?author=2"},"rttpg_comment":0,"rttpg_category":"<a href=\"https:\/\/arantv.az\/?cat=4\" rel=\"category\">Siyas\u0259t<\/a>","rttpg_excerpt":"\u0130ran\u0131n Az\u0259rbaycandak\u0131 s\u0259firliyi\u00a0yay\u0131lan \u201c\u0130ran Az\u0259rbaycan ordusunun m\u0259lumatlar\u0131n\u0131 Erm\u0259nistana \u00f6t\u00fcr\u00fcb v\u0259 bu \u00f6lk\u0259y\u0259 silah v\u0259 yanacaq verib\u201d informasiyan\u0131\u00a0t\u0259kzib edib. Bu bar\u0259d\u0259 \u0130ran\u0131n Az\u0259rbaycandak\u0131 s\u0259firliyinin yayd\u0131\u011f\u0131 a\u00e7\u0131qlamada bildirilib: \u201c\u0130slam \u0130nqilab\u0131n\u0131n Ali R\u0259hb\u0259rinin v\u0259 \u0130slam Respublikas\u0131n\u0131n y\u00fcks\u0259k v\u0259zif\u0259li r\u0259smil\u0259rinin Az\u0259rbaycan Respublikas\u0131n\u0131n m\u00f6vqel\u0259rini a\u00e7\u0131q \u015f\u0259kild\u0259 d\u0259st\u0259kl\u0259m\u0259l\u0259ri v\u0259 i\u015f\u011fal\u0131 q\u0131namalar\u0131 il\u0259 ba\u011fl\u0131 a\u00e7\u0131q m\u00f6vqel\u0259ri ham\u0131ya ayd\u0131nd\u0131r v\u0259 bu m\u00f6vqe d\u0259f\u0259l\u0259rl\u0259&hellip;","_links":{"self":[{"href":"https:\/\/arantv.az\/index.php?rest_route=\/wp\/v2\/posts\/304181"}],"collection":[{"href":"https:\/\/arantv.az\/index.php?rest_route=\/wp\/v2\/posts"}],"about":[{"href":"https:\/\/arantv.az\/index.php?rest_route=\/wp\/v2\/types\/post"}],"author":[{"embeddable":true,"href":"https:\/\/arantv.az\/index.php?rest_route=\/wp\/v2\/users\/2"}],"replies":[{"embeddable":true,"href":"https:\/\/arantv.az\/index.php?rest_route=%2Fwp%2Fv2%2Fcomments&post=304181"}],"version-history":[{"count":0,"href":"https:\/\/arantv.az\/index.php?rest_route=\/wp\/v2\/posts\/304181\/revisions"}],"wp:featuredmedia":[{"embeddable":true,"href":"https:\/\/arantv.az\/index.php?rest_route=\/wp\/v2\/media\/304182"}],"wp:attachment":[{"href":"https:\/\/arantv.az\/index.php?rest_route=%2Fwp%2Fv2%2Fmedia&parent=304181"}],"wp:term":[{"taxonomy":"category","embeddable":true,"href":"https:\/\/arantv.az\/index.php?rest_route=%2Fwp%2Fv2%2Fcategories&post=304181"},{"taxonomy":"post_tag","embeddable":true,"href":"https:\/\/arantv.az\/index.php?rest_route=%2Fwp%2Fv2%2Ftags&post=304181"}],"curies":[{"name":"wp","href":"https:\/\/api.w.org\/{rel}","templated":true}]}}