{"id":304209,"date":"2021-03-01T14:00:29","date_gmt":"2021-03-01T11:00:29","guid":{"rendered":"http:\/\/arantv.az\/?p=304209"},"modified":"2021-03-01T14:00:29","modified_gmt":"2021-03-01T11:00:29","slug":"erm%c9%99nistan-ts-prezidenti-bas-q%c9%99rargah-r%c9%99isini-istefaya-gond%c9%99rm%c9%99y%c9%99-cagirdi","status":"publish","type":"post","link":"https:\/\/arantv.az\/?p=304209","title":{"rendered":"Erm\u0259nistan T\u015e prezidenti Ba\u015f Q\u0259rargah r\u0259isini istefaya g\u00f6nd\u0259rm\u0259y\u0259 \u00e7a\u011f\u0131rd\u0131"},"content":{"rendered":"<p><strong>Erm\u0259nistan T\u0259hl\u00fck\u0259sizlik \u015euras\u0131 (T\u015e) Erm\u0259nistan Prezidenti Armen Sarkisyana m\u00fcraci\u0259t edib.<\/strong><\/p>\n<p><strong>ARANTV.AZ<\/strong>-\u0131n &#8220;news.am&#8221;a istinad\u0259n verdiyi x\u0259b\u0259r\u0259 g\u00f6r\u0259, bununla ba\u011fl\u0131 Erm\u0259nistan T\u0259hl\u00fck\u0259sizlik \u015euras\u0131 b\u0259yanat yay\u0131b.<\/p>\n<p>B\u0259yanatda bildirilib ki, T\u0259hl\u00fck\u0259sizlik \u015euras\u0131 m\u00fcdafi\u0259 siyas\u0259tinin \u0259sas istiqam\u0259tl\u0259rini m\u00fc\u0259yy\u0259nl\u0259\u015fdir\u0259n orqan olaraq Silahl\u0131 Q\u00fcvv\u0259l\u0259rin siyasi proses\u0259 c\u0259lb edilm\u0259si c\u0259hdl\u0259rini q\u0259tiyy\u0259tl\u0259 pisl\u0259yir: &#8220;Konstitusiya Silahl\u0131 Q\u00fcvv\u0259l\u0259rin siyasi prosesl\u0259r\u0259 qar\u0131\u015fman\u0131n yolverilm\u0259zliyini, m\u00fclki n\u0259zar\u0259t alt\u0131nda olma fakt\u0131n\u0131 a\u00e7\u0131q \u015f\u0259kild\u0259 m\u00fc\u0259yy\u0259nl\u0259\u015fdirir. Qanuna \u0259sas\u0259n, Erm\u0259nistan Respublikas\u0131 Silahl\u0131 Q\u00fcvv\u0259l\u0259ri Ba\u015f Q\u0259rargah r\u0259isinin t\u0259yin v\u0259 ya v\u0259zif\u0259d\u0259n azad edilm\u0259si t\u0259klifi Ba\u015f nazirin q\u0259rar\u0131na \u0259saslan\u0131r&#8221;.<\/p>\n<p>B\u0259yanatda qeyd olunub ki, Erm\u0259nistan respublikas\u0131n\u0131n prezidenti konstitusiyaya riay\u0259t olunmas\u0131na n\u0259zar\u0259t edir v\u0259 bel\u0259 olan halda birm\u0259nal\u0131 olaraq m\u00fcvafiq bir m\u00f6vqe qoymal\u0131d\u0131r: &#8220;Yuxar\u0131da g\u00f6st\u0259ril\u0259nl\u0259r\u0259 \u0259saslanaraq T\u0259hl\u00fck\u0259sizlik \u015euras\u0131 prezidenti Ba\u015f q\u0259rargah r\u0259isini istefaya g\u00f6nd\u0259rm\u0259k v\u0259 m\u00fcvafiq F\u0259rman\u0131 imzalamaq bar\u0259d\u0259 Erm\u0259nistan Respublikas\u0131 Ba\u015f nazirinin v\u0259sat\u0259tini t\u0259min etm\u0259y\u0259 \u00e7a\u011f\u0131r\u0131r&#8221;.<\/p>\n","protected":false},"excerpt":{"rendered":"<p>Erm\u0259nistan T\u0259hl\u00fck\u0259sizlik \u015euras\u0131 (T\u015e) Erm\u0259nistan Prezidenti Armen Sarkisyana m\u00fcraci\u0259t edib. ARANTV.AZ-\u0131n &#8220;news.am&#8221;a istinad\u0259n verdiyi x\u0259b\u0259r\u0259 g\u00f6r\u0259, bununla ba\u011fl\u0131 Erm\u0259nistan T\u0259hl\u00fck\u0259sizlik \u015euras\u0131 b\u0259yanat yay\u0131b. B\u0259yanatda bildirilib ki, T\u0259hl\u00fck\u0259sizlik \u015euras\u0131 m\u00fcdafi\u0259 siyas\u0259tinin \u0259sas istiqam\u0259tl\u0259rini m\u00fc\u0259yy\u0259nl\u0259\u015fdir\u0259n orqan olaraq Silahl\u0131 Q\u00fcvv\u0259l\u0259rin siyasi proses\u0259 c\u0259lb edilm\u0259si c\u0259hdl\u0259rini q\u0259tiyy\u0259tl\u0259 pisl\u0259yir: &#8220;Konstitusiya Silahl\u0131 Q\u00fcvv\u0259l\u0259rin siyasi prosesl\u0259r\u0259 qar\u0131\u015fman\u0131n yolverilm\u0259zliyini, m\u00fclki n\u0259zar\u0259t alt\u0131nda olma fakt\u0131n\u0131 a\u00e7\u0131q \u015f\u0259kild\u0259 m\u00fc\u0259yy\u0259nl\u0259\u015fdirir. Qanuna \u0259sas\u0259n, Erm\u0259nistan Respublikas\u0131 Silahl\u0131 Q\u00fcvv\u0259l\u0259ri Ba\u015f Q\u0259rargah r\u0259isinin t\u0259yin v\u0259 ya v\u0259zif\u0259d\u0259n azad edilm\u0259si t\u0259klifi Ba\u015f nazirin q\u0259rar\u0131na \u0259saslan\u0131r&#8221;. B\u0259yanatda qeyd olunub ki, Erm\u0259nistan respublikas\u0131n\u0131n prezidenti konstitusiyaya riay\u0259t olunmas\u0131na n\u0259zar\u0259t&hellip;<\/p>\n","protected":false},"author":2,"featured_media":304210,"comment_status":"closed","ping_status":"closed","sticky":false,"template":"","format":"standard","meta":{"om_disable_all_campaigns":false,"_monsterinsights_skip_tracking":false,"_monsterinsights_sitenote_active":false,"_monsterinsights_sitenote_note":"","_monsterinsights_sitenote_category":0},"categories":[7],"tags":[],"aioseo_notices":[],"gutentor_comment":0,"rttpg_featured_image_url":{"full":["https:\/\/arantv.az\/wp-content\/uploads\/2021\/03\/926848.jpg",800,600,false],"landscape":["https:\/\/arantv.az\/wp-content\/uploads\/2021\/03\/926848.jpg",800,600,false],"portraits":["https:\/\/arantv.az\/wp-content\/uploads\/2021\/03\/926848.jpg",800,600,false],"thumbnail":["https:\/\/arantv.az\/wp-content\/uploads\/2021\/03\/926848-150x150.jpg",150,150,true],"medium":["https:\/\/arantv.az\/wp-content\/uploads\/2021\/03\/926848-300x225.jpg",300,225,true],"large":["https:\/\/arantv.az\/wp-content\/uploads\/2021\/03\/926848.jpg",640,480,false],"1536x1536":["https:\/\/arantv.az\/wp-content\/uploads\/2021\/03\/926848.jpg",800,600,false],"2048x2048":["https:\/\/arantv.az\/wp-content\/uploads\/2021\/03\/926848.jpg",800,600,false],"post-thumbnail":["https:\/\/arantv.az\/wp-content\/uploads\/2021\/03\/926848-240x172.jpg",240,172,true],"advps-thumb-one":["https:\/\/arantv.az\/wp-content\/uploads\/2021\/03\/926848.jpg",800,600,false]},"rttpg_author":{"display_name":"V\u00fcsal Rafiqo\u011flu","author_link":"https:\/\/arantv.az\/?author=2"},"rttpg_comment":0,"rttpg_category":"<a href=\"https:\/\/arantv.az\/?cat=7\" rel=\"category\">D\u00fcnya<\/a>","rttpg_excerpt":"Erm\u0259nistan T\u0259hl\u00fck\u0259sizlik \u015euras\u0131 (T\u015e) Erm\u0259nistan Prezidenti Armen Sarkisyana m\u00fcraci\u0259t edib. ARANTV.AZ-\u0131n &#8220;news.am&#8221;a istinad\u0259n verdiyi x\u0259b\u0259r\u0259 g\u00f6r\u0259, bununla ba\u011fl\u0131 Erm\u0259nistan T\u0259hl\u00fck\u0259sizlik \u015euras\u0131 b\u0259yanat yay\u0131b. B\u0259yanatda bildirilib ki, T\u0259hl\u00fck\u0259sizlik \u015euras\u0131 m\u00fcdafi\u0259 siyas\u0259tinin \u0259sas istiqam\u0259tl\u0259rini m\u00fc\u0259yy\u0259nl\u0259\u015fdir\u0259n orqan olaraq Silahl\u0131 Q\u00fcvv\u0259l\u0259rin siyasi proses\u0259 c\u0259lb edilm\u0259si c\u0259hdl\u0259rini q\u0259tiyy\u0259tl\u0259 pisl\u0259yir: &#8220;Konstitusiya Silahl\u0131 Q\u00fcvv\u0259l\u0259rin siyasi prosesl\u0259r\u0259 qar\u0131\u015fman\u0131n yolverilm\u0259zliyini, m\u00fclki n\u0259zar\u0259t alt\u0131nda olma&hellip;","_links":{"self":[{"href":"https:\/\/arantv.az\/index.php?rest_route=\/wp\/v2\/posts\/304209"}],"collection":[{"href":"https:\/\/arantv.az\/index.php?rest_route=\/wp\/v2\/posts"}],"about":[{"href":"https:\/\/arantv.az\/index.php?rest_route=\/wp\/v2\/types\/post"}],"author":[{"embeddable":true,"href":"https:\/\/arantv.az\/index.php?rest_route=\/wp\/v2\/users\/2"}],"replies":[{"embeddable":true,"href":"https:\/\/arantv.az\/index.php?rest_route=%2Fwp%2Fv2%2Fcomments&post=304209"}],"version-history":[{"count":0,"href":"https:\/\/arantv.az\/index.php?rest_route=\/wp\/v2\/posts\/304209\/revisions"}],"wp:featuredmedia":[{"embeddable":true,"href":"https:\/\/arantv.az\/index.php?rest_route=\/wp\/v2\/media\/304210"}],"wp:attachment":[{"href":"https:\/\/arantv.az\/index.php?rest_route=%2Fwp%2Fv2%2Fmedia&parent=304209"}],"wp:term":[{"taxonomy":"category","embeddable":true,"href":"https:\/\/arantv.az\/index.php?rest_route=%2Fwp%2Fv2%2Fcategories&post=304209"},{"taxonomy":"post_tag","embeddable":true,"href":"https:\/\/arantv.az\/index.php?rest_route=%2Fwp%2Fv2%2Ftags&post=304209"}],"curies":[{"name":"wp","href":"https:\/\/api.w.org\/{rel}","templated":true}]}}