{"id":304243,"date":"2021-03-01T14:17:28","date_gmt":"2021-03-01T11:17:28","guid":{"rendered":"http:\/\/arantv.az\/?p=304243"},"modified":"2021-03-01T14:17:28","modified_gmt":"2021-03-01T11:17:28","slug":"vahid-jurnalist-v%c9%99siq%c9%99si-kim%c9%99-v%c9%99-nec%c9%99-verilsin-cahangir-m%c9%99mm%c9%99dlinin-t%c9%99klifl%c9%99ri","status":"publish","type":"post","link":"https:\/\/arantv.az\/?p=304243","title":{"rendered":"Vahid jurnalist v\u0259siq\u0259si kim\u0259 v\u0259 nec\u0259 verilsin? Cahangir M\u0259mm\u0259dlinin T\u018fKL\u0130FL\u018fR\u0130"},"content":{"rendered":"<p>\u201cC\u0259nab Prezdentimiz b\u00fct\u00fcn istiqam\u0259tl\u0259ri diqq\u0259td\u0259 saxlad\u0131\u011f\u0131 kimi, mediam\u0131z\u0131n da, azad s\u00f6z\u00fcm\u00fcz\u00fcn d\u0259 daha da inki\u015faf etdirilm\u0259sini daim diqq\u0259td\u0259 saxlay\u0131r.\u00a0 Uzun m\u00fcdd\u0259t f\u0259aliyy\u0259t g\u00f6st\u0259r\u0259n K\u00fctl\u0259vi \u0130nformasiya Vasit\u0259l\u0259rinin \u0130nki\u015faf\u0131na D\u00f6vl\u0259t d\u0259st\u0259yi Fondu da el\u0259 bu m\u0259qs\u0259dl\u0259 yarad\u0131lm\u0131\u015fd\u0131. \u018fg\u0259r, bu g\u00fcn d\u00f6vl\u0259t ba\u015f\u00e7\u0131s\u0131 h\u0259min t\u0259\u015fkilat\u0131n varisliyi fonunda yeni bir qurum yarad\u0131rsa, bunun daha m\u00fck\u0259mm\u0259l v\u0259 s\u0259m\u0259r\u0259li f\u0259aliyy\u0259t\u0259 \u0259saslan bir Agentlik olaca\u011f\u0131n\u0131 d\u00fc\u015f\u00fcn\u00fcr\u0259m. Agentliyin yarad\u0131lmas\u0131n\u0131 milli mediam\u0131z\u0131n inki\u015faf\u0131 tarixind\u0259 yeni keyfiyy\u0259t m\u0259rh\u0259l\u0259sinin ba\u015flan\u011f\u0131c\u0131 saymaq olar. T\u0259bii ki, bundan sonra yeni yarad\u0131lan qurum informasiya m\u00fchitinin formala\u015fmas\u0131 i\u015find\u0259 x\u00fcsusi missiya yerin\u0259 yetir\u0259c\u0259k. Bu s\u0259b\u0259bd\u0259n yeni qurumun \u00e7ox\u015fax\u0259li f\u0259aliyy\u0259tind\u0259 informasiya t\u0259hl\u00fck\u0259sizliyimiz\u0259 b\u00f6y\u00fck t\u00f6hf\u0259l\u0259r ver\u0259c\u0259yi \u015f\u00fcbh\u0259 do\u011furmur.\u201d<\/p>\n<p><strong>Bu fikirl\u0259ri \u201c\u0130ki sahil\u201d\u0259 a\u00e7\u0131qlamas\u0131nda tan\u0131nm\u0131\u015f jurnalist, Bak\u0131 D\u00f6vl\u0259t Universitetinin professoru Cahangir M\u0259mm\u0259dli s\u00f6yl\u0259yib.<\/strong><\/p>\n<p>C.M\u0259mm\u0259dli qeyd edib ki,\u00a0Median\u0131n \u0130nki\u015faf\u0131 Agentliyi Az\u0259rbaycan Prezidentinin \u00f6lk\u0259d\u0259 azad s\u00f6z\u00fcn, azad m\u0259tbuat\u0131n daha da t\u0259kmill\u0259\u015fm\u0259si ist\u0259yinin n\u0259tic\u0259sidir: &#8220;Bu agentlik K\u0130VDF-d\u0259n f\u0259rqli olaraq daha geni\u015f perspektivlidir. Agentlik Media haqq\u0131nda yeni qanun\u00a0haz\u0131rlay\u0131r. Bu qanun b\u00fct\u00f6vl\u00fckd\u0259 media sistemini \u0259hat\u0259 ed\u0259c\u0259k v\u0259 media azadl\u0131\u011f\u0131n\u0131 t\u0259kmill\u0259\u015fdir\u0259c\u0259k. M\u0259mur-jurnalist m\u00fcnasib\u0259tin\u0259 diqq\u0259t yetiril\u0259c\u0259k. Agentlik jurnalist pe\u015f\u0259karl\u0131\u011f\u0131n\u0131 \u00f6z t\u0259liml\u0259ri il\u0259 daha inki\u015faf etdir\u0259c\u0259k, media qurumlar\u0131na biznes m\u00fchiti yaradacaq, bu sah\u0259d\u0259 r\u0259qab\u0259t prinsipini \u0259sas tutacaq v\u0259 s. Median\u0131n \u0130nki\u015faf\u0131 Agentliyi\u00a0 a\u015fa\u011f\u0131dak\u0131 probleml\u0259ri h\u0259ll etm\u0259y\u0259 \u00e7al\u0131\u015fmal\u0131d\u0131r:\u00a0 Beyn\u0259lxalq\u00a0 al\u0259md\u0259 y\u00fcks\u0259k b\u0259y\u0259nil\u0259c\u0259k qanun haz\u0131rlanmal\u0131d\u0131r. Jurnalist pe\u015f\u0259karl\u0131\u011f\u0131n\u0131n\u00a0 art\u0131r\u0131lmas\u0131 \u00fc\u00e7\u00fcn median\u0131n n\u0259z\u0259ri v\u0259 praktik\u00a0 sah\u0259l\u0259rind\u0259\u00a0 m\u00fck\u0259mm\u0259l f\u0259aliyy\u0259ti olan praktik jurnalistl\u0259rd\u0259n ibar\u0259t t\u0259lim\u00e7i qurupu t\u0259\u015fkil etm\u0259li, jurnalistikan\u0131n yarad\u0131c\u0131l\u0131q prinsipl\u0259rini, etik normalar\u0131,\u00a0mediaya m\u0259mur etinas\u0131zl\u0131\u011f\u0131n\u0131n h\u0259lli yollar\u0131n\u0131 g\u00f6st\u0259rm\u0259li, yarad\u0131c\u0131l\u0131q m\u00fcsabiq\u0259l\u0259rind\u0259 m\u00f6vzu g\u00f6st\u0259ri\u015fi verm\u0259m\u0259li, media qurumlar\u0131n\u0131n texniki t\u0259chizat probleml\u0259rinin h\u0259llin\u0259 k\u00f6m\u0259k etm\u0259lidir.&#8221;<\/p>\n<p>H\u0259ms\u00f6hb\u0259timiz vahid jurnalist v\u0259siq\u0259l\u0259ri verilm\u0259sinin aktual m\u0259s\u0259l\u0259 oldu\u011funu bildirdi: \u201cVahid media v\u0259siq\u0259si pe\u015f\u0259kar, savadl\u0131, ciddi jurnalisti t\u0259sad\u00fcfi \u015f\u0259xsl\u0259rd\u0259n, ictimai mara\u011f\u0131 deyil, \u00f6z \u015f\u0259xsi mara\u011f\u0131n\u0131 g\u00fcd\u0259n jurnalistl\u0259rd\u0259n f\u0259rql\u0259ndirilm\u0259lidir, jurnalist v\u0259siq\u0259si ciddi n\u0259zar\u0259t alt\u0131nda olmal\u0131d\u0131r. \u018fsl jurnalisti g\u00f6zd\u0259n salanlara\u00a0 imkan verilm\u0259m\u0259lidir. Median\u0131n \u0130nki\u015faf\u0131 Agentliyi\u00a0 bu n\u0259zar\u0259ti h\u0259yata ke\u00e7ir\u0259 bil\u0259r. \u00a0<strong>Milli m\u0259tbuat v\u0259siq\u0259l\u0259ri h\u0259r hans\u0131 bir media qurumunda \u0259n az\u0131 5 il staj\u0131 olan, ali t\u0259hsilli, yaz\u0131lar\u0131 il\u0259 s\u0131nanm\u0131\u015f jurnalist\u0259 verilm\u0259lidir<\/strong>.\u00a0 H\u0259tta bel\u0259 v\u0259siq\u0259nin verilm\u0259si n\u0259z\u0259rd\u0259 tutulan jurnalist \u00fc\u00e7\u00fcn, ictimai r\u0259yd\u0259 y\u00fcks\u0259k yeri olan hans\u0131sa jurnalist r\u0259y vers\u0259 yax\u015f\u0131 olar. V\u0259siq\u0259l\u0259r \u0259sl, pe\u015f\u0259kar jurnalisti qeyri-pe\u015f\u0259kardan, b\u0259zi \u201cq\u0259zet\u201d, \u201csayt\u201d r\u0259hb\u0259rl\u0259rinin\u00a0 50-60 n\u0259f\u0259r\u0259 verdiyi adi ka\u011f\u0131zlardan f\u0259rql\u0259ndir\u0259c\u0259k. M\u0259s\u0259l\u0259 bundad\u0131r ki, bel\u0259 v\u0259siq\u0259ni z\u0259ruri hesab etm\u0259y\u0259nl\u0259r is\u0259 \u00f6z redaksiyalar\u0131n\u0131n ucdantutma v\u0259siq\u0259l\u0259rinin s\u0131radan \u00e7\u0131xaca\u011f\u0131na\u00a0 g\u00f6r\u0259 narahatd\u0131rlar.\u201d<\/p>\n<p>Professor vur\u011fulay\u0131b ki, d\u00fcnya t\u0259cr\u00fcb\u0259sind\u0259 bu \u0259n\u0259n\u0259 var. Az\u0259rbaycanda g\u0259ldikd\u0259 is\u0259 h\u0259r bir jurnalist \u0259vv\u0259lc\u0259 \u00f6z\u00fcn\u00fcn redaksiya t\u0259r\u0259find\u0259n veril\u0259n v\u0259siq\u0259sini g\u00f6st\u0259rir v\u0259 tam \u0259min olduqdan sonra onunla \u0259m\u0259da\u015fl\u0131q edirl\u0259r. Ona g\u00f6r\u0259 d\u0259 jurnalist v\u0259siq\u0259l\u0259ri vacibdir. Ondan imtina etm\u0259k olmaz. Amma bizd\u0259 kim\u0259 g\u0259ldi v\u0259siq\u0259 verirl\u0259r dey\u0259,\u00a0 jurnalistika v\u0259 jurnalistl\u0259r\u00a0h\u00f6rm\u0259td\u0259n d\u00fc\u015f\u00fcrl\u0259r. Ona g\u00f6r\u0259 d\u0259 m\u0259n \u00e7ox ist\u0259y\u0259rdim ki, jurnalistika \u00f6z d\u0259y\u0259rini qald\u0131rs\u0131n. Jurnalistikan\u0131n son d\u0259r\u0259c\u0259 ciddi bir pe\u015f\u0259 oldu\u011fu il\u0259 ba\u011fl\u0131 c\u0259miyy\u0259td\u0259 d\u0259qiq bir q\u0259rar m\u00fc\u0259yy\u0259nl\u0259\u015fdirilsin ki, h\u0259r adam\u0131 m\u0259murun \u00fcst\u00fcn\u0259 g\u00f6nd\u0259rm\u0259k olmaz.\u00a0 M\u0259murla s\u0131rf pe\u015f\u0259kar jurnalist dan\u0131\u015fmal\u0131d\u0131r. Ona g\u00f6r\u0259 d\u0259\u00a0 jurnalist redaksiyada formala\u015fmal\u0131d\u0131r. Daha\u00a0sonra ona v\u0259siq\u0259 verilm\u0259lidir.<\/p>\n<p>Cahangir M\u0259mm\u0259dli \u0259lav\u0259 edib ki, v\u0259siq\u0259 veril\u0259rk\u0259n n\u0259z\u0259r\u0259 al\u0131nmal\u0131 vacib m\u0259qamlar var. Jurnalistin pe\u015f\u0259karl\u0131q keyfiyy\u0259ti olmal\u0131d\u0131r. Redaksiyada m\u00fc\u0259yy\u0259n bir staj d\u00f6vr\u00fc ke\u00e7m\u0259lidir. Media qurumunda g\u00f6r\u00fcnm\u0259lidir, tan\u0131nmal\u0131d\u0131r.\u00a0 H\u0259tta jurnalistika fak\u00fclt\u0259sini bitirmi\u015f olsa bel\u0259, o media qurumunda praktik c\u0259h\u0259td\u0259n formala\u015fmal\u0131d\u0131r.\u00a0 \u00dcmumiyy\u0259tl\u0259, \u00e7ox g\u00f6z\u0259l olar ki, m\u00fctl\u0259q ali t\u0259hsili olsun.\u00a0Bir \u0259lav\u0259m d\u0259 ondan ibar\u0259tdir ki, h\u0259r hans\u0131 bir media qurumunun d\u00f6vl\u0259t\u00e7iliy\u0259, Az\u0259rbaycan\u00e7\u0131l\u0131\u011fa, milli maraqlara xidm\u0259t etm\u0259si \u00fc\u00e7\u00fcn m\u00fctl\u0259q media qurumunun r\u0259hb\u0259ri jurnalistika ixtisas\u0131 \u00fczr\u0259 ali t\u0259hsili olmu\u015f olsa,\u00a0 sadalad\u0131\u011f\u0131m prinsipl\u0259r m\u00fctl\u0259q h\u0259min qurumda\u00a0 yerin\u0259 yetiril\u0259r.\u00a0 H\u0259r\u00a0yoldan \u00f6t\u0259n\u0259 d\u0259 jurnlaistika v\u0259siq\u0259si vem\u0259k olmaz.<\/p>\n","protected":false},"excerpt":{"rendered":"<p>\u201cC\u0259nab Prezdentimiz b\u00fct\u00fcn istiqam\u0259tl\u0259ri diqq\u0259td\u0259 saxlad\u0131\u011f\u0131 kimi, mediam\u0131z\u0131n da, azad s\u00f6z\u00fcm\u00fcz\u00fcn d\u0259 daha da inki\u015faf etdirilm\u0259sini daim diqq\u0259td\u0259 saxlay\u0131r.\u00a0 Uzun m\u00fcdd\u0259t f\u0259aliyy\u0259t g\u00f6st\u0259r\u0259n K\u00fctl\u0259vi \u0130nformasiya Vasit\u0259l\u0259rinin \u0130nki\u015faf\u0131na D\u00f6vl\u0259t d\u0259st\u0259yi Fondu da el\u0259 bu m\u0259qs\u0259dl\u0259 yarad\u0131lm\u0131\u015fd\u0131. \u018fg\u0259r, bu g\u00fcn d\u00f6vl\u0259t ba\u015f\u00e7\u0131s\u0131 h\u0259min t\u0259\u015fkilat\u0131n varisliyi fonunda yeni bir qurum yarad\u0131rsa, bunun daha m\u00fck\u0259mm\u0259l v\u0259 s\u0259m\u0259r\u0259li f\u0259aliyy\u0259t\u0259 \u0259saslan bir Agentlik olaca\u011f\u0131n\u0131 d\u00fc\u015f\u00fcn\u00fcr\u0259m. Agentliyin yarad\u0131lmas\u0131n\u0131 milli mediam\u0131z\u0131n inki\u015faf\u0131 tarixind\u0259 yeni keyfiyy\u0259t m\u0259rh\u0259l\u0259sinin ba\u015flan\u011f\u0131c\u0131 saymaq olar. T\u0259bii ki, bundan sonra yeni yarad\u0131lan qurum informasiya m\u00fchitinin formala\u015fmas\u0131 i\u015find\u0259 x\u00fcsusi missiya yerin\u0259 yetir\u0259c\u0259k. Bu s\u0259b\u0259bd\u0259n yeni qurumun&hellip;<\/p>\n","protected":false},"author":2,"featured_media":304244,"comment_status":"closed","ping_status":"closed","sticky":false,"template":"","format":"standard","meta":{"om_disable_all_campaigns":false,"_monsterinsights_skip_tracking":false,"_monsterinsights_sitenote_active":false,"_monsterinsights_sitenote_note":"","_monsterinsights_sitenote_category":0},"categories":[26],"tags":[],"aioseo_notices":[],"gutentor_comment":0,"rttpg_featured_image_url":{"full":["https:\/\/arantv.az\/wp-content\/uploads\/2021\/03\/e3e9830adbe94a64696671bfaa421022_77188_78.jpg",975,540,false],"landscape":["https:\/\/arantv.az\/wp-content\/uploads\/2021\/03\/e3e9830adbe94a64696671bfaa421022_77188_78.jpg",975,540,false],"portraits":["https:\/\/arantv.az\/wp-content\/uploads\/2021\/03\/e3e9830adbe94a64696671bfaa421022_77188_78.jpg",975,540,false],"thumbnail":["https:\/\/arantv.az\/wp-content\/uploads\/2021\/03\/e3e9830adbe94a64696671bfaa421022_77188_78-150x150.jpg",150,150,true],"medium":["https:\/\/arantv.az\/wp-content\/uploads\/2021\/03\/e3e9830adbe94a64696671bfaa421022_77188_78-300x166.jpg",300,166,true],"large":["https:\/\/arantv.az\/wp-content\/uploads\/2021\/03\/e3e9830adbe94a64696671bfaa421022_77188_78.jpg",640,354,false],"1536x1536":["https:\/\/arantv.az\/wp-content\/uploads\/2021\/03\/e3e9830adbe94a64696671bfaa421022_77188_78.jpg",975,540,false],"2048x2048":["https:\/\/arantv.az\/wp-content\/uploads\/2021\/03\/e3e9830adbe94a64696671bfaa421022_77188_78.jpg",975,540,false],"post-thumbnail":["https:\/\/arantv.az\/wp-content\/uploads\/2021\/03\/e3e9830adbe94a64696671bfaa421022_77188_78-240x172.jpg",240,172,true],"advps-thumb-one":["https:\/\/arantv.az\/wp-content\/uploads\/2021\/03\/e3e9830adbe94a64696671bfaa421022_77188_78.jpg",975,540,false]},"rttpg_author":{"display_name":"V\u00fcsal Rafiqo\u011flu","author_link":"https:\/\/arantv.az\/?author=2"},"rttpg_comment":0,"rttpg_category":"<a href=\"https:\/\/arantv.az\/?cat=26\" rel=\"category\">Sosial<\/a>","rttpg_excerpt":"\u201cC\u0259nab Prezdentimiz b\u00fct\u00fcn istiqam\u0259tl\u0259ri diqq\u0259td\u0259 saxlad\u0131\u011f\u0131 kimi, mediam\u0131z\u0131n da, azad s\u00f6z\u00fcm\u00fcz\u00fcn d\u0259 daha da inki\u015faf etdirilm\u0259sini daim diqq\u0259td\u0259 saxlay\u0131r.\u00a0 Uzun m\u00fcdd\u0259t f\u0259aliyy\u0259t g\u00f6st\u0259r\u0259n K\u00fctl\u0259vi \u0130nformasiya Vasit\u0259l\u0259rinin \u0130nki\u015faf\u0131na D\u00f6vl\u0259t d\u0259st\u0259yi Fondu da el\u0259 bu m\u0259qs\u0259dl\u0259 yarad\u0131lm\u0131\u015fd\u0131. \u018fg\u0259r, bu g\u00fcn d\u00f6vl\u0259t ba\u015f\u00e7\u0131s\u0131 h\u0259min t\u0259\u015fkilat\u0131n varisliyi fonunda yeni bir qurum yarad\u0131rsa, bunun daha m\u00fck\u0259mm\u0259l v\u0259 s\u0259m\u0259r\u0259li f\u0259aliyy\u0259t\u0259 \u0259saslan&hellip;","_links":{"self":[{"href":"https:\/\/arantv.az\/index.php?rest_route=\/wp\/v2\/posts\/304243"}],"collection":[{"href":"https:\/\/arantv.az\/index.php?rest_route=\/wp\/v2\/posts"}],"about":[{"href":"https:\/\/arantv.az\/index.php?rest_route=\/wp\/v2\/types\/post"}],"author":[{"embeddable":true,"href":"https:\/\/arantv.az\/index.php?rest_route=\/wp\/v2\/users\/2"}],"replies":[{"embeddable":true,"href":"https:\/\/arantv.az\/index.php?rest_route=%2Fwp%2Fv2%2Fcomments&post=304243"}],"version-history":[{"count":0,"href":"https:\/\/arantv.az\/index.php?rest_route=\/wp\/v2\/posts\/304243\/revisions"}],"wp:featuredmedia":[{"embeddable":true,"href":"https:\/\/arantv.az\/index.php?rest_route=\/wp\/v2\/media\/304244"}],"wp:attachment":[{"href":"https:\/\/arantv.az\/index.php?rest_route=%2Fwp%2Fv2%2Fmedia&parent=304243"}],"wp:term":[{"taxonomy":"category","embeddable":true,"href":"https:\/\/arantv.az\/index.php?rest_route=%2Fwp%2Fv2%2Fcategories&post=304243"},{"taxonomy":"post_tag","embeddable":true,"href":"https:\/\/arantv.az\/index.php?rest_route=%2Fwp%2Fv2%2Ftags&post=304243"}],"curies":[{"name":"wp","href":"https:\/\/api.w.org\/{rel}","templated":true}]}}