{"id":304255,"date":"2021-03-01T14:21:56","date_gmt":"2021-03-01T11:21:56","guid":{"rendered":"http:\/\/arantv.az\/?p=304255"},"modified":"2021-03-01T14:21:56","modified_gmt":"2021-03-01T11:21:56","slug":"%c9%99sas-odur-ki-h%c9%99qiq%c9%99t-b%c9%99rpa-olunub-peskov-pasinyanin-etirafi-bar%c9%99d%c9%99","status":"publish","type":"post","link":"https:\/\/arantv.az\/?p=304255","title":{"rendered":"\u018fsas odur ki, h\u0259qiq\u0259t b\u0259rpa olunub &#8211; Peskov Pa\u015finyan\u0131n etiraf\u0131 bar\u0259d\u0259"},"content":{"rendered":"<p>\u018fsas odur ki, h\u0259qiq\u0259t b\u0259rpa olunub.<\/p>\n<p><strong>ARANTV.AZ<\/strong>\u00a0<a href=\"https:\/\/az.trend.az\/\" target=\"_blank\" rel=\"noopener\">Trend<\/a>-\u0259 istinad\u0259n bildirir ki,\u00a0bunu Rusiya prezidentinin m\u0259tbuat katibi Dmitri Peskov Erm\u0259nistan\u0131n ba\u015f naziri Nikol Pa\u015finyan\u0131n &#8220;\u0130sg\u0259nd\u0259r&#8221; raketl\u0259ri il\u0259 t\u0259krar a\u00e7\u0131qlamas\u0131n\u0131 \u015f\u0259rh ed\u0259rk\u0259n deyib.<\/p>\n<p>D.Peskov Kremlin erm\u0259ni ba\u015f nazirinin a\u00e7\u0131qlamas\u0131ndan m\u0259mnun qald\u0131\u011f\u0131n\u0131 bildirib.<\/p>\n<p>Qeyd ed\u0259k ki, N.Pa\u015finyan Rusiya prezidenti Vladimir Putinl\u0259 telefon dan\u0131\u015f\u0131\u011f\u0131 zaman\u0131 &#8220;\u0130sg\u0259nd\u0259r&#8221; raketinin s\u0259m\u0259r\u0259sizliyi bar\u0259d\u0259 yanl\u0131\u015f m\u0259lumatland\u0131r\u0131ld\u0131\u011f\u0131n\u0131 etiraf edib.<\/p>\n","protected":false},"excerpt":{"rendered":"<p>\u018fsas odur ki, h\u0259qiq\u0259t b\u0259rpa olunub. ARANTV.AZ\u00a0Trend-\u0259 istinad\u0259n bildirir ki,\u00a0bunu Rusiya prezidentinin m\u0259tbuat katibi Dmitri Peskov Erm\u0259nistan\u0131n ba\u015f naziri Nikol Pa\u015finyan\u0131n &#8220;\u0130sg\u0259nd\u0259r&#8221; raketl\u0259ri il\u0259 t\u0259krar a\u00e7\u0131qlamas\u0131n\u0131 \u015f\u0259rh ed\u0259rk\u0259n deyib. D.Peskov Kremlin erm\u0259ni ba\u015f nazirinin a\u00e7\u0131qlamas\u0131ndan m\u0259mnun qald\u0131\u011f\u0131n\u0131 bildirib. Qeyd ed\u0259k ki, N.Pa\u015finyan Rusiya prezidenti Vladimir Putinl\u0259 telefon dan\u0131\u015f\u0131\u011f\u0131 zaman\u0131 &#8220;\u0130sg\u0259nd\u0259r&#8221; raketinin s\u0259m\u0259r\u0259sizliyi bar\u0259d\u0259 yanl\u0131\u015f m\u0259lumatland\u0131r\u0131ld\u0131\u011f\u0131n\u0131 etiraf edib.<\/p>\n","protected":false},"author":2,"featured_media":304256,"comment_status":"closed","ping_status":"closed","sticky":false,"template":"","format":"standard","meta":{"om_disable_all_campaigns":false,"_monsterinsights_skip_tracking":false,"_monsterinsights_sitenote_active":false,"_monsterinsights_sitenote_note":"","_monsterinsights_sitenote_category":0},"categories":[7],"tags":[],"aioseo_notices":[],"gutentor_comment":0,"rttpg_featured_image_url":{"full":["https:\/\/arantv.az\/wp-content\/uploads\/2021\/03\/926883.jpg",1180,730,false],"landscape":["https:\/\/arantv.az\/wp-content\/uploads\/2021\/03\/926883.jpg",1180,730,false],"portraits":["https:\/\/arantv.az\/wp-content\/uploads\/2021\/03\/926883.jpg",1180,730,false],"thumbnail":["https:\/\/arantv.az\/wp-content\/uploads\/2021\/03\/926883-150x150.jpg",150,150,true],"medium":["https:\/\/arantv.az\/wp-content\/uploads\/2021\/03\/926883-300x186.jpg",300,186,true],"large":["https:\/\/arantv.az\/wp-content\/uploads\/2021\/03\/926883-1024x633.jpg",640,396,true],"1536x1536":["https:\/\/arantv.az\/wp-content\/uploads\/2021\/03\/926883.jpg",1180,730,false],"2048x2048":["https:\/\/arantv.az\/wp-content\/uploads\/2021\/03\/926883.jpg",1180,730,false],"post-thumbnail":["https:\/\/arantv.az\/wp-content\/uploads\/2021\/03\/926883-240x172.jpg",240,172,true],"advps-thumb-one":["https:\/\/arantv.az\/wp-content\/uploads\/2021\/03\/926883-1180x620.jpg",1180,620,true]},"rttpg_author":{"display_name":"V\u00fcsal Rafiqo\u011flu","author_link":"https:\/\/arantv.az\/?author=2"},"rttpg_comment":0,"rttpg_category":"<a href=\"https:\/\/arantv.az\/?cat=7\" rel=\"category\">D\u00fcnya<\/a>","rttpg_excerpt":"\u018fsas odur ki, h\u0259qiq\u0259t b\u0259rpa olunub. ARANTV.AZ\u00a0Trend-\u0259 istinad\u0259n bildirir ki,\u00a0bunu Rusiya prezidentinin m\u0259tbuat katibi Dmitri Peskov Erm\u0259nistan\u0131n ba\u015f naziri Nikol Pa\u015finyan\u0131n &#8220;\u0130sg\u0259nd\u0259r&#8221; raketl\u0259ri il\u0259 t\u0259krar a\u00e7\u0131qlamas\u0131n\u0131 \u015f\u0259rh ed\u0259rk\u0259n deyib. D.Peskov Kremlin erm\u0259ni ba\u015f nazirinin a\u00e7\u0131qlamas\u0131ndan m\u0259mnun qald\u0131\u011f\u0131n\u0131 bildirib. Qeyd ed\u0259k ki, N.Pa\u015finyan Rusiya prezidenti Vladimir Putinl\u0259 telefon dan\u0131\u015f\u0131\u011f\u0131 zaman\u0131 &#8220;\u0130sg\u0259nd\u0259r&#8221; raketinin s\u0259m\u0259r\u0259sizliyi bar\u0259d\u0259 yanl\u0131\u015f m\u0259lumatland\u0131r\u0131ld\u0131\u011f\u0131n\u0131&hellip;","_links":{"self":[{"href":"https:\/\/arantv.az\/index.php?rest_route=\/wp\/v2\/posts\/304255"}],"collection":[{"href":"https:\/\/arantv.az\/index.php?rest_route=\/wp\/v2\/posts"}],"about":[{"href":"https:\/\/arantv.az\/index.php?rest_route=\/wp\/v2\/types\/post"}],"author":[{"embeddable":true,"href":"https:\/\/arantv.az\/index.php?rest_route=\/wp\/v2\/users\/2"}],"replies":[{"embeddable":true,"href":"https:\/\/arantv.az\/index.php?rest_route=%2Fwp%2Fv2%2Fcomments&post=304255"}],"version-history":[{"count":0,"href":"https:\/\/arantv.az\/index.php?rest_route=\/wp\/v2\/posts\/304255\/revisions"}],"wp:featuredmedia":[{"embeddable":true,"href":"https:\/\/arantv.az\/index.php?rest_route=\/wp\/v2\/media\/304256"}],"wp:attachment":[{"href":"https:\/\/arantv.az\/index.php?rest_route=%2Fwp%2Fv2%2Fmedia&parent=304255"}],"wp:term":[{"taxonomy":"category","embeddable":true,"href":"https:\/\/arantv.az\/index.php?rest_route=%2Fwp%2Fv2%2Fcategories&post=304255"},{"taxonomy":"post_tag","embeddable":true,"href":"https:\/\/arantv.az\/index.php?rest_route=%2Fwp%2Fv2%2Ftags&post=304255"}],"curies":[{"name":"wp","href":"https:\/\/api.w.org\/{rel}","templated":true}]}}