{"id":30426,"date":"2019-01-03T09:31:31","date_gmt":"2019-01-03T06:31:31","guid":{"rendered":"http:\/\/arantv.az\/?p=30426"},"modified":"2019-01-03T09:31:31","modified_gmt":"2019-01-03T06:31:31","slug":"parliament-times-az%c9%99rbaycan-muxt%c9%99lif-m%c9%99d%c9%99niyy%c9%99tl%c9%99r%c9%99-m%c9%99nsub-xalqlarin-sulh-s%c9%99raitind%c9%99-birg%c9%99-yasayisinin-modelidir","status":"publish","type":"post","link":"https:\/\/arantv.az\/?p=30426","title":{"rendered":"\u201cParliament Times\u201d: \u201cAz\u0259rbaycan m\u00fcxt\u0259lif m\u0259d\u0259niyy\u0259tl\u0259r\u0259 m\u0259nsub xalqlar\u0131n s\u00fclh \u015f\u0259raitind\u0259 birg\u0259 ya\u015fay\u0131\u015f\u0131n\u0131n modelidir\u201d"},"content":{"rendered":"<p><span lang=\"AZ-LATIN\"><strong>ARANTV.AZ<\/strong> x\u0259b\u0259r verir ki, Az\u0259rbaycan ta q\u0259dimd\u0259n d\u00fcnyan\u0131n multikultural d\u00f6vl\u0259tl\u0259rind\u0259n biridir. \u00d6lk\u0259 \u015e\u0259rql\u0259 Q\u0259rbin k\u0259si\u015fm\u0259sind\u0259 yerl\u0259\u015fir. M\u0259d\u0259niyy\u0259tl\u0259raras\u0131 dialoq \u00fc\u00e7\u00fcn m\u00fchitin formala\u015fmas\u0131 da bunun n\u0259tic\u0259sidir. \u0130ki sivilizasiya aras\u0131nda k\u00f6rp\u00fc rolunu oynayan Az\u0259rbaycan h\u0259m \u015e\u0259rq, h\u0259m d\u0259 Q\u0259rb d\u00f6vl\u0259tl\u0259ri aras\u0131nda n\u00fcf\u00fczunu getdikc\u0259 art\u0131r\u0131r.<\/span><\/p>\n<p><span lang=\"AZ-LATIN\">Pakistan\u0131n \u201cParliament Times\u201d q\u0259zetind\u0259 d\u0259rc olunan\u00a0 \u201cAz\u0259rbaycandak\u0131 multikulturalizmin m\u0259nb\u0259yi\u201d adl\u0131 m\u0259qal\u0259d\u0259 m\u00fc\u0259llif Qaysar Nava bel\u0259 yaz\u0131r. O, bildirir ki, bu g\u00fcn Az\u0259rbaycanda multikulturalizm d\u00f6vl\u0259t siyas\u0259ti kimi q\u0259bul edilir. Qar\u015f\u0131l\u0131ql\u0131 anla\u015fman\u0131, b\u00fct\u00fcn etnik-dini qruplara h\u00f6rm\u0259ti t\u0259min ed\u0259n multikulturalizm h\u0259yat t\u0259rzin\u0259 \u00e7evrilib. 2016-c\u0131 il \u00f6lk\u0259d\u0259 \u201cMultikulturalizm \u0130li\u201d elan edilib. Bir s\u00f6zl\u0259, Az\u0259rbaycanda multikulturalizm v\u0259 tolerantl\u0131q d\u00f6vl\u0259t s\u0259viyy\u0259sind\u0259 inki\u015faf etdirilir. Bu d\u0259y\u0259rl\u0259rin inki\u015faf\u0131 \u00f6lk\u0259nin q\u0259dim d\u00f6vl\u0259t\u00e7ilik tarixin\u0259 v\u0259 \u0259n\u0259n\u0259l\u0259rin\u0259 \u0259saslan\u0131r. Az\u0259rbaycanda ya\u015fayan m\u00fcxt\u0259lif etnik quruplar \u00f6lk\u0259 m\u0259d\u0259niyy\u0259tini z\u0259nginl\u0259\u015fdirir. \u00d6lk\u0259d\u0259 siyasi d\u00fc\u015f\u00fcnc\u0259, ideologiya Az\u0259rbaycan\u0131n \u00fcmummili lideri Heyd\u0259r \u018fliyevin siyas\u0259ti n\u0259tic\u0259sind\u0259 formala\u015f\u0131b, m\u0259hz bu siyas\u0259t say\u0259sind\u0259 tolerantl\u0131q v\u0259 multikulturalizm \u0259n\u0259n\u0259l\u0259ri b\u0259rpa olunub. Az\u0259rbaycandak\u0131 multikulturalizmin siyasi \u0259sas\u0131 Konstitusiyada, qanunlarda, s\u0259r\u0259ncam v\u0259 f\u0259rmanlarda da \u0259ks olunub. Heyd\u0259r \u018fliyev birm\u0259nal\u0131 olaraq, Az\u0259rbaycan xalq\u0131n\u0131n multikultural \u0259n\u0259n\u0259l\u0259rinin qorunmas\u0131 siyas\u0259tini y\u00fcr\u00fcd\u00fcb. Bu siyas\u0259ti haz\u0131rda prezident \u0130lham \u018fliyev davam etdirir.Az\u0259rbaycanda tolerantl\u0131q ab-havas\u0131 y\u00fcks\u0259k s\u0259viyy\u0259d\u0259dir. \u00d6lk\u0259d\u0259 multikulturalizm\u0259, konfessiyalararas\u0131 \u0259laq\u0259l\u0259r\u0259 h\u0259sr olunan \u00e7oxsayl\u0131 beyn\u0259lxalq t\u0259dbir, elmi konfrans ke\u00e7irilir. Bir s\u00f6zl\u0259, bu g\u00fcn Az\u0259rbaycan m\u00fcxt\u0259lif m\u0259d\u0259niyy\u0259tl\u0259r\u0259 m\u0259nsub xalqlar\u0131n s\u00fclh \u015f\u0259raitind\u0259 birg\u0259 ya\u015fay\u0131\u015f\u0131n\u0131n modelidir.\u00a0<\/span><\/p>\n","protected":false},"excerpt":{"rendered":"<p>ARANTV.AZ x\u0259b\u0259r verir ki, Az\u0259rbaycan ta q\u0259dimd\u0259n d\u00fcnyan\u0131n multikultural d\u00f6vl\u0259tl\u0259rind\u0259n biridir. \u00d6lk\u0259 \u015e\u0259rql\u0259 Q\u0259rbin k\u0259si\u015fm\u0259sind\u0259 yerl\u0259\u015fir. M\u0259d\u0259niyy\u0259tl\u0259raras\u0131 dialoq \u00fc\u00e7\u00fcn m\u00fchitin formala\u015fmas\u0131 da bunun n\u0259tic\u0259sidir. \u0130ki sivilizasiya aras\u0131nda k\u00f6rp\u00fc rolunu oynayan Az\u0259rbaycan h\u0259m \u015e\u0259rq, h\u0259m d\u0259 Q\u0259rb d\u00f6vl\u0259tl\u0259ri aras\u0131nda n\u00fcf\u00fczunu getdikc\u0259 art\u0131r\u0131r. Pakistan\u0131n \u201cParliament Times\u201d q\u0259zetind\u0259 d\u0259rc olunan\u00a0 \u201cAz\u0259rbaycandak\u0131 multikulturalizmin m\u0259nb\u0259yi\u201d adl\u0131 m\u0259qal\u0259d\u0259 m\u00fc\u0259llif Qaysar Nava bel\u0259 yaz\u0131r. O, bildirir ki, bu g\u00fcn Az\u0259rbaycanda multikulturalizm d\u00f6vl\u0259t siyas\u0259ti kimi q\u0259bul edilir. Qar\u015f\u0131l\u0131ql\u0131 anla\u015fman\u0131, b\u00fct\u00fcn etnik-dini qruplara h\u00f6rm\u0259ti t\u0259min ed\u0259n multikulturalizm h\u0259yat t\u0259rzin\u0259 \u00e7evrilib. 2016-c\u0131 il \u00f6lk\u0259d\u0259 \u201cMultikulturalizm \u0130li\u201d elan edilib. Bir s\u00f6zl\u0259,&hellip;<\/p>\n","protected":false},"author":2,"featured_media":30427,"comment_status":"closed","ping_status":"closed","sticky":false,"template":"","format":"standard","meta":{"om_disable_all_campaigns":false,"_monsterinsights_skip_tracking":false,"_monsterinsights_sitenote_active":false,"_monsterinsights_sitenote_note":"","_monsterinsights_sitenote_category":0},"categories":[1],"tags":[],"aioseo_notices":[],"gutentor_comment":0,"rttpg_featured_image_url":{"full":["https:\/\/arantv.az\/wp-content\/uploads\/2019\/01\/j4s4lc8ulga4odbat69m1blg44Pak.jpg",1152,762,false],"landscape":["https:\/\/arantv.az\/wp-content\/uploads\/2019\/01\/j4s4lc8ulga4odbat69m1blg44Pak.jpg",1152,762,false],"portraits":["https:\/\/arantv.az\/wp-content\/uploads\/2019\/01\/j4s4lc8ulga4odbat69m1blg44Pak.jpg",1152,762,false],"thumbnail":["https:\/\/arantv.az\/wp-content\/uploads\/2019\/01\/j4s4lc8ulga4odbat69m1blg44Pak-150x150.jpg",150,150,true],"medium":["https:\/\/arantv.az\/wp-content\/uploads\/2019\/01\/j4s4lc8ulga4odbat69m1blg44Pak-300x198.jpg",300,198,true],"large":["https:\/\/arantv.az\/wp-content\/uploads\/2019\/01\/j4s4lc8ulga4odbat69m1blg44Pak-1024x677.jpg",640,423,true],"1536x1536":["https:\/\/arantv.az\/wp-content\/uploads\/2019\/01\/j4s4lc8ulga4odbat69m1blg44Pak.jpg",1152,762,false],"2048x2048":["https:\/\/arantv.az\/wp-content\/uploads\/2019\/01\/j4s4lc8ulga4odbat69m1blg44Pak.jpg",1152,762,false],"post-thumbnail":["https:\/\/arantv.az\/wp-content\/uploads\/2019\/01\/j4s4lc8ulga4odbat69m1blg44Pak-240x172.jpg",240,172,true],"advps-thumb-one":["https:\/\/arantv.az\/wp-content\/uploads\/2019\/01\/j4s4lc8ulga4odbat69m1blg44Pak-1152x620.jpg",1152,620,true]},"rttpg_author":{"display_name":"V\u00fcsal Rafiqo\u011flu","author_link":"https:\/\/arantv.az\/?author=2"},"rttpg_comment":0,"rttpg_category":"<a href=\"https:\/\/arantv.az\/?cat=1\" rel=\"category\">C\u0259miyy\u0259t<\/a>","rttpg_excerpt":"ARANTV.AZ x\u0259b\u0259r verir ki, Az\u0259rbaycan ta q\u0259dimd\u0259n d\u00fcnyan\u0131n multikultural d\u00f6vl\u0259tl\u0259rind\u0259n biridir. \u00d6lk\u0259 \u015e\u0259rql\u0259 Q\u0259rbin k\u0259si\u015fm\u0259sind\u0259 yerl\u0259\u015fir. M\u0259d\u0259niyy\u0259tl\u0259raras\u0131 dialoq \u00fc\u00e7\u00fcn m\u00fchitin formala\u015fmas\u0131 da bunun n\u0259tic\u0259sidir. \u0130ki sivilizasiya aras\u0131nda k\u00f6rp\u00fc rolunu oynayan Az\u0259rbaycan h\u0259m \u015e\u0259rq, h\u0259m d\u0259 Q\u0259rb d\u00f6vl\u0259tl\u0259ri aras\u0131nda n\u00fcf\u00fczunu getdikc\u0259 art\u0131r\u0131r. Pakistan\u0131n \u201cParliament Times\u201d q\u0259zetind\u0259 d\u0259rc olunan\u00a0 \u201cAz\u0259rbaycandak\u0131 multikulturalizmin m\u0259nb\u0259yi\u201d adl\u0131 m\u0259qal\u0259d\u0259 m\u00fc\u0259llif Qaysar Nava&hellip;","_links":{"self":[{"href":"https:\/\/arantv.az\/index.php?rest_route=\/wp\/v2\/posts\/30426"}],"collection":[{"href":"https:\/\/arantv.az\/index.php?rest_route=\/wp\/v2\/posts"}],"about":[{"href":"https:\/\/arantv.az\/index.php?rest_route=\/wp\/v2\/types\/post"}],"author":[{"embeddable":true,"href":"https:\/\/arantv.az\/index.php?rest_route=\/wp\/v2\/users\/2"}],"replies":[{"embeddable":true,"href":"https:\/\/arantv.az\/index.php?rest_route=%2Fwp%2Fv2%2Fcomments&post=30426"}],"version-history":[{"count":0,"href":"https:\/\/arantv.az\/index.php?rest_route=\/wp\/v2\/posts\/30426\/revisions"}],"wp:featuredmedia":[{"embeddable":true,"href":"https:\/\/arantv.az\/index.php?rest_route=\/wp\/v2\/media\/30427"}],"wp:attachment":[{"href":"https:\/\/arantv.az\/index.php?rest_route=%2Fwp%2Fv2%2Fmedia&parent=30426"}],"wp:term":[{"taxonomy":"category","embeddable":true,"href":"https:\/\/arantv.az\/index.php?rest_route=%2Fwp%2Fv2%2Fcategories&post=30426"},{"taxonomy":"post_tag","embeddable":true,"href":"https:\/\/arantv.az\/index.php?rest_route=%2Fwp%2Fv2%2Ftags&post=30426"}],"curies":[{"name":"wp","href":"https:\/\/api.w.org\/{rel}","templated":true}]}}