{"id":304271,"date":"2021-03-01T14:26:15","date_gmt":"2021-03-01T11:26:15","guid":{"rendered":"http:\/\/arantv.az\/?p=304271"},"modified":"2021-03-01T14:26:15","modified_gmt":"2021-03-01T11:26:15","slug":"baki-qar-sinagindan-nec%c9%99-cixdi-ev-tapsiriginin-ohd%c9%99sind%c9%99n-g%c9%99l%c9%99-bil%c9%99n-v%c9%99-bilm%c9%99y%c9%99nl%c9%99r","status":"publish","type":"post","link":"https:\/\/arantv.az\/?p=304271","title":{"rendered":"Bak\u0131 \u201cqar s\u0131na\u011f\u0131\u201dndan nec\u0259 \u00e7\u0131xd\u0131?- \u201cEv tap\u015f\u0131r\u0131\u011f\u0131\u201dn\u0131n \u00f6hd\u0259sind\u0259n g\u0259l\u0259 bil\u0259n v\u0259 bilm\u0259y\u0259nl\u0259r&#8230;"},"content":{"rendered":"<div class=\"content lead font-weight-normal\">\n<p>Daha az t\u0259sad\u00fcf etm\u0259si s\u0259b\u0259bind\u0259n Bak\u0131 \u015f\u0259h\u0259rin\u0259 qar\u0131n ya\u011fmas\u0131n\u0131 s\u0259birsizlikl\u0259 g\u00f6zl\u0259y\u0259nl\u0259r olsa da, bu t\u0259bi\u0259t hadis\u0259sinin \u00a0n\u0259tic\u0259l\u0259rinin q\u0131sa zamanda aradan qald\u0131r\u0131lmas\u0131 daha \u00e7ox insan\u0131 maraqland\u0131r\u0131r. Bu m\u0259nada paytaxt\u0131n n\u00f6vb\u0259ti \u201cqar s\u0131na\u011f\u0131\u201dndan nec\u0259 \u00e7\u0131xmas\u0131, \u0259vv\u0259lki ill\u0259rl\u0259 m\u00fcqayis\u0259d\u0259 kommunal t\u0259s\u0259rr\u00fcfat\u0131n \u201cev tap\u015f\u0131r\u0131\u011f\u0131\u201dn\u0131n \u00f6hd\u0259sind\u0259n nec\u0259 g\u0259lm\u0259si onlar\u0131n f\u0259aliyy\u0259tinin qiym\u0259tl\u0259ndirilm\u0259si bax\u0131m\u0131ndan \u0259h\u0259miyy\u0259tlidir.<\/p>\n<p>\u018fvv\u0259lc\u0259 ondan ba\u015flayaq ki, bir ne\u00e7\u0259 g\u00fcn \u0259vv\u0259l bu q\u0131\u015f d\u00f6vr\u00fcn\u00fcn \u0259n soyuq g\u00fcn\u00fcn\u00fcn fevral\u0131n 24-d\u0259 olaca\u011f\u0131n\u0131n g\u00f6zl\u0259nildiyi elan edilmi\u015fdi. \u00a0Milli Hidrometeorologiya Xidm\u0259tinin\u00a0verdiyi m\u0259lumatda Bak\u0131da v\u0259 Ab\u015feron yar\u0131madas\u0131nda fevral\u0131n 23-\u00fc ax\u015famdan 25-i s\u0259h\u0259r\u0259d\u0259k hava \u015f\u0259raitinin arabir ya\u011f\u0131nt\u0131l\u0131 olaca\u011f\u0131, 23-d\u0259n 24-n\u0259 ke\u00e7\u0259n gec\u0259 qara ke\u00e7\u0259c\u0259yi g\u00f6zl\u0259nildiyi, 24-d\u0259 b\u0259zi yerl\u0259rd\u0259 intensiv olaca\u011f\u0131 ehtimal olundu\u011fu deyilirdi. Bu, aidiyy\u0259ti qurumlara ciddi haz\u0131rl\u0131q \u00fc\u00e7\u00fcn \u0259sas verirdi.<\/p>\n<p>Ancaq&#8230;<\/p>\n<p>Az\u0259rbaycan Avtomobil Yollar\u0131 D\u00f6vl\u0259t Agentliyi (AAYDA) fevral\u0131n 24-d\u0259 yayd\u0131\u011f\u0131 m\u0259lumatda\u00a0 qurumun gec\u0259 boyu g\u00fccl\u0259ndirilmi\u015f i\u015f rejimind\u0259 \u00e7al\u0131\u015fd\u0131\u011f\u0131n\u0131, gec\u0259d\u0259n ba\u015flayaraq Bak\u0131 \u015f\u0259h\u0259rind\u0259 agentliyin xidm\u0259t etdiyi \u0259sas k\u00fc\u00e7\u0259, prospekt v\u0259 yollara, h\u0259m\u00e7inin respublikan\u0131n avtomobil yollar\u0131na qar\u0131n t\u0259mizl\u0259nm\u0259sin\u0259 v\u0259 buzla\u015fman\u0131n qar\u015f\u0131s\u0131n\u0131 al\u0131nmas\u0131 \u00fc\u00e7\u00fcn kifay\u0259t q\u0259d\u0259r ma\u015f\u0131n-mexanizm v\u0259 texnika c\u0259lb edildiyi vur\u011fulan\u0131b.<\/p>\n<p>G\u00fccl\u0259ndirilmi\u015f i\u015f rejimind\u0259 f\u0259aliyy\u0259t g\u00f6st\u0259r\u0259c\u0259yini b\u0259yan etmi\u015f dig\u0259r qurum- \u201cAz\u0259rsu\u201d is\u0259 \u00a0istehlak\u00e7\u0131lar\u0131n diqq\u0259tin\u0259 \u00e7atd\u0131rm\u0131\u015fd\u0131 ki, f\u0259rdi ya\u015fay\u0131\u015f evl\u0259rind\u0259 v\u0259 h\u0259y\u0259tyan\u0131 sah\u0259l\u0259rd\u0259, el\u0259c\u0259 d\u0259 kommersiya obyektl\u0259rindd\u0259 qura\u015fd\u0131r\u0131l\u0131m\u0131\u015f say\u011faclar\u0131n \u015faxtal\u0131 g\u00fcnl\u0259rd\u0259 donvurma n\u0259tic\u0259sind\u0259 s\u0131radan \u00e7\u0131xmas\u0131n\u0131n qar\u015f\u0131s\u0131n\u0131 almaq \u00fc\u00e7\u00fcn z\u0259ruri qabaqlay\u0131c\u0131 t\u0259dbirl\u0259r g\u00f6r\u00fclm\u0259lidir. \u015eaxtan\u0131n daha \u00e7ox oldu\u011fu gec\u0259 saatlar\u0131nda say\u011fac\u0131n i\u00e7\u0259risind\u0259 suyun qalmamas\u0131 \u00fc\u00e7\u00fcn say\u011fac\u0131n giri\u015f ventili ba\u011flanmal\u0131, \u00e7\u0131x\u0131\u015f ventili a\u00e7\u0131q saxlanmal\u0131, say\u011fac qutular\u0131n\u0131n qapa\u011f\u0131 ba\u011fl\u0131 olmal\u0131d\u0131r: \u201cAbun\u0259\u00e7il\u0259r \u015faxtal\u0131 hava \u015f\u0259raitind\u0259 i\u00e7m\u0259li su t\u0259chizat\u0131 v\u0259 say\u011faclar\u0131n istismar\u0131nda qar\u015f\u0131la\u015fd\u0131qlar\u0131 probleml\u0259rl\u0259 ba\u011fl\u0131 \u201cAz\u0259rsu\u201dyun 24 saat f\u0259aliyy\u0259t g\u00f6st\u0259r\u0259n 955 \u201cQaynar x\u0259tt\u201d xidm\u0259tin\u0259 m\u00fcraci\u0259t ed\u0259 bil\u0259rl\u0259r\u201d.<\/p>\n<p><strong><em>&#8220;Ba\u015f direktor qaz t\u0259chizat\u0131nda h\u0259r hans\u0131 bir problem yaran\u0131bsa, bunu, abun\u0259\u00e7il\u0259rd\u0259n \u00f6z\u00fc dinl\u0259m\u0259k ist\u0259yib&#8221;<\/em><\/strong><\/p>\n<p>Dig\u0259r qurumlardan f\u0259rqli olaraq SOCAR-\u0131n \u201cAz\u0259riqaz\u201d \u0130stehsalat Birliyinin ba\u015f direktoru Ruslan \u018fliyev fevral\u0131n 23-d\u0259 saat 23:00-da \u00f6z\u00fcn\u00fcn \u201cFacebook\u201d sosial \u015f\u0259b\u0259k\u0259sind\u0259ki hesab\u0131ndan canl\u0131 yay\u0131m t\u0259\u015fkil etmi\u015fdi. Bununla da ba\u015f direktor havalar\u0131n k\u0259skin d\u0259yi\u015fm\u0259si il\u0259 ba\u011fl\u0131 qaz t\u0259chizat\u0131nda h\u0259r hans\u0131 bir problem yaran\u0131bsa, bunu, abun\u0259\u00e7il\u0259rd\u0259n \u00f6z\u00fc dinl\u0259m\u0259k ist\u0259yib. Qurumdan t\u0259qrib\u0259n 40 d\u0259qiq\u0259 davam ed\u0259n yay\u0131ma 7 min\u0259 yax\u0131n \u201cFacebook\u201d izl\u0259yicisi qo\u015fuldu\u011fu bildirilib: \u201cStatistik analiz g\u00f6st\u0259rir ki, bir \u00e7ox abun\u0259\u00e7il\u0259r qaz\u0131n t\u0259zyiqind\u0259n raz\u0131 olub. B\u0259zi yerl\u0259rd\u0259 is\u0259 x\u0131rda probleml\u0259r m\u00fc\u015fahid\u0259 olunub\u201d.<\/p>\n<p>\u201cAz\u0259riqaz\u201d bununla da kifay\u0259tl\u0259nm\u0259yib v\u0259 istehlak\u00e7\u0131lara \u0259lav\u0259 xidm\u0259t d\u0259 t\u0259klif edib: \u201cKim \u0259vv\u0259lc\u0259d\u0259n \u00f6d\u0259ni\u015fli say\u011facdan istifad\u0259 edirs\u0259 v\u0259 haz\u0131rda say\u011fac\u0131nda qaz h\u0259cmi bitibs\u0259, quruma m\u00fcraci\u0259t ed\u0259 bil\u0259r. Bu soyuq havada evd\u0259n bay\u0131ra \u00e7\u0131xa bilm\u0259y\u0259n abonentl\u0259rimiz kartlar\u0131na v\u0259sait y\u00fckl\u0259m\u0259k ist\u0259y\u0259rl\u0259rs\u0259, k\u00f6m\u0259klik etm\u0259y\u0259 \u00e7al\u0131\u015faca\u011f\u0131q. Kartlar\u0131n\u0131 g\u00f6t\u00fcr\u00fcb terminallarda balans\u0131n\u0131 art\u0131rmaqla geri qaytaraca\u011f\u0131q\u201d.<\/p>\n<p><strong>&#8220;\u018fn q\u0131sa vaxtda elektrik enerjisi t\u0259chizat\u0131 b\u0259rpa olunacaq&#8221;<\/strong><\/p>\n<p>\u201cAz\u0259ri\u015f\u0131q\u201d ASC g\u00fccl\u0259ndirilmi\u015f i\u015f rejimind\u0259 f\u0259aliyy\u0259t g\u00f6st\u0259rmi\u015f qurumlardan olub. Qurum istehlak\u00e7\u0131lara m\u00fcraci\u0259t ed\u0259r\u0259k bildirmi\u015fdi ki, elektrik enerjisi t\u0259chizat\u0131 il\u0259 \u0259laq\u0259dar qar\u015f\u0131la\u015fd\u0131qlar\u0131 h\u0259r hans\u0131 probleml\u0259 ba\u011fl\u0131 24 saat f\u0259aliyy\u0259t g\u00f6st\u0259r\u0259n v\u0259 b\u00fct\u00fcn \u00f6lk\u0259 \u0259razisini \u0259hat\u0259 ed\u0259n 199 \u00c7a\u011fr\u0131 M\u0259rk\u0259zi il\u0259 \u0259laq\u0259 saxlas\u0131nlar.<\/p>\n<p>\u201cB\u0259zi \u0259razil\u0259rd\u0259 buzla\u015fma v\u0259 y\u00fckl\u0259nm\u0259 s\u0259b\u0259bind\u0259n ba\u015f vermi\u015f q\u0131sam\u00fcdd\u0259tli a\u00e7\u0131lmalar Q\u0259za xidm\u0259tinin \u0259m\u0259kda\u015flar\u0131 t\u0259r\u0259find\u0259n aradan qald\u0131r\u0131l\u0131r. Bir ne\u00e7\u0259 \u00fcnvanda is\u0259 i\u015fl\u0259r davam edir v\u0259 \u0259n q\u0131sa vaxtda elektrik enerjisi t\u0259chizat\u0131 b\u0259rpa olunacaq\u201d,-dey\u0259 \u00a0qurumun n\u00f6vb\u0259ti a\u00e7\u0131qlamas\u0131nda bildirilmi\u015fdi.<\/p>\n<p><strong><em>&#8220;8 avton\u0259qliyyat vasit\u0259sinin i\u015ftirak\u0131 il\u0259 ba\u015f ver\u0259n q\u0259zada bir n\u0259f\u0259r h\u0259lak olub, bir n\u0259f\u0259r is\u0259 yaralan\u0131b&#8221;<\/em><\/strong><\/p>\n<p>M\u00fc\u015fahid\u0259l\u0259r\u00a0 onu dem\u0259y\u0259 \u0259sas verir ki, qarl\u0131 v\u0259 \u00e7ov\u011funlu hava \u015f\u0259raiti Bak\u0131da daha \u00e7ox avtomobill\u0259rin h\u0259r\u0259k\u0259tin\u0259 \u00f6z t\u0259sirini g\u00f6st\u0259rib. T\u0259kc\u0259 Qarada\u011f rayonu \u0259razisind\u0259 8 avton\u0259qliyyat vasit\u0259sinin i\u015ftirak\u0131 il\u0259 ba\u015f ver\u0259n q\u0259zada bir n\u0259f\u0259r h\u0259lak olub, bir n\u0259f\u0259r is\u0259 yaralan\u0131b. \u00dcmumilikd\u0259 is\u0259 m\u0259lum hava \u015f\u0259raitinin ilk g\u00fcn\u00fcnd\u0259 maddi z\u0259r\u0259rl\u0259 n\u0259tic\u0259l\u0259n\u0259n 40-dan \u00e7ox yol-n\u0259qliyyat hadis\u0259si ba\u015f verib.<\/p>\n<p>Yollardak\u0131 v\u0259ziyy\u0259t mu\u0308nt\u0259z\u0259m mars\u0327rut x\u0259tl\u0259ri u\u0308zr\u0259 da\u015f\u0131malara da t\u0259sir g\u00f6st\u0259rib. Bel\u0259 ki, gecikm\u0259l\u0259rl\u0259\u00a0 b\u0259rab\u0259r, fevral\u0131n 24-d\u0259 x\u0259tt\u0259 \u00e7\u0131xmayan avtobuslar da olub.<\/p>\n<p><strong><em>&#8220;H\u0259l\u0259 sovet d\u00f6vr\u00fcn\u00fcn sonlar\u0131ndan bu g\u00fcn\u0259 q\u0259d\u0259r Bak\u0131\u00a0he\u00e7 vaxt qar s\u0131na\u011f\u0131ndan\u00a0tam \u00fcz\u00fc a\u011f \u00e7\u0131xa bilm\u0259yib&#8221;<\/em><\/strong><\/p>\n<p>\u0130qtisad\u00e7\u0131 Eld\u0259niz \u018fmirov deyir ki, Bak\u0131 \u00e7ox az miqdarda qar ya\u011fmas\u0131 zaman\u0131 bu s\u0131naqdan h\u0259mi\u015f\u0259 u\u011furla \u00e7\u0131x\u0131b. \u00c7\u00fcnki, bu miqdarda olan qar hans\u0131sa r\u0259smi qurumun m\u00fcdaxil\u0259sin\u0259 ehtiyac olmadan bir nec\u0259 d\u0259qiq\u0259 \u0259rzind\u0259 \u0259riyib yox olub. Amma n\u0259 zaman ki ya\u011f\u0131nti miqdar\u0131 \u00e7ox olur, \u0259sl probleml\u0259r onda ba\u015flay\u0131r: \u201cM\u0259n u\u015faq olandan &#8211; h\u0259l\u0259 sovet d\u00f6vr\u00fcn\u00fcn sonlar\u0131ndan bu g\u00fcn\u0259 q\u0259d\u0259r \u00a0Bak\u0131\u00a0he\u00e7 vaxt qar s\u0131na\u011f\u0131ndan m\u00fctl\u0259q m\u0259nada tam \u00fcz\u00fc a\u011f \u00e7\u0131xa bilm\u0259yib\u201d.<\/p>\n<p>E. \u018fmirov \u201c\u0130ki sahil\u201d\u0259 bunun obyektiv v\u0259 subyektiv s\u0259b\u0259bl\u0259rind\u0259n dan\u0131\u015f\u0131b: \u00a0\u201cObyektiv t\u0259r\u0259fi budur ki, Bak\u0131da qar nadir hallarda ya\u011f\u0131r. H\u0259tta dey\u0259rdim ki, 5-6 ild\u0259 bir biz bel\u0259 qar g\u00f6r\u00fcr\u00fck. Bu is\u0259 qarla m\u00fcbariz\u0259 aparan komandalar\u0131n pe\u015f\u0259kar s\u0259viyy\u0259d\u0259 qalmas\u0131na imkan vermir.\u00a0 G\u0259lin t\u0259s\u0259vv\u00fcr ed\u0259k ki, h\u0259r il Bak\u0131ya noyabr\u0131n 15-d\u0259n ba\u015flayaraq, mart\u0131n sonuna q\u0259d\u0259r qar ya\u011f\u0131r. \u0130lk 4, ya 5 g\u00fcn \u00e7ox ciddi probleml\u0259r ya\u015fanacaq, bunun ard\u0131ndan t\u0259dric\u0259n bu sah\u0259d\u0259 \u00e7al\u0131\u015fanlar\u0131n davran\u0131\u015f pe\u015f\u0259karl\u0131\u011f\u0131 artacaq. Eyni zamanda, v\u0259t\u0259nda\u015flarda qarl\u0131-buzlu yollara uy\u011funla\u015facaq. Avtomobil \u015finl\u0259rinin m\u00f6vs\u00fcm\u0259 uy\u011funla\u015fd\u0131r\u0131lmas\u0131ndan tutmu\u015f, dig\u0259r texniki \u00e7at\u0131\u015fmazl\u0131\u011f\u0131n aradan qald\u0131r\u0131lmas\u0131 sah\u0259sind\u0259 f\u0259rqli n\u0259tic\u0259l\u0259r g\u00f6r\u0259 bil\u0259rik. Lakin qar 4-5 ild\u0259 bir ya iki g\u00fcn oldu\u011fundan s\u00fcr\u00fcc\u00fcl\u0259rin bel\u0259 qarl\u0131 havada avtomobil idar\u0259 etm\u0259 t\u0259cr\u00fcb\u0259si formala\u015fm\u0131r\u201d.<\/p>\n<p>Ancaq m\u00fcsahibimiz bu bar\u0259d\u0259 \u00e7at\u0131\u015fmazl\u0131\u011f\u0131n k\u00f6k\u00fcnd\u0259 duran problemin b\u00f6y\u00fck hiss\u0259sinin subyektiv amill\u0259r\u0259 s\u00f6yk\u0259ndiyini vur\u011fulay\u0131r. \u00a0Qeyd edir ki, sadalad\u0131\u011f\u0131 obyektiv s\u0259b\u0259bl\u0259r hans\u0131sa quruma v\u0259 s\u00fcr\u00fcc\u00fcy\u0259 haqq vermir ki, m\u00f6vs\u00fcmd\u0259 g\u00f6zl\u0259nil\u0259n qar ya\u011fmas\u0131 zaman\u0131 \u00f6hd\u0259sin\u0259 d\u00fc\u015f\u0259nl\u0259r\u0259 m\u0259suliyy\u0259tsiz yana\u015fs\u0131n.<\/p>\n<p>\u0130ll\u0259r \u00fczr\u0259 Bak\u0131ya qar ya\u011fd\u0131qca aidiyyat\u0131 qurumlar\u0131n bu zaman \u00f6z \u00f6hd\u0259likl\u0259rini nec\u0259 yerin\u0259 yetirm\u0259si m\u0259s\u0259l\u0259sin\u0259 g\u0259ldikd\u0259 is\u0259 E. \u018fmirov bildirib ki,\u00a0 onlar \u00fcz\u0259rl\u0259rin\u0259 d\u00fc\u015f\u0259nl\u0259rin \u00f6hd\u0259sind\u0259n g\u00f6zl\u0259ntil\u0259r\u0259 uy\u011fun g\u0259l\u0259 bilmirl\u0259r: \u201cYaln\u0131z t\u0259s\u0259lliverici bir m\u0259qam odur ki, ciddi t\u0259hlil aparanda g\u00f6rm\u0259k olur ki, bu sah\u0259d\u0259 \u00fcmumi olaraq ir\u0259lil\u0259yi\u015f m\u00fc\u015fahid\u0259 edilir.\u00a0 H\u0259r sonrak\u0131 qar s\u0131na\u011f\u0131 \u00f6z\u00fcnd\u0259n \u0259vv\u0259lki il\u0259 m\u00fcqayis\u0259d\u0259 nisb\u0259t\u0259n daha yuxar\u0131 s\u0259viyy\u0259d\u0259 adland\u0131l\u0131r. Bunu inkar etm\u0259k \u0259dal\u0259tsizlik olard\u0131.<\/p>\n<p><strong><em>&#8220;Elektrik enerjisi il\u0259 t\u0259chizatda probleml\u0259rl\u0259 ba\u011fl\u0131 m\u00fcxt\u0259lif yerl\u0259rd\u0259n g\u0259l\u0259n \u015fikay\u0259tl\u0259rin ard\u0131-aras\u0131 k\u0259silmirdi&#8221;<\/em><\/strong><\/p>\n<p>G\u0259lin, qar ya\u011fmas\u0131 il\u0259 \u0259laq\u0259dar\u00a0 g\u00fccl\u0259ndirilmi\u015f i\u015f rejimin\u0259 ke\u00e7\u0259n\u00a0 qurumlar\u0131 xat\u0131rlayaq.\u00a0 Bak\u0131 \u015e\u0259h\u0259ri \u0130cra Hakimiyy\u0259ti, AAYDA , \u201cAz\u0259ri\u015f\u0131q\u201d, \u201cAz\u0259riqaz\u201d, \u201cAz\u0259rsu\u201d v\u0259 dig\u0259r nisb\u0259t\u0259n s\u0259f\u0259rb\u0259redil\u0259n qurumlard\u0131r. Lakin bunlardan bu be\u015f qurum qar s\u0131na\u011f\u0131ndan u\u011furla \u00e7\u0131xmaq \u00fc\u00e7\u00fcn daha b\u00f6y\u00fck m\u0259hsuliyy\u0259t da\u015f\u0131y\u0131r. Bunlar\u0131n h\u0259r birinin f\u0259aliyy\u0259tin\u0259 n\u0259z\u0259r salanda g\u00f6rd\u00fck ki, \u201cAz\u0259riqaz\u201d\u00a0 bu m\u0259s\u0259l\u0259y\u0259 ali r\u0259hb\u0259rlik s\u0259viyy\u0259sind\u0259 s\u0259f\u0259rb\u0259r olundu. M\u00fct\u0259madi, h\u0259tta gec\u0259 saatlar\u0131nda \u201cAz\u0259rqaz\u201d\u0131n \u00a0r\u0259hb\u0259ri \u015f\u0259xs\u0259n v\u0259t\u0259nda\u015flarla \u201cFacebook\u201d \u00fcz\u0259rind\u0259n canl\u0131 yay\u0131mlar etdi, suallar\u0131 cavablad\u0131, probleml\u0259ri dinl\u0259di. Onun bu c\u0259sar\u0259tli v\u0259 m\u0259suliyy\u0259tli add\u0131m\u0131 \u00f6z\u00fcn\u0259 \u0259minlikd\u0259n qaynaqlan\u0131rd\u0131. Biz bu 2-3 g\u00fcn \u0259rzind\u0259 m\u0259hz qazla t\u0259minatda b\u0259zi yerl\u0259rd\u0259 azalmalar olsada b\u00f6y\u00fck \u00f6l\u00e7\u00fcd\u0259 probleml\u0259r ya\u015famad\u0131q. Dig\u0259r vaxtlarda probleml\u0259ri a\u015f\u0131b-da\u015fan \u201cAz\u0259rsu\u201d is\u0259 etiraf ed\u0259k ki, bu s\u0259rt g\u00fcnl\u0259rd\u0259 pis t\u0259sir ba\u011f\u0131\u015flamad\u0131. B\u0259zi yerl\u0259rd\u0259 c\u00fczi probleml\u0259r, t\u0259zyiqin azald\u0131lmas\u0131 is\u0259 ba\u015fad\u00fc\u015f\u00fcl\u0259n idi. \u015eaxtada donmalar v\u0259 dig\u0259r t\u0259hl\u00fck\u0259sizlik bax\u0131m\u0131ndan a\u015fa\u011f\u0131 t\u0259zyiqd\u0259n istifad\u0259 edirdil\u0259r. Amma dig\u0259r qurumlar haqq\u0131nda bunlar\u0131 dem\u0259k m\u00fcmk\u00fcn deyil. Elektrik enerjisi il\u0259 t\u0259chizatda \u00a0probleml\u0259rl\u0259 ba\u011fl\u0131 m\u00fcxt\u0259lif yerl\u0259rd\u0259n g\u0259l\u0259n \u015fikay\u0259tl\u0259rin ard\u0131-aras\u0131 k\u0259silmirdi. Ab\u015feron rayonu \u0259razisind\u0259 bu daha ciddi \u015f\u0259kil alm\u0131\u015fd\u0131. \u0130nsanlar elektrik t\u0259minat\u0131n\u0131n olmamas\u0131 s\u0259b\u0259bind\u0259n q\u0131zd\u0131r\u0131clar\u0131n i\u015fl\u0259m\u0259diyini, soyu\u011fun ciddi problem yaratd\u0131\u011f\u0131n\u0131, elektrikl\u0259 i\u015fl\u0259y\u0259n b\u0259zi avadanl\u0131qlar\u0131n bel\u0259 donma s\u0259b\u0259bind\u0259n s\u0131radan \u00e7\u0131xd\u0131\u011f\u0131nda \u015fikay\u0259tl\u0259nirdil\u0259r\u201d.<\/p>\n<p>Dig\u0259r iki quruma g\u0259ldikd\u0259 is\u0259 m\u00fcsahibimiz Bak\u0131 \u015f\u0259h\u0259ri \u0130cra Hakimiyy\u0259ti v\u0259 AAYDA t\u0259r\u0259find\u0259n \u00e7evik reaksiyan\u0131 m\u00fc\u015fahid\u0259 etm\u0259yib: \u201dAAYDA sonradan qar t\u0259mizl\u0259m\u0259, duz-qum s\u0259pm\u0259 prosesin\u0259 gec d\u0259 olsa m\u00fcdaxil\u0259 etdi v\u0259 10-12 saat sonrada olsa, \u00a0qurumun balans\u0131nda olan m\u0259rk\u0259zi yollarda t\u0259mizl\u0259m\u0259 i\u015fl\u0259ri apar\u0131ld\u0131\u201d.<\/p>\n<p><strong>&#8220;Biz \u00f6z z\u0259if yerl\u0259rimizi d\u0259 g\u00f6rd\u00fck&#8221;<\/strong><\/p>\n<p>Qeyd ed\u0259k ki, yollar\u0131n qardan t\u0259mizl\u0259nm\u0259si bar\u0259d\u0259 deyil\u0259nl\u0259r\u0259 Bak\u0131 \u015e\u0259h\u0259r \u0130cra Hakimiyy\u0259tind\u0259n reaksiya verilib. Bak\u0131 \u015e\u0259h\u0259r \u0130cra Hakimiyy\u0259tinin ba\u015f\u00e7\u0131s\u0131 Eldar \u018fzizov m\u0259tbuata a\u00e7\u0131qlamas\u0131nda deyib ki, \u00a0fevral\u0131n 24-d\u0259 s\u0259h\u0259r\u0259 yax\u0131n tam h\u0259cmd\u0259 olmasa da, k\u00fc\u00e7\u0259l\u0259rin b\u00f6y\u00fck bir hiss\u0259si t\u0259mizl\u0259n\u0259r\u0259k istifad\u0259y\u0259 verilmi\u015fdi. O, 12 saat dayanmadan qar ya\u011fd\u0131\u011f\u0131n\u0131 n\u0259z\u0259r\u0259 al\u0131nmal\u0131 oldu\u011funu diqq\u0259t\u0259 \u00e7atd\u0131r\u0131b:\u201cK\u00fc\u00e7\u0259ni t\u0259mizl\u0259yirdil\u0259r, 1-2 saatdan sonra h\u0259min k\u00fc\u00e7\u0259y\u0259 yenid\u0259n qay\u0131tmal\u0131 olurdular. Biz \u00f6z z\u0259if yerl\u0259rimizi d\u0259 g\u00f6rd\u00fck. Ancaq hesab edir\u0259m ki, kommunal xidm\u0259t \u00f6z v\u0259zif\u0259sinin \u00f6hd\u0259sind\u0259n g\u0259ldi.<\/p>\n<p>Bak\u0131da be\u015f min\u0259 q\u0259d\u0259r k\u00fc\u00e7\u0259 m\u00f6vcuddur. Bu be\u015f min k\u00fc\u00e7\u0259ni eyni anda qardan t\u0259mizl\u0259m\u0259k m\u00fcmk\u00fcn deyil. Bu proses qrafik \u0259sas\u0131nda h\u0259yata ke\u00e7irildi\u201d.<\/p>\n<p>&nbsp;<\/p>\n<p>&nbsp;<\/p>\n<p>&nbsp;<\/p>\n<div class=\"clearfix\"><\/div>\n<\/div>\n<div class=\"fotorama--hidden\"><\/div>\n<div id=\"galleryList\" class=\"fotorama fotorama1614597919987\" data-nav=\"thumbs\" data-width=\"100%\" data-thumbwidth=\"90\" data-thumbheight=\"60\" data-allowfullscreen=\"true\" data-autoplay=\"3000\" data-ratio=\"1.5\" data-keyboard=\"true\" data-fit=\"contain\">\n<div class=\"fotorama__wrap fotorama__wrap--css3 fotorama__wrap--slide fotorama__wrap--toggle-arrows fotorama__wrap--no-controls\">\n<div class=\"fotorama__stage fotorama__pointer\">\n<div class=\"fotorama__fullscreen-icon\" tabindex=\"0\" role=\"button\"><\/div>\n<div class=\"fotorama__stage__shaft\">\n<div class=\"fotorama__stage__frame fotorama__loaded fotorama__loaded--img fotorama__active\"><img class=\"fotorama__img\" src=\"https:\/\/ikisahil.az\/photo\/0x0_2\/upload\/gallery\/2021\/03\/01\/-2a3d6d6c16145978055323282781103277.png\" \/><\/div>\n<div class=\"fotorama__stage__frame fotorama__loaded fotorama__loaded--img\"><img class=\"fotorama__img\" src=\"https:\/\/ikisahil.az\/photo\/0x0_2\/upload\/gallery\/2021\/03\/01\/-62f91ce9161459777796972648210521471.jpg\" \/><\/div>\n<div class=\"fotorama__stage__frame fotorama__loaded fotorama__loaded--img\"><img class=\"fotorama__img\" src=\"https:\/\/ikisahil.az\/photo\/0x0_2\/upload\/gallery\/2021\/03\/01\/-f9d11525161459785262203858110604002.jpg\" \/><\/div>\n<\/div>\n<div class=\"fotorama__arr fotorama__arr--prev\" tabindex=\"0\" role=\"button\"><\/div>\n<div class=\"fotorama__arr fotorama__arr--next\" tabindex=\"0\" role=\"button\"><\/div>\n<div class=\"fotorama__video-close\"><\/div>\n<\/div>\n<div class=\"fotorama__nav-wrap\">\n<div class=\"fotorama__nav fotorama__nav--thumbs\">\n<div class=\"fotorama__nav__shaft\">\n<div class=\"fotorama__thumb-border\"><\/div>\n<div class=\"fotorama__nav__frame fotorama__nav__frame--thumb\" tabindex=\"0\" role=\"button\">\n<div class=\"fotorama__thumb fotorama__loaded fotorama__loaded--img\"><img class=\"fotorama__img\" src=\"https:\/\/ikisahil.az\/photo\/150x100_2\/upload\/gallery\/2021\/03\/01\/-62f91ce9161459777796972648210521471.jpg\" \/><\/div>\n<\/div>\n<div class=\"fotorama__nav__frame fotorama__nav__frame--thumb fotorama__active\" tabindex=\"0\" role=\"button\">\n<div class=\"fotorama__thumb fotorama__loaded fotorama__loaded--img\"><img class=\"fotorama__img\" src=\"https:\/\/ikisahil.az\/photo\/150x100_2\/upload\/gallery\/2021\/03\/01\/-2a3d6d6c16145978055323282781103277.png\" \/><\/div>\n<\/div>\n<div class=\"fotorama__nav__frame fotorama__nav__frame--thumb\" tabindex=\"0\" role=\"button\">\n<div class=\"fotorama__thumb fotorama__loaded fotorama__loaded--img\"><img class=\"fotorama__img\" src=\"https:\/\/ikisahil.az\/photo\/150x100_2\/upload\/gallery\/2021\/03\/01\/-f9d11525161459785262203858110604002.jpg\" \/><\/div>\n<\/div>\n<\/div>\n<\/div>\n<\/div>\n<\/div>\n<\/div>\n<div class=\"sharing my-2 row no-gutters d-print-none\">\n<div class=\"col-md-3\"><\/div>\n<\/div>\n","protected":false},"excerpt":{"rendered":"<p>Daha az t\u0259sad\u00fcf etm\u0259si s\u0259b\u0259bind\u0259n Bak\u0131 \u015f\u0259h\u0259rin\u0259 qar\u0131n ya\u011fmas\u0131n\u0131 s\u0259birsizlikl\u0259 g\u00f6zl\u0259y\u0259nl\u0259r olsa da, bu t\u0259bi\u0259t hadis\u0259sinin \u00a0n\u0259tic\u0259l\u0259rinin q\u0131sa zamanda aradan qald\u0131r\u0131lmas\u0131 daha \u00e7ox insan\u0131 maraqland\u0131r\u0131r. Bu m\u0259nada paytaxt\u0131n n\u00f6vb\u0259ti \u201cqar s\u0131na\u011f\u0131\u201dndan nec\u0259 \u00e7\u0131xmas\u0131, \u0259vv\u0259lki ill\u0259rl\u0259 m\u00fcqayis\u0259d\u0259 kommunal t\u0259s\u0259rr\u00fcfat\u0131n \u201cev tap\u015f\u0131r\u0131\u011f\u0131\u201dn\u0131n \u00f6hd\u0259sind\u0259n nec\u0259 g\u0259lm\u0259si onlar\u0131n f\u0259aliyy\u0259tinin qiym\u0259tl\u0259ndirilm\u0259si bax\u0131m\u0131ndan \u0259h\u0259miyy\u0259tlidir. \u018fvv\u0259lc\u0259 ondan ba\u015flayaq ki, bir ne\u00e7\u0259 g\u00fcn \u0259vv\u0259l bu q\u0131\u015f d\u00f6vr\u00fcn\u00fcn \u0259n soyuq g\u00fcn\u00fcn\u00fcn fevral\u0131n 24-d\u0259 olaca\u011f\u0131n\u0131n g\u00f6zl\u0259nildiyi elan edilmi\u015fdi. \u00a0Milli Hidrometeorologiya Xidm\u0259tinin\u00a0verdiyi m\u0259lumatda Bak\u0131da v\u0259 Ab\u015feron yar\u0131madas\u0131nda fevral\u0131n 23-\u00fc ax\u015famdan 25-i s\u0259h\u0259r\u0259d\u0259k hava \u015f\u0259raitinin arabir ya\u011f\u0131nt\u0131l\u0131 olaca\u011f\u0131, 23-d\u0259n 24-n\u0259 ke\u00e7\u0259n gec\u0259&hellip;<\/p>\n","protected":false},"author":2,"featured_media":304272,"comment_status":"closed","ping_status":"closed","sticky":false,"template":"","format":"standard","meta":{"om_disable_all_campaigns":false,"_monsterinsights_skip_tracking":false,"_monsterinsights_sitenote_active":false,"_monsterinsights_sitenote_note":"","_monsterinsights_sitenote_category":0},"categories":[26],"tags":[],"aioseo_notices":[],"gutentor_comment":0,"rttpg_featured_image_url":{"full":["https:\/\/arantv.az\/wp-content\/uploads\/2021\/03\/577fd602161459676497985129710872817.jpg",975,540,false],"landscape":["https:\/\/arantv.az\/wp-content\/uploads\/2021\/03\/577fd602161459676497985129710872817.jpg",975,540,false],"portraits":["https:\/\/arantv.az\/wp-content\/uploads\/2021\/03\/577fd602161459676497985129710872817.jpg",975,540,false],"thumbnail":["https:\/\/arantv.az\/wp-content\/uploads\/2021\/03\/577fd602161459676497985129710872817-150x150.jpg",150,150,true],"medium":["https:\/\/arantv.az\/wp-content\/uploads\/2021\/03\/577fd602161459676497985129710872817-300x166.jpg",300,166,true],"large":["https:\/\/arantv.az\/wp-content\/uploads\/2021\/03\/577fd602161459676497985129710872817.jpg",640,354,false],"1536x1536":["https:\/\/arantv.az\/wp-content\/uploads\/2021\/03\/577fd602161459676497985129710872817.jpg",975,540,false],"2048x2048":["https:\/\/arantv.az\/wp-content\/uploads\/2021\/03\/577fd602161459676497985129710872817.jpg",975,540,false],"post-thumbnail":["https:\/\/arantv.az\/wp-content\/uploads\/2021\/03\/577fd602161459676497985129710872817-240x172.jpg",240,172,true],"advps-thumb-one":["https:\/\/arantv.az\/wp-content\/uploads\/2021\/03\/577fd602161459676497985129710872817.jpg",975,540,false]},"rttpg_author":{"display_name":"V\u00fcsal Rafiqo\u011flu","author_link":"https:\/\/arantv.az\/?author=2"},"rttpg_comment":0,"rttpg_category":"<a href=\"https:\/\/arantv.az\/?cat=26\" rel=\"category\">Sosial<\/a>","rttpg_excerpt":"Daha az t\u0259sad\u00fcf etm\u0259si s\u0259b\u0259bind\u0259n Bak\u0131 \u015f\u0259h\u0259rin\u0259 qar\u0131n ya\u011fmas\u0131n\u0131 s\u0259birsizlikl\u0259 g\u00f6zl\u0259y\u0259nl\u0259r olsa da, bu t\u0259bi\u0259t hadis\u0259sinin \u00a0n\u0259tic\u0259l\u0259rinin q\u0131sa zamanda aradan qald\u0131r\u0131lmas\u0131 daha \u00e7ox insan\u0131 maraqland\u0131r\u0131r. Bu m\u0259nada paytaxt\u0131n n\u00f6vb\u0259ti \u201cqar s\u0131na\u011f\u0131\u201dndan nec\u0259 \u00e7\u0131xmas\u0131, \u0259vv\u0259lki ill\u0259rl\u0259 m\u00fcqayis\u0259d\u0259 kommunal t\u0259s\u0259rr\u00fcfat\u0131n \u201cev tap\u015f\u0131r\u0131\u011f\u0131\u201dn\u0131n \u00f6hd\u0259sind\u0259n nec\u0259 g\u0259lm\u0259si onlar\u0131n f\u0259aliyy\u0259tinin qiym\u0259tl\u0259ndirilm\u0259si bax\u0131m\u0131ndan \u0259h\u0259miyy\u0259tlidir. \u018fvv\u0259lc\u0259 ondan ba\u015flayaq ki, bir ne\u00e7\u0259 g\u00fcn&hellip;","_links":{"self":[{"href":"https:\/\/arantv.az\/index.php?rest_route=\/wp\/v2\/posts\/304271"}],"collection":[{"href":"https:\/\/arantv.az\/index.php?rest_route=\/wp\/v2\/posts"}],"about":[{"href":"https:\/\/arantv.az\/index.php?rest_route=\/wp\/v2\/types\/post"}],"author":[{"embeddable":true,"href":"https:\/\/arantv.az\/index.php?rest_route=\/wp\/v2\/users\/2"}],"replies":[{"embeddable":true,"href":"https:\/\/arantv.az\/index.php?rest_route=%2Fwp%2Fv2%2Fcomments&post=304271"}],"version-history":[{"count":0,"href":"https:\/\/arantv.az\/index.php?rest_route=\/wp\/v2\/posts\/304271\/revisions"}],"wp:featuredmedia":[{"embeddable":true,"href":"https:\/\/arantv.az\/index.php?rest_route=\/wp\/v2\/media\/304272"}],"wp:attachment":[{"href":"https:\/\/arantv.az\/index.php?rest_route=%2Fwp%2Fv2%2Fmedia&parent=304271"}],"wp:term":[{"taxonomy":"category","embeddable":true,"href":"https:\/\/arantv.az\/index.php?rest_route=%2Fwp%2Fv2%2Fcategories&post=304271"},{"taxonomy":"post_tag","embeddable":true,"href":"https:\/\/arantv.az\/index.php?rest_route=%2Fwp%2Fv2%2Ftags&post=304271"}],"curies":[{"name":"wp","href":"https:\/\/api.w.org\/{rel}","templated":true}]}}