{"id":304275,"date":"2021-03-01T15:04:30","date_gmt":"2021-03-01T12:04:30","guid":{"rendered":"http:\/\/arantv.az\/?p=304275"},"modified":"2021-03-01T15:04:30","modified_gmt":"2021-03-01T12:04:30","slug":"martda-nec%c9%99-gun-evd%c9%99-olacagiq","status":"publish","type":"post","link":"https:\/\/arantv.az\/?p=304275","title":{"rendered":"Martda ne\u00e7\u0259 g\u00fcn evd\u0259 olaca\u011f\u0131q?"},"content":{"rendered":"<p>Mart ay\u0131n\u0131n istirah\u0259t g\u00fcnl\u0259ri a\u00e7\u0131qlan\u0131b.<\/p>\n<p><strong>ARANTV.AZ<\/strong>-\u0131n m\u0259lumat\u0131na g\u00f6r\u0259, mart\u0131n 8-d\u0259 Beyn\u0259lxalq Qad\u0131nlar g\u00fcn\u00fcd\u00fcr.<\/p>\n<p>Mart\u0131n 20, 21, 22, 23, 24-\u00fc Az\u0259rbaycanda Novruz Bayram\u0131 qeyd edil\u0259c\u0259k.<\/p>\n<p>Nazirl\u0259r Kabinetinin q\u0259rar\u0131na \u0259sas\u0259n, mart\u0131n 20-si v\u0259 21-i \u015f\u0259nb\u0259 v\u0259 bazar g\u00fcnl\u0259rin\u0259 t\u0259sad\u00fcf etdiyi \u00fc\u00e7\u00fcn m\u00fcvafiq olaraq mart\u0131n 25-i v\u0259 26-s\u0131 qeyri-i\u015f g\u00fcnl\u0259ri hesab edilir.<\/p>\n<p>Mart\u0131n 27-si v\u0259 28-i is\u0259 h\u0259ft\u0259sonuna t\u0259sad\u00fcf edir.<\/p>\n<p>\u00dcmumilikd\u0259 is\u0259 mart ay\u0131 \u0259rzind\u0259 h\u0259ft\u0259sonlar\u0131 il\u0259 birlikd\u0259 14 g\u00fcn istirah\u0259t g\u00fcn\u00fc olacaq.<\/p>\n","protected":false},"excerpt":{"rendered":"<p>Mart ay\u0131n\u0131n istirah\u0259t g\u00fcnl\u0259ri a\u00e7\u0131qlan\u0131b. ARANTV.AZ-\u0131n m\u0259lumat\u0131na g\u00f6r\u0259, mart\u0131n 8-d\u0259 Beyn\u0259lxalq Qad\u0131nlar g\u00fcn\u00fcd\u00fcr. Mart\u0131n 20, 21, 22, 23, 24-\u00fc Az\u0259rbaycanda Novruz Bayram\u0131 qeyd edil\u0259c\u0259k. Nazirl\u0259r Kabinetinin q\u0259rar\u0131na \u0259sas\u0259n, mart\u0131n 20-si v\u0259 21-i \u015f\u0259nb\u0259 v\u0259 bazar g\u00fcnl\u0259rin\u0259 t\u0259sad\u00fcf etdiyi \u00fc\u00e7\u00fcn m\u00fcvafiq olaraq mart\u0131n 25-i v\u0259 26-s\u0131 qeyri-i\u015f g\u00fcnl\u0259ri hesab edilir. Mart\u0131n 27-si v\u0259 28-i is\u0259 h\u0259ft\u0259sonuna t\u0259sad\u00fcf edir. \u00dcmumilikd\u0259 is\u0259 mart ay\u0131 \u0259rzind\u0259 h\u0259ft\u0259sonlar\u0131 il\u0259 birlikd\u0259 14 g\u00fcn istirah\u0259t g\u00fcn\u00fc olacaq.<\/p>\n","protected":false},"author":2,"featured_media":304276,"comment_status":"closed","ping_status":"closed","sticky":false,"template":"","format":"standard","meta":{"om_disable_all_campaigns":false,"_monsterinsights_skip_tracking":false,"_monsterinsights_sitenote_active":false,"_monsterinsights_sitenote_note":"","_monsterinsights_sitenote_category":0},"categories":[26],"tags":[],"aioseo_notices":[],"gutentor_comment":0,"rttpg_featured_image_url":{"full":["https:\/\/arantv.az\/wp-content\/uploads\/2021\/03\/martt.jpg",620,465,false],"landscape":["https:\/\/arantv.az\/wp-content\/uploads\/2021\/03\/martt.jpg",620,465,false],"portraits":["https:\/\/arantv.az\/wp-content\/uploads\/2021\/03\/martt.jpg",620,465,false],"thumbnail":["https:\/\/arantv.az\/wp-content\/uploads\/2021\/03\/martt-150x150.jpg",150,150,true],"medium":["https:\/\/arantv.az\/wp-content\/uploads\/2021\/03\/martt-300x225.jpg",300,225,true],"large":["https:\/\/arantv.az\/wp-content\/uploads\/2021\/03\/martt.jpg",620,465,false],"1536x1536":["https:\/\/arantv.az\/wp-content\/uploads\/2021\/03\/martt.jpg",620,465,false],"2048x2048":["https:\/\/arantv.az\/wp-content\/uploads\/2021\/03\/martt.jpg",620,465,false],"post-thumbnail":["https:\/\/arantv.az\/wp-content\/uploads\/2021\/03\/martt-240x172.jpg",240,172,true],"advps-thumb-one":["https:\/\/arantv.az\/wp-content\/uploads\/2021\/03\/martt.jpg",620,465,false]},"rttpg_author":{"display_name":"V\u00fcsal Rafiqo\u011flu","author_link":"https:\/\/arantv.az\/?author=2"},"rttpg_comment":0,"rttpg_category":"<a href=\"https:\/\/arantv.az\/?cat=26\" rel=\"category\">Sosial<\/a>","rttpg_excerpt":"Mart ay\u0131n\u0131n istirah\u0259t g\u00fcnl\u0259ri a\u00e7\u0131qlan\u0131b. ARANTV.AZ-\u0131n m\u0259lumat\u0131na g\u00f6r\u0259, mart\u0131n 8-d\u0259 Beyn\u0259lxalq Qad\u0131nlar g\u00fcn\u00fcd\u00fcr. Mart\u0131n 20, 21, 22, 23, 24-\u00fc Az\u0259rbaycanda Novruz Bayram\u0131 qeyd edil\u0259c\u0259k. Nazirl\u0259r Kabinetinin q\u0259rar\u0131na \u0259sas\u0259n, mart\u0131n 20-si v\u0259 21-i \u015f\u0259nb\u0259 v\u0259 bazar g\u00fcnl\u0259rin\u0259 t\u0259sad\u00fcf etdiyi \u00fc\u00e7\u00fcn m\u00fcvafiq olaraq mart\u0131n 25-i v\u0259 26-s\u0131 qeyri-i\u015f g\u00fcnl\u0259ri hesab edilir. Mart\u0131n 27-si v\u0259 28-i is\u0259 h\u0259ft\u0259sonuna&hellip;","_links":{"self":[{"href":"https:\/\/arantv.az\/index.php?rest_route=\/wp\/v2\/posts\/304275"}],"collection":[{"href":"https:\/\/arantv.az\/index.php?rest_route=\/wp\/v2\/posts"}],"about":[{"href":"https:\/\/arantv.az\/index.php?rest_route=\/wp\/v2\/types\/post"}],"author":[{"embeddable":true,"href":"https:\/\/arantv.az\/index.php?rest_route=\/wp\/v2\/users\/2"}],"replies":[{"embeddable":true,"href":"https:\/\/arantv.az\/index.php?rest_route=%2Fwp%2Fv2%2Fcomments&post=304275"}],"version-history":[{"count":0,"href":"https:\/\/arantv.az\/index.php?rest_route=\/wp\/v2\/posts\/304275\/revisions"}],"wp:featuredmedia":[{"embeddable":true,"href":"https:\/\/arantv.az\/index.php?rest_route=\/wp\/v2\/media\/304276"}],"wp:attachment":[{"href":"https:\/\/arantv.az\/index.php?rest_route=%2Fwp%2Fv2%2Fmedia&parent=304275"}],"wp:term":[{"taxonomy":"category","embeddable":true,"href":"https:\/\/arantv.az\/index.php?rest_route=%2Fwp%2Fv2%2Fcategories&post=304275"},{"taxonomy":"post_tag","embeddable":true,"href":"https:\/\/arantv.az\/index.php?rest_route=%2Fwp%2Fv2%2Ftags&post=304275"}],"curies":[{"name":"wp","href":"https:\/\/api.w.org\/{rel}","templated":true}]}}