{"id":304283,"date":"2021-03-01T15:06:07","date_gmt":"2021-03-01T12:06:07","guid":{"rendered":"http:\/\/arantv.az\/?p=304283"},"modified":"2021-03-01T15:06:07","modified_gmt":"2021-03-01T12:06:07","slug":"yeni-safaq-qarabagdan-reportaj-hazirladi-isgalin-izl%c9%99ri-silinir","status":"publish","type":"post","link":"https:\/\/arantv.az\/?p=304283","title":{"rendered":"\u201cYeni \u015eafaq\u201d Qaraba\u011fdan REPORTAJ haz\u0131rlad\u0131: \u0130\u015f\u011fal\u0131n izl\u0259ri silinir"},"content":{"rendered":"<p>Erm\u0259ni i\u015f\u011fal\u0131ndan azad edilmi\u015f Da\u011fl\u0131q Qaraba\u011f\u00a029 illik m\u00fcharib\u0259nin izl\u0259rini silm\u0259k \u00fc\u00e7\u00fcn yenid\u0259n in\u015faat meydan\u0131na \u00e7evrilib. V\u0259t\u0259n h\u0259sr\u0259tind\u0259 yanan az\u0259rbaycanl\u0131lar\u0131n geri d\u00f6nm\u0259si \u00fc\u00e7\u00fcn i\u015fl\u0259r s\u00fcr\u0259tl\u0259nib. Mina t\u0259mizl\u0259nm\u0259si davam ed\u0259rk\u0259n b\u00f6lg\u0259d\u0259 elektrik x\u0259tl\u0259ri \u00e7\u0259kilir v\u0259 yollar in\u015fa edilir.<\/p>\n<p>Bu bar\u0259d\u0259 T\u00fcrkiy\u0259nin \u201cYeni \u015eafaq\u201d sayt\u0131n\u0131n Qaraba\u011fdan haz\u0131rlad\u0131\u011f\u0131 reportajda bildilir.<\/p>\n<p>M\u0259qal\u0259d\u0259 bildirilir ki, T\u00fcrkiy\u0259 dem\u0259k olar ki, h\u0259r bir in\u015faat sah\u0259sind\u0259 Az\u0259rbaycan\u0131 podrat\u00e7\u0131 firmalar v\u0259 m\u00fch\u0259ndisl\u0259rl\u0259 d\u0259st\u0259kl\u0259yir.<\/p>\n<p>\u201c1992-1994-c\u00fc ill\u0259r aras\u0131nda F\u00fczulid\u0259 ba\u015f ver\u0259n faci\u0259 insanlar\u0131 soyuq bir k\u00fcl\u0259k kimi vurub. Evl\u0259r yand\u0131r\u0131l\u0131b, q\u0259biristanl\u0131qlar talan edilib v\u0259 F\u00fczuli kims\u0259siz \u0259raziy\u0259 \u00e7evrilib. Qaraba\u011f\u0131n m\u0259\u015fhur \u00fcz\u00fcm ba\u011flar\u0131 quruyub, torpaq h\u0259yat\u00a0h\u0259sr\u0259tind\u0259dir. \u0130ll\u0259rin bu s\u0259ssizliyini in\u015faat ma\u015f\u0131nlar\u0131 pozdu\u201d.<\/p>\n<p>N\u0259\u015frd\u0259 \u0259n intensiv i\u015fl\u0259rin F\u00fczuli Beyn\u0259lxalq Hava Liman\u0131n\u0131n tikinti sah\u0259sind\u0259 apar\u0131ld\u0131\u011f\u0131 vur\u011fulan\u0131b:<\/p>\n<p>\u201cAvqust ay\u0131n\u0131n sonunda u\u00e7u\u015fa a\u00e7\u0131lmas\u0131 planla\u015fd\u0131r\u0131lan hava liman\u0131 b\u00f6lg\u0259ni turistik-m\u0259d\u0259ni turlar v\u0259 lojistik n\u0259qliyyatla inki\u015faf etdir\u0259c\u0259k \u0259h\u0259miyy\u0259tli bir layih\u0259dir. \u201cAz\u0259raeronaviqasiya\u201d Hava H\u0259r\u0259k\u0259ti \u0130dar\u0259sinin Direktoru F\u0259rxan Quliyev 30 ild\u0259n \u00e7oxdur m\u00fclki aviasiya \u00fc\u00e7\u00fcn qapal\u0131 olan hava m\u0259kan\u0131n\u0131 beyn\u0259lxalq u\u00e7u\u015flara a\u00e7acaqlar\u0131n\u0131 bildirib. Quliyev, \u201cBa\u015f podrat\u00e7\u0131\u00a0\u201cAzvirt\u201d firmas\u0131, ikinci podrat\u00e7\u0131 T\u00fcrkiy\u0259 \u015firk\u0259ti ola bil\u0259r. Bu, b\u00f6y\u00fck layih\u0259dir v\u0259 T\u00fcrkiy\u0259 \u015firk\u0259tl\u0259ri il\u0259 yax\u0131ndan i\u015fl\u0259yirik\u201d, &#8211; deyib. Quliyev b\u00f6lg\u0259d\u0259ki dig\u0259r hava liman\u0131 layih\u0259l\u0259rinin g\u00fcnd\u0259md\u0259 ola bil\u0259c\u0259yini qeyd edib. \u201cAzvirt\u201din Layih\u0259 Meneceri B\u00fclent Mersinli \u015firk\u0259tl\u0259rinin u\u00e7u\u015f-enm\u0259 zolaqlar\u0131 haz\u0131rlad\u0131qlar\u0131n\u0131 v\u0259 hava liman\u0131n\u0131n in\u015fas\u0131 \u00fc\u00e7\u00fcn T\u00fcrkiy\u0259 \u015firk\u0259tl\u0259rinin d\u0259v\u0259t edil\u0259c\u0259yini bildirib\u201d.<\/p>\n<p>M\u0259qal\u0259d\u0259 yollarda v\u0259\u00a0k\u00f6rp\u00fcl\u0259rd\u0259\u00a0q\u0131z\u011f\u0131n i\u015f getdiyi deyilir:<\/p>\n<p>\u201cLayih\u0259l\u0259rin \u0259n vacibi F\u00fczulid\u0259n Xocav\u0259nd s\u0259rh\u0259din\u0259 v\u0259 oradan \u015eu\u015faya q\u0259d\u0259r uzanan \u201cZ\u0259f\u0259r Yolu\u201ddur. Bu yolu \u0259h\u0259miyy\u0259tli ed\u0259n Az\u0259rbaycan ordusunun \u015f\u0259hid ver\u0259r\u0259k erm\u0259nil\u0259ri d\u0259f etdiyi, \u015eu\u015faya do\u011fru ir\u0259lil\u0259diyi v\u0259 q\u0259l\u0259b\u0259y\u0259 \u00e7atd\u0131\u011f\u0131 yolun \u00fcz\u0259rind\u0259 olmas\u0131d\u0131r. Az\u0259rbaycanl\u0131lar bu yolun h\u0259r qar\u0131\u015f\u0131nda \u015f\u0259hid qan\u0131 oldu\u011funu s\u00f6yl\u0259yirl\u0259r. Planla\u015fd\u0131r\u0131lan 102 km yolun yan\u0131nda, 84 km uzunlu\u011funda daha bir magistral yol in\u015fa edil\u0259c\u0259k. Az\u0259rbaycan \u015firk\u0259tl\u0259ri \u201cZ\u0259f\u0259r Yolu\u201dnu v\u0259 magistral yolun yar\u0131s\u0131n\u0131, T\u00fcrkiy\u0259 \u015firk\u0259tl\u0259ri is\u0259 k\u00f6rp\u00fcl\u0259r v\u0259 tunnell\u0259r\u00a0t\u0259l\u0259b olunan hiss\u0259sini\u00a0haz\u0131rlay\u0131r. \u201cZ\u0259f\u0259r Yolu\u201dnun avqust ay\u0131nda, magistral yolun 2022-ci ild\u0259 istifad\u0259y\u0259 verilm\u0259si planla\u015fd\u0131r\u0131l\u0131r\u201d.<\/p>\n<p>Reportajda qeyd olunur ki, Qaraba\u011fda tikinti i\u015fl\u0259rind\u0259 prioritet m\u0259s\u0259l\u0259 elektrik x\u0259ttl\u0259ridir:<\/p>\n<p>\u201cElektrik x\u0259ttl\u0259rinin \u00e7\u0259kili\u015fi\u00a0ilin sonuna kimi tamamlanacaq. F\u00fczulid\u0259n \u015eu\u015faya ged\u0259n mar\u015frutda \u201cAz\u0259renerji\u201d \u015e\u00fck\u00fcrb\u0259ylid\u0259n\u00a0y\u00fcks\u0259kg\u0259rginlikli yeni hava elektrik x\u0259tti \u00e7\u0259kir. \u201cAz\u0259renerji\u201d ASC-nin \u0130ctimaiyy\u0259tl\u0259 \u0259laq\u0259l\u0259r v\u0259 m\u0259tbuat m\u0259rk\u0259zinin\u00a0r\u0259isi Teymur Abdullayev,\u00a0 K\u0259lb\u0259c\u0259r v\u0259 La\u00e7\u0131n rayonlar\u0131nda su elektrik stansiyalar\u0131n\u0131n yarad\u0131laca\u011f\u0131n\u0131, k\u00fcl\u0259k v\u0259 g\u00fcn\u0259\u015f elektrik stansiyalar\u0131n\u0131n tikil\u0259c\u0259yini, layih\u0259 ba\u015fa \u00e7atd\u0131qda art\u0131q Qaraba\u011fa 6-7 alternativ enerji m\u0259nb\u0259l\u0259ri t\u0259klif edil\u0259c\u0259yini deyib\u201d.<\/p>\n<p>Reportajda regionun minalanm\u0131\u015f \u0259razil\u0259rd\u0259n t\u0259mizl\u0259ndiyi vur\u011fulan\u0131b.<\/p>\n<p>\u201cF\u00fczulid\u0259 dem\u0259k olar ki, h\u0259r yer minalanm\u0131\u015fd\u0131r. F\u00fczuli-\u015eu\u015fa mar\u015frutu t\u0259l\u0259l\u0259rl\u0259 doludur. H\u0259r 30 santimetrd\u0259n bir da\u011f\u0131n\u0131q minalar d\u00f6\u015f\u0259nib. 34 km-lik x\u0259ttin 8 aya t\u0259mizl\u0259nm\u0259si planla\u015fd\u0131r\u0131l\u0131r\u201d.<\/p>\n","protected":false},"excerpt":{"rendered":"<p>Erm\u0259ni i\u015f\u011fal\u0131ndan azad edilmi\u015f Da\u011fl\u0131q Qaraba\u011f\u00a029 illik m\u00fcharib\u0259nin izl\u0259rini silm\u0259k \u00fc\u00e7\u00fcn yenid\u0259n in\u015faat meydan\u0131na \u00e7evrilib. V\u0259t\u0259n h\u0259sr\u0259tind\u0259 yanan az\u0259rbaycanl\u0131lar\u0131n geri d\u00f6nm\u0259si \u00fc\u00e7\u00fcn i\u015fl\u0259r s\u00fcr\u0259tl\u0259nib. Mina t\u0259mizl\u0259nm\u0259si davam ed\u0259rk\u0259n b\u00f6lg\u0259d\u0259 elektrik x\u0259tl\u0259ri \u00e7\u0259kilir v\u0259 yollar in\u015fa edilir. Bu bar\u0259d\u0259 T\u00fcrkiy\u0259nin \u201cYeni \u015eafaq\u201d sayt\u0131n\u0131n Qaraba\u011fdan haz\u0131rlad\u0131\u011f\u0131 reportajda bildilir. M\u0259qal\u0259d\u0259 bildirilir ki, T\u00fcrkiy\u0259 dem\u0259k olar ki, h\u0259r bir in\u015faat sah\u0259sind\u0259 Az\u0259rbaycan\u0131 podrat\u00e7\u0131 firmalar v\u0259 m\u00fch\u0259ndisl\u0259rl\u0259 d\u0259st\u0259kl\u0259yir. \u201c1992-1994-c\u00fc ill\u0259r aras\u0131nda F\u00fczulid\u0259 ba\u015f ver\u0259n faci\u0259 insanlar\u0131 soyuq bir k\u00fcl\u0259k kimi vurub. Evl\u0259r yand\u0131r\u0131l\u0131b, q\u0259biristanl\u0131qlar talan edilib v\u0259 F\u00fczuli kims\u0259siz \u0259raziy\u0259 \u00e7evrilib. Qaraba\u011f\u0131n m\u0259\u015fhur \u00fcz\u00fcm ba\u011flar\u0131&hellip;<\/p>\n","protected":false},"author":2,"featured_media":304284,"comment_status":"closed","ping_status":"closed","sticky":false,"template":"","format":"standard","meta":{"om_disable_all_campaigns":false,"_monsterinsights_skip_tracking":false,"_monsterinsights_sitenote_active":false,"_monsterinsights_sitenote_note":"","_monsterinsights_sitenote_category":0},"categories":[19],"tags":[],"aioseo_notices":[],"gutentor_comment":0,"rttpg_featured_image_url":{"full":["https:\/\/arantv.az\/wp-content\/uploads\/2021\/03\/resized_2d5d8-d2ed5615kiymetsezerkarabag01.jpg",620,348,false],"landscape":["https:\/\/arantv.az\/wp-content\/uploads\/2021\/03\/resized_2d5d8-d2ed5615kiymetsezerkarabag01.jpg",620,348,false],"portraits":["https:\/\/arantv.az\/wp-content\/uploads\/2021\/03\/resized_2d5d8-d2ed5615kiymetsezerkarabag01.jpg",620,348,false],"thumbnail":["https:\/\/arantv.az\/wp-content\/uploads\/2021\/03\/resized_2d5d8-d2ed5615kiymetsezerkarabag01-150x150.jpg",150,150,true],"medium":["https:\/\/arantv.az\/wp-content\/uploads\/2021\/03\/resized_2d5d8-d2ed5615kiymetsezerkarabag01-300x168.jpg",300,168,true],"large":["https:\/\/arantv.az\/wp-content\/uploads\/2021\/03\/resized_2d5d8-d2ed5615kiymetsezerkarabag01.jpg",620,348,false],"1536x1536":["https:\/\/arantv.az\/wp-content\/uploads\/2021\/03\/resized_2d5d8-d2ed5615kiymetsezerkarabag01.jpg",620,348,false],"2048x2048":["https:\/\/arantv.az\/wp-content\/uploads\/2021\/03\/resized_2d5d8-d2ed5615kiymetsezerkarabag01.jpg",620,348,false],"post-thumbnail":["https:\/\/arantv.az\/wp-content\/uploads\/2021\/03\/resized_2d5d8-d2ed5615kiymetsezerkarabag01-240x172.jpg",240,172,true],"advps-thumb-one":["https:\/\/arantv.az\/wp-content\/uploads\/2021\/03\/resized_2d5d8-d2ed5615kiymetsezerkarabag01.jpg",620,348,false]},"rttpg_author":{"display_name":"V\u00fcsal Rafiqo\u011flu","author_link":"https:\/\/arantv.az\/?author=2"},"rttpg_comment":0,"rttpg_category":"<a href=\"https:\/\/arantv.az\/?cat=19\" rel=\"category\">G\u00fcnd\u0259m<\/a>","rttpg_excerpt":"Erm\u0259ni i\u015f\u011fal\u0131ndan azad edilmi\u015f Da\u011fl\u0131q Qaraba\u011f\u00a029 illik m\u00fcharib\u0259nin izl\u0259rini silm\u0259k \u00fc\u00e7\u00fcn yenid\u0259n in\u015faat meydan\u0131na \u00e7evrilib. V\u0259t\u0259n h\u0259sr\u0259tind\u0259 yanan az\u0259rbaycanl\u0131lar\u0131n geri d\u00f6nm\u0259si \u00fc\u00e7\u00fcn i\u015fl\u0259r s\u00fcr\u0259tl\u0259nib. Mina t\u0259mizl\u0259nm\u0259si davam ed\u0259rk\u0259n b\u00f6lg\u0259d\u0259 elektrik x\u0259tl\u0259ri \u00e7\u0259kilir v\u0259 yollar in\u015fa edilir. Bu bar\u0259d\u0259 T\u00fcrkiy\u0259nin \u201cYeni \u015eafaq\u201d sayt\u0131n\u0131n Qaraba\u011fdan haz\u0131rlad\u0131\u011f\u0131 reportajda bildilir. M\u0259qal\u0259d\u0259 bildirilir ki, T\u00fcrkiy\u0259 dem\u0259k olar ki, h\u0259r bir&hellip;","_links":{"self":[{"href":"https:\/\/arantv.az\/index.php?rest_route=\/wp\/v2\/posts\/304283"}],"collection":[{"href":"https:\/\/arantv.az\/index.php?rest_route=\/wp\/v2\/posts"}],"about":[{"href":"https:\/\/arantv.az\/index.php?rest_route=\/wp\/v2\/types\/post"}],"author":[{"embeddable":true,"href":"https:\/\/arantv.az\/index.php?rest_route=\/wp\/v2\/users\/2"}],"replies":[{"embeddable":true,"href":"https:\/\/arantv.az\/index.php?rest_route=%2Fwp%2Fv2%2Fcomments&post=304283"}],"version-history":[{"count":0,"href":"https:\/\/arantv.az\/index.php?rest_route=\/wp\/v2\/posts\/304283\/revisions"}],"wp:featuredmedia":[{"embeddable":true,"href":"https:\/\/arantv.az\/index.php?rest_route=\/wp\/v2\/media\/304284"}],"wp:attachment":[{"href":"https:\/\/arantv.az\/index.php?rest_route=%2Fwp%2Fv2%2Fmedia&parent=304283"}],"wp:term":[{"taxonomy":"category","embeddable":true,"href":"https:\/\/arantv.az\/index.php?rest_route=%2Fwp%2Fv2%2Fcategories&post=304283"},{"taxonomy":"post_tag","embeddable":true,"href":"https:\/\/arantv.az\/index.php?rest_route=%2Fwp%2Fv2%2Ftags&post=304283"}],"curies":[{"name":"wp","href":"https:\/\/api.w.org\/{rel}","templated":true}]}}