{"id":30429,"date":"2019-01-03T09:32:44","date_gmt":"2019-01-03T06:32:44","guid":{"rendered":"http:\/\/arantv.az\/?p=30429"},"modified":"2019-01-03T09:32:44","modified_gmt":"2019-01-03T06:32:44","slug":"avropa-surasi-parlament-assambleyasinin-qis-sessiyasinin-gund%c9%99liyi-aciqlan","status":"publish","type":"post","link":"https:\/\/arantv.az\/?p=30429","title":{"rendered":"Avropa \u015euras\u0131 Parlament Assambleyas\u0131n\u0131n q\u0131\u015f sessiyas\u0131n\u0131n g\u00fcnd\u0259liyi a\u00e7\u0131qlan"},"content":{"rendered":"<p><strong>ARANTV.AZ<\/strong> x\u0259b\u0259r verir ki, yanvar\u0131n 21-d\u0259n 25-d\u0259k Starsburqda ke\u00e7iril\u0259c\u0259k Avropa \u015euras\u0131 Parlament Assambleyas\u0131n\u0131n q\u0131\u015f sessiyas\u0131n\u0131n g\u00fcnd\u0259liyi a\u00e7\u0131qlan\u0131b. Sessiyada demokratik se\u00e7kil\u0259r \u015f\u0259raitind\u0259 media v\u0259 t\u0259bli\u011fat azadl\u0131\u011f\u0131 m\u00f6vzular\u0131nda debatlar ke\u00e7iril\u0259c\u0259k, internet idar\u0259\u00e7iliyi v\u0259 insan h\u00fcquqlar\u0131 m\u00fczakir\u0259 edil\u0259c\u0259k. Finlandiya v\u0259 Albaniyan\u0131n xarici\u00a0 i\u015fl\u0259r nazirl\u0259ri parlamentaril\u0259r qar\u015f\u0131s\u0131nda \u00e7\u0131x\u0131\u015f ed\u0259c\u0259k. Sessiya m\u00fcdd\u0259tind\u0259 A\u015ePA \u0259dal\u0259tli referenduma dair qaydalar\u0131 yenil\u0259y\u0259c\u0259k v\u0259 \u015e\u0259ri\u0259t qanununun Avropa \u0130nsan H\u00fcquqlar\u0131 Konvensiyas\u0131na uy\u011funlu\u011fu m\u00fc\u0259yy\u0259nl\u0259\u015fdiril\u0259c\u0259k. Terrorizm\u0259 qar\u015f\u0131 m\u00fcbariz\u0259, milli azl\u0131qlar\u0131n h\u00fcquqlar\u0131n\u0131n t\u0259minat\u0131, \u0259lilliyi olan i\u015f\u00e7i q\u00fcvv\u0259sinin t\u0259l\u0259bat\u0131, m\u0259\u015f\u011fulluq v\u0259 dig\u0259r m\u0259s\u0259l\u0259l\u0259r m\u00fczakir\u0259 olunacaq. Assambleyan\u0131n prezidentinin i\u015ftirak\u0131 il\u0259 qad\u0131n zorak\u0131l\u0131\u011f\u0131na, ayr\u0131-se\u00e7kiliy\u0259 qar\u015f\u0131 m\u00fcbariz\u0259 d\u0259 \u0259sas m\u00fczakir\u0259 m\u00f6vzular\u0131ndan olacaq.<\/p>\n","protected":false},"excerpt":{"rendered":"<p>ARANTV.AZ x\u0259b\u0259r verir ki, yanvar\u0131n 21-d\u0259n 25-d\u0259k Starsburqda ke\u00e7iril\u0259c\u0259k Avropa \u015euras\u0131 Parlament Assambleyas\u0131n\u0131n q\u0131\u015f sessiyas\u0131n\u0131n g\u00fcnd\u0259liyi a\u00e7\u0131qlan\u0131b. Sessiyada demokratik se\u00e7kil\u0259r \u015f\u0259raitind\u0259 media v\u0259 t\u0259bli\u011fat azadl\u0131\u011f\u0131 m\u00f6vzular\u0131nda debatlar ke\u00e7iril\u0259c\u0259k, internet idar\u0259\u00e7iliyi v\u0259 insan h\u00fcquqlar\u0131 m\u00fczakir\u0259 edil\u0259c\u0259k. Finlandiya v\u0259 Albaniyan\u0131n xarici\u00a0 i\u015fl\u0259r nazirl\u0259ri parlamentaril\u0259r qar\u015f\u0131s\u0131nda \u00e7\u0131x\u0131\u015f ed\u0259c\u0259k. Sessiya m\u00fcdd\u0259tind\u0259 A\u015ePA \u0259dal\u0259tli referenduma dair qaydalar\u0131 yenil\u0259y\u0259c\u0259k v\u0259 \u015e\u0259ri\u0259t qanununun Avropa \u0130nsan H\u00fcquqlar\u0131 Konvensiyas\u0131na uy\u011funlu\u011fu m\u00fc\u0259yy\u0259nl\u0259\u015fdiril\u0259c\u0259k. Terrorizm\u0259 qar\u015f\u0131 m\u00fcbariz\u0259, milli azl\u0131qlar\u0131n h\u00fcquqlar\u0131n\u0131n t\u0259minat\u0131, \u0259lilliyi olan i\u015f\u00e7i q\u00fcvv\u0259sinin t\u0259l\u0259bat\u0131, m\u0259\u015f\u011fulluq v\u0259 dig\u0259r m\u0259s\u0259l\u0259l\u0259r m\u00fczakir\u0259 olunacaq. Assambleyan\u0131n prezidentinin i\u015ftirak\u0131 il\u0259 qad\u0131n zorak\u0131l\u0131\u011f\u0131na, ayr\u0131-se\u00e7kiliy\u0259 qar\u015f\u0131 m\u00fcbariz\u0259 d\u0259&hellip;<\/p>\n","protected":false},"author":2,"featured_media":30430,"comment_status":"closed","ping_status":"closed","sticky":false,"template":"","format":"standard","meta":{"om_disable_all_campaigns":false,"_monsterinsights_skip_tracking":false,"_monsterinsights_sitenote_active":false,"_monsterinsights_sitenote_note":"","_monsterinsights_sitenote_category":0},"categories":[4],"tags":[],"aioseo_notices":[],"gutentor_comment":0,"rttpg_featured_image_url":{"full":["https:\/\/arantv.az\/wp-content\/uploads\/2019\/01\/j4s4lc8ulga4odbat69m1blg44aspa.jpg",292,187,false],"landscape":["https:\/\/arantv.az\/wp-content\/uploads\/2019\/01\/j4s4lc8ulga4odbat69m1blg44aspa.jpg",292,187,false],"portraits":["https:\/\/arantv.az\/wp-content\/uploads\/2019\/01\/j4s4lc8ulga4odbat69m1blg44aspa.jpg",292,187,false],"thumbnail":["https:\/\/arantv.az\/wp-content\/uploads\/2019\/01\/j4s4lc8ulga4odbat69m1blg44aspa-150x150.jpg",150,150,true],"medium":["https:\/\/arantv.az\/wp-content\/uploads\/2019\/01\/j4s4lc8ulga4odbat69m1blg44aspa.jpg",292,187,false],"large":["https:\/\/arantv.az\/wp-content\/uploads\/2019\/01\/j4s4lc8ulga4odbat69m1blg44aspa.jpg",292,187,false],"1536x1536":["https:\/\/arantv.az\/wp-content\/uploads\/2019\/01\/j4s4lc8ulga4odbat69m1blg44aspa.jpg",292,187,false],"2048x2048":["https:\/\/arantv.az\/wp-content\/uploads\/2019\/01\/j4s4lc8ulga4odbat69m1blg44aspa.jpg",292,187,false],"post-thumbnail":["https:\/\/arantv.az\/wp-content\/uploads\/2019\/01\/j4s4lc8ulga4odbat69m1blg44aspa-240x172.jpg",240,172,true],"advps-thumb-one":["https:\/\/arantv.az\/wp-content\/uploads\/2019\/01\/j4s4lc8ulga4odbat69m1blg44aspa.jpg",292,187,false]},"rttpg_author":{"display_name":"V\u00fcsal Rafiqo\u011flu","author_link":"https:\/\/arantv.az\/?author=2"},"rttpg_comment":0,"rttpg_category":"<a href=\"https:\/\/arantv.az\/?cat=4\" rel=\"category\">Siyas\u0259t<\/a>","rttpg_excerpt":"ARANTV.AZ x\u0259b\u0259r verir ki, yanvar\u0131n 21-d\u0259n 25-d\u0259k Starsburqda ke\u00e7iril\u0259c\u0259k Avropa \u015euras\u0131 Parlament Assambleyas\u0131n\u0131n q\u0131\u015f sessiyas\u0131n\u0131n g\u00fcnd\u0259liyi a\u00e7\u0131qlan\u0131b. Sessiyada demokratik se\u00e7kil\u0259r \u015f\u0259raitind\u0259 media v\u0259 t\u0259bli\u011fat azadl\u0131\u011f\u0131 m\u00f6vzular\u0131nda debatlar ke\u00e7iril\u0259c\u0259k, internet idar\u0259\u00e7iliyi v\u0259 insan h\u00fcquqlar\u0131 m\u00fczakir\u0259 edil\u0259c\u0259k. Finlandiya v\u0259 Albaniyan\u0131n xarici\u00a0 i\u015fl\u0259r nazirl\u0259ri parlamentaril\u0259r qar\u015f\u0131s\u0131nda \u00e7\u0131x\u0131\u015f ed\u0259c\u0259k. Sessiya m\u00fcdd\u0259tind\u0259 A\u015ePA \u0259dal\u0259tli referenduma dair qaydalar\u0131 yenil\u0259y\u0259c\u0259k v\u0259 \u015e\u0259ri\u0259t&hellip;","_links":{"self":[{"href":"https:\/\/arantv.az\/index.php?rest_route=\/wp\/v2\/posts\/30429"}],"collection":[{"href":"https:\/\/arantv.az\/index.php?rest_route=\/wp\/v2\/posts"}],"about":[{"href":"https:\/\/arantv.az\/index.php?rest_route=\/wp\/v2\/types\/post"}],"author":[{"embeddable":true,"href":"https:\/\/arantv.az\/index.php?rest_route=\/wp\/v2\/users\/2"}],"replies":[{"embeddable":true,"href":"https:\/\/arantv.az\/index.php?rest_route=%2Fwp%2Fv2%2Fcomments&post=30429"}],"version-history":[{"count":0,"href":"https:\/\/arantv.az\/index.php?rest_route=\/wp\/v2\/posts\/30429\/revisions"}],"wp:featuredmedia":[{"embeddable":true,"href":"https:\/\/arantv.az\/index.php?rest_route=\/wp\/v2\/media\/30430"}],"wp:attachment":[{"href":"https:\/\/arantv.az\/index.php?rest_route=%2Fwp%2Fv2%2Fmedia&parent=30429"}],"wp:term":[{"taxonomy":"category","embeddable":true,"href":"https:\/\/arantv.az\/index.php?rest_route=%2Fwp%2Fv2%2Fcategories&post=30429"},{"taxonomy":"post_tag","embeddable":true,"href":"https:\/\/arantv.az\/index.php?rest_route=%2Fwp%2Fv2%2Ftags&post=30429"}],"curies":[{"name":"wp","href":"https:\/\/api.w.org\/{rel}","templated":true}]}}