{"id":304291,"date":"2021-03-01T15:07:26","date_gmt":"2021-03-01T12:07:26","guid":{"rendered":"http:\/\/arantv.az\/?p=304291"},"modified":"2021-03-01T15:07:26","modified_gmt":"2021-03-01T12:07:26","slug":"kasikcinin-olumu-il%c9%99-bagli-abs-k%c9%99sfiyyatinin-hesabatindan-uc-ad-yoxa-cixdi","status":"publish","type":"post","link":"https:\/\/arantv.az\/?p=304291","title":{"rendered":"Ka\u015f\u0131k\u00e7\u0131n\u0131n \u00f6l\u00fcm\u00fc il\u0259 ba\u011fl\u0131 AB\u015e k\u0259\u015ffiyyat\u0131n\u0131n hesabat\u0131ndan \u00fc\u00e7 ad \u201cyoxa \u00e7\u0131xd\u0131\u201d"},"content":{"rendered":"<p>AB\u015e k\u0259\u015ffiyyat\u0131n\u0131n jurnalist Camal Ka\u015f\u0131k\u00e7\u0131n\u0131n \u00f6l\u00fcm\u00fc il\u0259 ba\u011fl\u0131 hesabat\u0131nda d\u0259yi\u015fiklik edilib.<\/p>\n<p>CNN telekanal\u0131n\u0131n m\u0259lumat\u0131na g\u00f6r\u0259, ilkin m\u0259tnd\u0259 jurnalistin \u00f6l\u00fcm\u00fcnd\u0259 i\u015ftirak\u0131 oldu\u011fu iddia edil\u0259n\u00a0\u00fc\u00e7 n\u0259f\u0259rin ad\u0131 siyah\u0131dan \u00e7\u0131xar\u0131l\u0131b.<\/p>\n<p>S\u00f6z\u00fcged\u0259n \u015f\u0259xsl\u0259rin q\u0259tld\u0259 i\u015ftirak etdiyi, g\u00f6st\u0259ri\u015f verdiyi, bu v\u0259 ya dig\u0259r \u015f\u0259kild\u0259 hadis\u0259 il\u0259 \u0259laq\u0259dar\u00a0oldu\u011fu\u00a0qeyd olunurdu. CNN x\u0259b\u0259r verir ki, hesabatdan Abdulla M\u0259h\u0259mm\u0259d \u018flxorini, Yasir Xalid \u018flsalem v\u0259 \u0130brahim \u018fl-Salimin adlar\u0131 \u00e7\u0131xar\u0131l\u0131b.<\/p>\n<p>N\u0259\u015fr\u0259 dan\u0131\u015fan S\u0259udiyy\u0259 \u018fr\u0259bistan\u0131 k\u0259\u015ffiyyat\u0131na yax\u0131n m\u0259nb\u0259nin s\u00f6zl\u0259rin\u0259 g\u00f6r\u0259, AB\u015e k\u0259\u015ffiyyat\u0131n\u0131n hesabat\u0131ndan ad\u0131 \u00e7\u0131xar\u0131lanlardan biri &#8211; Abdulla M\u0259h\u0259mm\u0259d \u018flxorini general, D\u00f6vl\u0259t T\u0259hl\u00fck\u0259sizliyi \u0130dar\u0259sin\u0259 r\u0259hb\u0259rlik ed\u0259n nazir Abdul-\u018fziz ibn M\u0259h\u0259mm\u0259d \u018fl-Xovreyninin qarda\u015f\u0131d\u0131r. Krall\u0131\u011f\u0131n r\u0259smi hesabatlar\u0131nda Abdulla M\u0259h\u0259mm\u0259d \u018flxorini terrorla m\u00fcbariz\u0259 sah\u0259sind\u0259 d\u00f6vl\u0259t t\u0259hl\u00fck\u0259sizliyi r\u0259isinin k\u00f6m\u0259k\u00e7isi kimi g\u00f6st\u0259rilir.<\/p>\n<p>AB\u015e k\u0259\u015ffiyyat\u0131n\u0131n direktorunun ofisi s\u00f6z\u00fcged\u0259n adlar\u0131n n\u0259y\u0259 g\u00f6r\u0259 siyah\u0131dan \u00e7\u0131xar\u0131lmas\u0131 m\u0259s\u0259l\u0259sin\u0259 ayd\u0131nl\u0131q g\u0259tirm\u0259yib.<\/p>\n","protected":false},"excerpt":{"rendered":"<p>AB\u015e k\u0259\u015ffiyyat\u0131n\u0131n jurnalist Camal Ka\u015f\u0131k\u00e7\u0131n\u0131n \u00f6l\u00fcm\u00fc il\u0259 ba\u011fl\u0131 hesabat\u0131nda d\u0259yi\u015fiklik edilib. CNN telekanal\u0131n\u0131n m\u0259lumat\u0131na g\u00f6r\u0259, ilkin m\u0259tnd\u0259 jurnalistin \u00f6l\u00fcm\u00fcnd\u0259 i\u015ftirak\u0131 oldu\u011fu iddia edil\u0259n\u00a0\u00fc\u00e7 n\u0259f\u0259rin ad\u0131 siyah\u0131dan \u00e7\u0131xar\u0131l\u0131b. S\u00f6z\u00fcged\u0259n \u015f\u0259xsl\u0259rin q\u0259tld\u0259 i\u015ftirak etdiyi, g\u00f6st\u0259ri\u015f verdiyi, bu v\u0259 ya dig\u0259r \u015f\u0259kild\u0259 hadis\u0259 il\u0259 \u0259laq\u0259dar\u00a0oldu\u011fu\u00a0qeyd olunurdu. CNN x\u0259b\u0259r verir ki, hesabatdan Abdulla M\u0259h\u0259mm\u0259d \u018flxorini, Yasir Xalid \u018flsalem v\u0259 \u0130brahim \u018fl-Salimin adlar\u0131 \u00e7\u0131xar\u0131l\u0131b. N\u0259\u015fr\u0259 dan\u0131\u015fan S\u0259udiyy\u0259 \u018fr\u0259bistan\u0131 k\u0259\u015ffiyyat\u0131na yax\u0131n m\u0259nb\u0259nin s\u00f6zl\u0259rin\u0259 g\u00f6r\u0259, AB\u015e k\u0259\u015ffiyyat\u0131n\u0131n hesabat\u0131ndan ad\u0131 \u00e7\u0131xar\u0131lanlardan biri &#8211; Abdulla M\u0259h\u0259mm\u0259d \u018flxorini general, D\u00f6vl\u0259t T\u0259hl\u00fck\u0259sizliyi \u0130dar\u0259sin\u0259 r\u0259hb\u0259rlik ed\u0259n nazir Abdul-\u018fziz ibn M\u0259h\u0259mm\u0259d \u018fl-Xovreyninin qarda\u015f\u0131d\u0131r.&hellip;<\/p>\n","protected":false},"author":2,"featured_media":304292,"comment_status":"closed","ping_status":"closed","sticky":false,"template":"","format":"standard","meta":{"om_disable_all_campaigns":false,"_monsterinsights_skip_tracking":false,"_monsterinsights_sitenote_active":false,"_monsterinsights_sitenote_note":"","_monsterinsights_sitenote_category":0},"categories":[7],"tags":[],"aioseo_notices":[],"gutentor_comment":0,"rttpg_featured_image_url":{"full":["https:\/\/arantv.az\/wp-content\/uploads\/2021\/03\/xashukdji_jurnalist.jpg",620,395,false],"landscape":["https:\/\/arantv.az\/wp-content\/uploads\/2021\/03\/xashukdji_jurnalist.jpg",620,395,false],"portraits":["https:\/\/arantv.az\/wp-content\/uploads\/2021\/03\/xashukdji_jurnalist.jpg",620,395,false],"thumbnail":["https:\/\/arantv.az\/wp-content\/uploads\/2021\/03\/xashukdji_jurnalist-150x150.jpg",150,150,true],"medium":["https:\/\/arantv.az\/wp-content\/uploads\/2021\/03\/xashukdji_jurnalist-300x191.jpg",300,191,true],"large":["https:\/\/arantv.az\/wp-content\/uploads\/2021\/03\/xashukdji_jurnalist.jpg",620,395,false],"1536x1536":["https:\/\/arantv.az\/wp-content\/uploads\/2021\/03\/xashukdji_jurnalist.jpg",620,395,false],"2048x2048":["https:\/\/arantv.az\/wp-content\/uploads\/2021\/03\/xashukdji_jurnalist.jpg",620,395,false],"post-thumbnail":["https:\/\/arantv.az\/wp-content\/uploads\/2021\/03\/xashukdji_jurnalist-240x172.jpg",240,172,true],"advps-thumb-one":["https:\/\/arantv.az\/wp-content\/uploads\/2021\/03\/xashukdji_jurnalist.jpg",620,395,false]},"rttpg_author":{"display_name":"V\u00fcsal Rafiqo\u011flu","author_link":"https:\/\/arantv.az\/?author=2"},"rttpg_comment":0,"rttpg_category":"<a href=\"https:\/\/arantv.az\/?cat=7\" rel=\"category\">D\u00fcnya<\/a>","rttpg_excerpt":"AB\u015e k\u0259\u015ffiyyat\u0131n\u0131n jurnalist Camal Ka\u015f\u0131k\u00e7\u0131n\u0131n \u00f6l\u00fcm\u00fc il\u0259 ba\u011fl\u0131 hesabat\u0131nda d\u0259yi\u015fiklik edilib. CNN telekanal\u0131n\u0131n m\u0259lumat\u0131na g\u00f6r\u0259, ilkin m\u0259tnd\u0259 jurnalistin \u00f6l\u00fcm\u00fcnd\u0259 i\u015ftirak\u0131 oldu\u011fu iddia edil\u0259n\u00a0\u00fc\u00e7 n\u0259f\u0259rin ad\u0131 siyah\u0131dan \u00e7\u0131xar\u0131l\u0131b. S\u00f6z\u00fcged\u0259n \u015f\u0259xsl\u0259rin q\u0259tld\u0259 i\u015ftirak etdiyi, g\u00f6st\u0259ri\u015f verdiyi, bu v\u0259 ya dig\u0259r \u015f\u0259kild\u0259 hadis\u0259 il\u0259 \u0259laq\u0259dar\u00a0oldu\u011fu\u00a0qeyd olunurdu. CNN x\u0259b\u0259r verir ki, hesabatdan Abdulla M\u0259h\u0259mm\u0259d \u018flxorini, Yasir Xalid \u018flsalem v\u0259&hellip;","_links":{"self":[{"href":"https:\/\/arantv.az\/index.php?rest_route=\/wp\/v2\/posts\/304291"}],"collection":[{"href":"https:\/\/arantv.az\/index.php?rest_route=\/wp\/v2\/posts"}],"about":[{"href":"https:\/\/arantv.az\/index.php?rest_route=\/wp\/v2\/types\/post"}],"author":[{"embeddable":true,"href":"https:\/\/arantv.az\/index.php?rest_route=\/wp\/v2\/users\/2"}],"replies":[{"embeddable":true,"href":"https:\/\/arantv.az\/index.php?rest_route=%2Fwp%2Fv2%2Fcomments&post=304291"}],"version-history":[{"count":0,"href":"https:\/\/arantv.az\/index.php?rest_route=\/wp\/v2\/posts\/304291\/revisions"}],"wp:featuredmedia":[{"embeddable":true,"href":"https:\/\/arantv.az\/index.php?rest_route=\/wp\/v2\/media\/304292"}],"wp:attachment":[{"href":"https:\/\/arantv.az\/index.php?rest_route=%2Fwp%2Fv2%2Fmedia&parent=304291"}],"wp:term":[{"taxonomy":"category","embeddable":true,"href":"https:\/\/arantv.az\/index.php?rest_route=%2Fwp%2Fv2%2Fcategories&post=304291"},{"taxonomy":"post_tag","embeddable":true,"href":"https:\/\/arantv.az\/index.php?rest_route=%2Fwp%2Fv2%2Ftags&post=304291"}],"curies":[{"name":"wp","href":"https:\/\/api.w.org\/{rel}","templated":true}]}}