{"id":304299,"date":"2021-03-01T15:10:14","date_gmt":"2021-03-01T12:10:14","guid":{"rendered":"http:\/\/arantv.az\/?p=304299"},"modified":"2021-03-01T15:10:14","modified_gmt":"2021-03-01T12:10:14","slug":"ilham-%c9%99liyev-v%c9%99-mehriban-%c9%99liyeva-bakida-acilis-m%c9%99rasiml%c9%99rind%c9%99-canli-yayim","status":"publish","type":"post","link":"https:\/\/arantv.az\/?p=304299","title":{"rendered":"\u0130lham \u018fliyev v\u0259 Mehriban \u018fliyeva Bak\u0131da a\u00e7\u0131l\u0131\u015f m\u0259rasiml\u0259rind\u0259 &#8211; CANLI YAYIM"},"content":{"rendered":"<p>Bu g\u00fcn Prezident \u0130lham \u018fliyev v\u0259 Birinci vitse-prezident Mehriban \u018fliyeva bir s\u0131ra a\u00e7\u0131l\u0131\u015f m\u0259rasiml\u0259rind\u0259 i\u015ftirak edibl\u0259r.<\/p>\n<p>\u0130lk olaraq, d\u00f6vl\u0259t ba\u015f\u00e7\u0131s\u0131 v\u0259 birinci vitse-prezident \u201cRo-Pax\u201d tipli \u201cAkademik Z\u0259rif\u0259 \u018fliyeva\u201d g\u0259mi-b\u0259r\u0259sinin suya sal\u0131nmas\u0131 v\u0259 eyni t\u0259yinatl\u0131 \u201cAz\u0259rbaycan\u201d g\u0259mi-b\u0259r\u0259sinin istismara verilm\u0259si m\u0259rasiml\u0259rind\u0259 i\u015ftirak edibl\u0259r .<\/p>\n<article class=\"news\">\n<div class=\"news-inner\">\n<p>Daha sonra \u0130lham \u018fliyev v\u0259 Mehriban \u018fliyeva Bak\u0131da \u201cSuraxan\u0131\u201d tanker-muzeyinin v\u0259 \u201cAz\u0259rbaycan X\u0259z\u0259r D\u0259niz G\u0259mi\u00e7iliyi\u201dnin yeni inzibati binas\u0131n\u0131n a\u00e7\u0131l\u0131\u015f m\u0259rasiml\u0259rin\u0259 qat\u0131l\u0131blar.<\/p>\n<p>H\u0259min m\u0259rasiml\u0259rd\u0259n g\u00f6r\u00fcnt\u00fcl\u0259ri t\u0259qdim edirik:<\/p>\n<div><iframe loading=\"lazy\" src=\"https:\/\/www.youtube.com\/embed\/JrGmmmaPZl4\" width=\"560\" height=\"315\" frameborder=\"0\" allowfullscreen=\"allowfullscreen\" data-mce-fragment=\"1\"><\/iframe><\/div>\n<\/div>\n<\/article>\n<h2 class=\"news-share-title\"><\/h2>\n","protected":false},"excerpt":{"rendered":"<p>Bu g\u00fcn Prezident \u0130lham \u018fliyev v\u0259 Birinci vitse-prezident Mehriban \u018fliyeva bir s\u0131ra a\u00e7\u0131l\u0131\u015f m\u0259rasiml\u0259rind\u0259 i\u015ftirak edibl\u0259r. \u0130lk olaraq, d\u00f6vl\u0259t ba\u015f\u00e7\u0131s\u0131 v\u0259 birinci vitse-prezident \u201cRo-Pax\u201d tipli \u201cAkademik Z\u0259rif\u0259 \u018fliyeva\u201d g\u0259mi-b\u0259r\u0259sinin suya sal\u0131nmas\u0131 v\u0259 eyni t\u0259yinatl\u0131 \u201cAz\u0259rbaycan\u201d g\u0259mi-b\u0259r\u0259sinin istismara verilm\u0259si m\u0259rasiml\u0259rind\u0259 i\u015ftirak edibl\u0259r . Daha sonra \u0130lham \u018fliyev v\u0259 Mehriban \u018fliyeva Bak\u0131da \u201cSuraxan\u0131\u201d tanker-muzeyinin v\u0259 \u201cAz\u0259rbaycan X\u0259z\u0259r D\u0259niz G\u0259mi\u00e7iliyi\u201dnin yeni inzibati binas\u0131n\u0131n a\u00e7\u0131l\u0131\u015f m\u0259rasiml\u0259rin\u0259 qat\u0131l\u0131blar. H\u0259min m\u0259rasiml\u0259rd\u0259n g\u00f6r\u00fcnt\u00fcl\u0259ri t\u0259qdim edirik:<\/p>\n","protected":false},"author":2,"featured_media":304300,"comment_status":"closed","ping_status":"closed","sticky":false,"template":"","format":"standard","meta":{"om_disable_all_campaigns":false,"_monsterinsights_skip_tracking":false,"_monsterinsights_sitenote_active":false,"_monsterinsights_sitenote_note":"","_monsterinsights_sitenote_category":0},"categories":[4],"tags":[],"aioseo_notices":[],"gutentor_comment":0,"rttpg_featured_image_url":{"full":["https:\/\/arantv.az\/wp-content\/uploads\/2021\/03\/1614596264447171336_1000x669.jpg",597,465,false],"landscape":["https:\/\/arantv.az\/wp-content\/uploads\/2021\/03\/1614596264447171336_1000x669.jpg",597,465,false],"portraits":["https:\/\/arantv.az\/wp-content\/uploads\/2021\/03\/1614596264447171336_1000x669.jpg",597,465,false],"thumbnail":["https:\/\/arantv.az\/wp-content\/uploads\/2021\/03\/1614596264447171336_1000x669-150x150.jpg",150,150,true],"medium":["https:\/\/arantv.az\/wp-content\/uploads\/2021\/03\/1614596264447171336_1000x669-300x234.jpg",300,234,true],"large":["https:\/\/arantv.az\/wp-content\/uploads\/2021\/03\/1614596264447171336_1000x669.jpg",597,465,false],"1536x1536":["https:\/\/arantv.az\/wp-content\/uploads\/2021\/03\/1614596264447171336_1000x669.jpg",597,465,false],"2048x2048":["https:\/\/arantv.az\/wp-content\/uploads\/2021\/03\/1614596264447171336_1000x669.jpg",597,465,false],"post-thumbnail":["https:\/\/arantv.az\/wp-content\/uploads\/2021\/03\/1614596264447171336_1000x669-240x172.jpg",240,172,true],"advps-thumb-one":["https:\/\/arantv.az\/wp-content\/uploads\/2021\/03\/1614596264447171336_1000x669.jpg",597,465,false]},"rttpg_author":{"display_name":"V\u00fcsal Rafiqo\u011flu","author_link":"https:\/\/arantv.az\/?author=2"},"rttpg_comment":0,"rttpg_category":"<a href=\"https:\/\/arantv.az\/?cat=4\" rel=\"category\">Siyas\u0259t<\/a>","rttpg_excerpt":"Bu g\u00fcn Prezident \u0130lham \u018fliyev v\u0259 Birinci vitse-prezident Mehriban \u018fliyeva bir s\u0131ra a\u00e7\u0131l\u0131\u015f m\u0259rasiml\u0259rind\u0259 i\u015ftirak edibl\u0259r. \u0130lk olaraq, d\u00f6vl\u0259t ba\u015f\u00e7\u0131s\u0131 v\u0259 birinci vitse-prezident \u201cRo-Pax\u201d tipli \u201cAkademik Z\u0259rif\u0259 \u018fliyeva\u201d g\u0259mi-b\u0259r\u0259sinin suya sal\u0131nmas\u0131 v\u0259 eyni t\u0259yinatl\u0131 \u201cAz\u0259rbaycan\u201d g\u0259mi-b\u0259r\u0259sinin istismara verilm\u0259si m\u0259rasiml\u0259rind\u0259 i\u015ftirak edibl\u0259r . Daha sonra \u0130lham \u018fliyev v\u0259 Mehriban \u018fliyeva Bak\u0131da \u201cSuraxan\u0131\u201d tanker-muzeyinin v\u0259 \u201cAz\u0259rbaycan X\u0259z\u0259r&hellip;","_links":{"self":[{"href":"https:\/\/arantv.az\/index.php?rest_route=\/wp\/v2\/posts\/304299"}],"collection":[{"href":"https:\/\/arantv.az\/index.php?rest_route=\/wp\/v2\/posts"}],"about":[{"href":"https:\/\/arantv.az\/index.php?rest_route=\/wp\/v2\/types\/post"}],"author":[{"embeddable":true,"href":"https:\/\/arantv.az\/index.php?rest_route=\/wp\/v2\/users\/2"}],"replies":[{"embeddable":true,"href":"https:\/\/arantv.az\/index.php?rest_route=%2Fwp%2Fv2%2Fcomments&post=304299"}],"version-history":[{"count":0,"href":"https:\/\/arantv.az\/index.php?rest_route=\/wp\/v2\/posts\/304299\/revisions"}],"wp:featuredmedia":[{"embeddable":true,"href":"https:\/\/arantv.az\/index.php?rest_route=\/wp\/v2\/media\/304300"}],"wp:attachment":[{"href":"https:\/\/arantv.az\/index.php?rest_route=%2Fwp%2Fv2%2Fmedia&parent=304299"}],"wp:term":[{"taxonomy":"category","embeddable":true,"href":"https:\/\/arantv.az\/index.php?rest_route=%2Fwp%2Fv2%2Fcategories&post=304299"},{"taxonomy":"post_tag","embeddable":true,"href":"https:\/\/arantv.az\/index.php?rest_route=%2Fwp%2Fv2%2Ftags&post=304299"}],"curies":[{"name":"wp","href":"https:\/\/api.w.org\/{rel}","templated":true}]}}