{"id":304307,"date":"2021-03-01T15:12:46","date_gmt":"2021-03-01T12:12:46","guid":{"rendered":"http:\/\/arantv.az\/?p=304307"},"modified":"2021-03-01T15:12:46","modified_gmt":"2021-03-01T12:12:46","slug":"erm%c9%99nistandaki-bohran-az%c9%99rbaycan-ucun-daha-bir-sans-yaradir","status":"publish","type":"post","link":"https:\/\/arantv.az\/?p=304307","title":{"rendered":"Erm\u0259nistandak\u0131 b\u00f6hran Az\u0259rbaycan \u00fc\u00e7\u00fcn daha bir \u015eANS YARADIR&#8230;"},"content":{"rendered":"<p>&#8220;Erm\u0259nistandak\u0131 b\u00f6hranl\u0131 v\u0259ziyy\u0259t\u00a0 Az\u0259rbaycana g\u0259l\u0259c\u0259kd\u0259 antiterror\u00a0 \u0259m\u0259liyyat\u0131 ke\u00e7irm\u0259k \u00fc\u00e7\u00fcn ikinci bir z\u0259min ver\u0259 bil\u0259r&#8221;.<\/p>\n<p><strong>ARANTV.AZ<\/strong>\u00a0 bildirir ki, bu s\u00f6zl\u0259ri sfera.az-a a\u00e7\u0131qlamas\u0131nda Erm\u0259nistan daxilind\u0259 haz\u0131rda ya\u015fanan siyasi b\u00f6hrandan Az\u0259rbaycan\u0131n hans\u0131 m\u00fcst\u0259vid\u0259 yararlana bil\u0259c\u0259yi m\u0259s\u0259l\u0259sin\u0259 toxunark\u0259n, politoloq Natiq Miri deyib.<\/p>\n<p>Politoloq qeyd etdi ki, Erm\u0259nistanda ya\u015fanan b\u00f6hran Az\u0259rbaycan\u0131n indiy\u0259 q\u0259d\u0259r iddia etdiyi m\u0259s\u0259l\u0259l\u0259rd\u0259 n\u0259 q\u0259d\u0259r haql\u0131 oldu\u011funu bir daha g\u00f6st\u0259rdi:<\/p>\n<p>&#8220;Bu da dolay\u0131s\u0131 il\u0259 Az\u0259rbaycan\u0131n m\u00f6vqeyini g\u00fccl\u0259ndir\u0259n \u015f\u0259raitdir.\u00a0 Bel\u0259 ki, Erm\u0259nistanda art\u0131q b\u00f6hran t\u0259k ordu il\u0259 h\u00f6kum\u0259t aras\u0131nda ya\u015fanm\u0131r, habel\u0259 bu \u00f6lk\u0259 h\u00f6kum\u0259tl\u0259 prezident aras\u0131nda da ciddi siyasi b\u00f6hran \u0259r\u0259f\u0259sind\u0259dir. Bel\u0259 bir siyasi b\u00f6hran\u0131n ya\u015fanmas\u0131 Erm\u0259nistan\u0131 h\u0259r c\u0259h\u0259td\u0259n z\u0259ifl\u0259dir&#8221;.<\/p>\n<p>H\u0259ms\u00f6hb\u0259timiz bildirdi ki, iqtisadi\u00a0 b\u00f6hran ke\u00e7ir\u0259n Erm\u0259nistan getdikc\u0259 h\u0259rbi-siyasi bax\u0131mdan da b\u00f6hrana yuvarlan\u0131r.\u00a0 Bu is\u0259 politoloqa g\u00f6r\u0259, h\u0259m \u00f6lk\u0259 daxilind\u0259, h\u0259m regionda, h\u0259m d\u0259 qlobal s\u0259viyy\u0259d\u0259 \u0130r\u0259van\u0131n m\u00f6vqeyini sars\u0131d\u0131r:<\/p>\n<p>&#8220;Perspektiv az olsa da, h\u0259rbi \u00e7evrili\u015fin h\u0259yata ke\u00e7irilm\u0259si is\u0259 Erm\u0259nistanda h\u00f6kum\u0259tin qeyri-legitimliyini ortaya qoyacaq.\u00a0 Y\u0259ni h\u0259rbi xuntan\u0131n Erm\u0259nistanda hakimiyy\u0259ti z\u0259bt etm\u0259si\u00a0 qlobal s\u0259viyy\u0259d\u0259 Az\u0259rbaycan\u0131n m\u00f6vqel\u0259rini g\u00fccl\u0259ndir\u0259c\u0259k&#8221;.<\/p>\n<p>N. Mirinin fikrinc\u0259, bundan sonra Az\u0259rbaycan daha rahat \u015f\u0259kild\u0259 Qaraba\u011fdak\u0131 erm\u0259ni silahl\u0131 q\u00fcvv\u0259l\u0259rinin tamamil\u0259 torpaqlar\u0131m\u0131zdan \u00e7\u0131xar\u0131lmas\u0131na c\u0259hd ed\u0259, bu y\u00f6nd\u0259 antiterror \u0259m\u0259liyyat\u0131 ke\u00e7ir\u0259 bil\u0259r:<\/p>\n<p>&#8220;D\u00fc\u015f\u00fcn\u00fcr\u0259m ki, Erm\u0259nistandak\u0131 b\u00f6hranl\u0131 v\u0259ziyy\u0259t\u00a0 Az\u0259rbaycana g\u0259l\u0259c\u0259k perspektivd\u0259 antiterror\u00a0 \u0259m\u0259liyyat\u0131 ke\u00e7irm\u0259k \u00fc\u00e7\u00fcn ikinci bir z\u0259min ver\u0259 bil\u0259r.\u00a0 Bu x\u00fcsusda Erm\u0259nistandak\u0131 b\u00f6hran \u0259lb\u0259tt\u0259 ki, h\u0259r c\u0259h\u0259td\u0259n Az\u0259rbaycan\u0131n m\u00f6vqel\u0259rini g\u00fccl\u0259ndirir&#8221;.<\/p>\n","protected":false},"excerpt":{"rendered":"<p>&#8220;Erm\u0259nistandak\u0131 b\u00f6hranl\u0131 v\u0259ziyy\u0259t\u00a0 Az\u0259rbaycana g\u0259l\u0259c\u0259kd\u0259 antiterror\u00a0 \u0259m\u0259liyyat\u0131 ke\u00e7irm\u0259k \u00fc\u00e7\u00fcn ikinci bir z\u0259min ver\u0259 bil\u0259r&#8221;. ARANTV.AZ\u00a0 bildirir ki, bu s\u00f6zl\u0259ri sfera.az-a a\u00e7\u0131qlamas\u0131nda Erm\u0259nistan daxilind\u0259 haz\u0131rda ya\u015fanan siyasi b\u00f6hrandan Az\u0259rbaycan\u0131n hans\u0131 m\u00fcst\u0259vid\u0259 yararlana bil\u0259c\u0259yi m\u0259s\u0259l\u0259sin\u0259 toxunark\u0259n, politoloq Natiq Miri deyib. Politoloq qeyd etdi ki, Erm\u0259nistanda ya\u015fanan b\u00f6hran Az\u0259rbaycan\u0131n indiy\u0259 q\u0259d\u0259r iddia etdiyi m\u0259s\u0259l\u0259l\u0259rd\u0259 n\u0259 q\u0259d\u0259r haql\u0131 oldu\u011funu bir daha g\u00f6st\u0259rdi: &#8220;Bu da dolay\u0131s\u0131 il\u0259 Az\u0259rbaycan\u0131n m\u00f6vqeyini g\u00fccl\u0259ndir\u0259n \u015f\u0259raitdir.\u00a0 Bel\u0259 ki, Erm\u0259nistanda art\u0131q b\u00f6hran t\u0259k ordu il\u0259 h\u00f6kum\u0259t aras\u0131nda ya\u015fanm\u0131r, habel\u0259 bu \u00f6lk\u0259 h\u00f6kum\u0259tl\u0259 prezident aras\u0131nda da ciddi siyasi b\u00f6hran \u0259r\u0259f\u0259sind\u0259dir. Bel\u0259 bir&hellip;<\/p>\n","protected":false},"author":2,"featured_media":304308,"comment_status":"closed","ping_status":"closed","sticky":false,"template":"","format":"standard","meta":{"om_disable_all_campaigns":false,"_monsterinsights_skip_tracking":false,"_monsterinsights_sitenote_active":false,"_monsterinsights_sitenote_note":"","_monsterinsights_sitenote_category":0},"categories":[4],"tags":[],"aioseo_notices":[],"gutentor_comment":0,"rttpg_featured_image_url":{"full":["https:\/\/arantv.az\/wp-content\/uploads\/2021\/03\/926900.jpg",640,430,false],"landscape":["https:\/\/arantv.az\/wp-content\/uploads\/2021\/03\/926900.jpg",640,430,false],"portraits":["https:\/\/arantv.az\/wp-content\/uploads\/2021\/03\/926900.jpg",640,430,false],"thumbnail":["https:\/\/arantv.az\/wp-content\/uploads\/2021\/03\/926900-150x150.jpg",150,150,true],"medium":["https:\/\/arantv.az\/wp-content\/uploads\/2021\/03\/926900-300x202.jpg",300,202,true],"large":["https:\/\/arantv.az\/wp-content\/uploads\/2021\/03\/926900.jpg",640,430,false],"1536x1536":["https:\/\/arantv.az\/wp-content\/uploads\/2021\/03\/926900.jpg",640,430,false],"2048x2048":["https:\/\/arantv.az\/wp-content\/uploads\/2021\/03\/926900.jpg",640,430,false],"post-thumbnail":["https:\/\/arantv.az\/wp-content\/uploads\/2021\/03\/926900-240x172.jpg",240,172,true],"advps-thumb-one":["https:\/\/arantv.az\/wp-content\/uploads\/2021\/03\/926900.jpg",640,430,false]},"rttpg_author":{"display_name":"V\u00fcsal Rafiqo\u011flu","author_link":"https:\/\/arantv.az\/?author=2"},"rttpg_comment":0,"rttpg_category":"<a href=\"https:\/\/arantv.az\/?cat=4\" rel=\"category\">Siyas\u0259t<\/a>","rttpg_excerpt":"&#8220;Erm\u0259nistandak\u0131 b\u00f6hranl\u0131 v\u0259ziyy\u0259t\u00a0 Az\u0259rbaycana g\u0259l\u0259c\u0259kd\u0259 antiterror\u00a0 \u0259m\u0259liyyat\u0131 ke\u00e7irm\u0259k \u00fc\u00e7\u00fcn ikinci bir z\u0259min ver\u0259 bil\u0259r&#8221;. ARANTV.AZ\u00a0 bildirir ki, bu s\u00f6zl\u0259ri sfera.az-a a\u00e7\u0131qlamas\u0131nda Erm\u0259nistan daxilind\u0259 haz\u0131rda ya\u015fanan siyasi b\u00f6hrandan Az\u0259rbaycan\u0131n hans\u0131 m\u00fcst\u0259vid\u0259 yararlana bil\u0259c\u0259yi m\u0259s\u0259l\u0259sin\u0259 toxunark\u0259n, politoloq Natiq Miri deyib. Politoloq qeyd etdi ki, Erm\u0259nistanda ya\u015fanan b\u00f6hran Az\u0259rbaycan\u0131n indiy\u0259 q\u0259d\u0259r iddia etdiyi m\u0259s\u0259l\u0259l\u0259rd\u0259 n\u0259 q\u0259d\u0259r haql\u0131 oldu\u011funu&hellip;","_links":{"self":[{"href":"https:\/\/arantv.az\/index.php?rest_route=\/wp\/v2\/posts\/304307"}],"collection":[{"href":"https:\/\/arantv.az\/index.php?rest_route=\/wp\/v2\/posts"}],"about":[{"href":"https:\/\/arantv.az\/index.php?rest_route=\/wp\/v2\/types\/post"}],"author":[{"embeddable":true,"href":"https:\/\/arantv.az\/index.php?rest_route=\/wp\/v2\/users\/2"}],"replies":[{"embeddable":true,"href":"https:\/\/arantv.az\/index.php?rest_route=%2Fwp%2Fv2%2Fcomments&post=304307"}],"version-history":[{"count":0,"href":"https:\/\/arantv.az\/index.php?rest_route=\/wp\/v2\/posts\/304307\/revisions"}],"wp:featuredmedia":[{"embeddable":true,"href":"https:\/\/arantv.az\/index.php?rest_route=\/wp\/v2\/media\/304308"}],"wp:attachment":[{"href":"https:\/\/arantv.az\/index.php?rest_route=%2Fwp%2Fv2%2Fmedia&parent=304307"}],"wp:term":[{"taxonomy":"category","embeddable":true,"href":"https:\/\/arantv.az\/index.php?rest_route=%2Fwp%2Fv2%2Fcategories&post=304307"},{"taxonomy":"post_tag","embeddable":true,"href":"https:\/\/arantv.az\/index.php?rest_route=%2Fwp%2Fv2%2Ftags&post=304307"}],"curies":[{"name":"wp","href":"https:\/\/api.w.org\/{rel}","templated":true}]}}