{"id":304315,"date":"2021-03-01T15:15:54","date_gmt":"2021-03-01T12:15:54","guid":{"rendered":"http:\/\/arantv.az\/?p=304315"},"modified":"2021-03-01T15:15:54","modified_gmt":"2021-03-01T12:15:54","slug":"prezident-erm%c9%99nistana-muhum-ismariclar-verdi","status":"publish","type":"post","link":"https:\/\/arantv.az\/?p=304315","title":{"rendered":"&#8220;Prezident Erm\u0259nistana m\u00fch\u00fcm ismar\u0131clar verdi&#8221;"},"content":{"rendered":"<p>Bu vaxta q\u0259d\u0259r he\u00e7 bir siyasi lider yum\u015faq g\u00fcc adland\u0131r\u0131lan median\u0131n imkanlar\u0131ndan bu q\u0259d\u0259r s\u0259m\u0259r\u0259li istifad\u0259 ed\u0259 bilm\u0259yib. Prezident \u0130lham \u018fliyev fevral\u0131n 26-da ke\u00e7irdiyi m\u0259tbuat konfrans\u0131nda d\u00fcnyan\u0131n n\u00fcfuzlu v\u0259 apar\u0131c\u0131 media qurumlar\u0131n\u0131n diqq\u0259tin\u0259 bir daha Az\u0259rbaycan h\u0259qiq\u0259tl\u0259rini \u00e7atd\u0131rmaqla \u00f6lk\u0259miz haqq\u0131nda qlobal informasiya m\u0259kan\u0131na obyektiv m\u0259lumatlar vermi\u015f oldu.<\/p>\n<p>H\u0259r \u015feyd\u0259n \u00f6nc\u0259 bu, Xocal\u0131 soyq\u0131r\u0131m\u0131 v\u0259 onun d\u00fcnyaya tan\u0131d\u0131lmas\u0131, eyni zamanda 44 g\u00fcnl\u00fck m\u00fcharib\u0259d\u0259n sonra Az\u0259rbaycan\u0131n regionda yaratd\u0131\u011f\u0131 yeni geosiyasi reall\u0131qlarla ba\u011fl\u0131 idi. \u00dcmumiyy\u0259tl\u0259, ke\u00e7iril\u0259n m\u0259tbuat konfrans\u0131 bir s\u0131ra ilkl\u0259rl\u0259 yadda qald\u0131. \u0130lk d\u0259f\u0259 idi ki, bir lider bu q\u0259d\u0259r uzun m\u00fcdd\u0259td\u0259 v\u0259 4 dild\u0259 d\u00fcnyan\u0131n \u0259n apar\u0131c\u0131 media qurumlar\u0131n\u0131n suallar\u0131n\u0131 cavabland\u0131r\u0131rd\u0131. Bir dild\u0259n dig\u0259rin\u0259 ke\u00e7id o q\u0259d\u0259r r\u0259van ba\u015f verirdi ki, bu, media t\u0259msil\u00e7il\u0259rinin d\u0259 diqq\u0259tind\u0259n yay\u0131nm\u0131r, onlar\u0131n da yax\u015f\u0131 m\u0259nada t\u0259\u0259cc\u00fcb\u00fcn\u0259 s\u0259b\u0259b olurdu.<\/p>\n<p><strong>ARANTV.AZ<\/strong>\u00a0 bildirir ki, bunu\u00a0<a href=\"https:\/\/az.trend.az\/\" target=\"_blank\" rel=\"noopener\">Trend<\/a>-\u0259\u00a0Milli M\u0259clisin deputat\u0131 Hikm\u0259t Babao\u011flu deyib.<\/p>\n<p>Deputat\u0131n s\u00f6zl\u0259rin\u0259 g\u00f6r\u0259, \u0259slind\u0259, bu hadis\u0259 sad\u0259c\u0259 dil bilm\u0259k deyil, h\u0259m d\u0259 media kimi universal bir al\u0259tin imkanlar\u0131ndan milli m\u0259qs\u0259dl\u0259r \u00fc\u00e7\u00fcn istifad\u0259 etm\u0259nin yeni \u00f6z\u00fcn\u0259m\u0259xsus formas\u0131 idi: &#8220;Az\u0259rbaycan Prezidenti \u0130lham \u018fliyev ke\u00e7irdiyi m\u0259tbuat konfrans\u0131nda eyni zamanda bu vaxta q\u0259d\u0259r yerli v\u0259 xarici informasiya m\u0259kan\u0131nda suallar do\u011furan bir s\u0131ra m\u0259s\u0259l\u0259l\u0259r\u0259 ayd\u0131nl\u0131q g\u0259tirdi. Onlardan biri haz\u0131rda s\u00fclhm\u0259raml\u0131lar\u0131n n\u0259zar\u0259ti alt\u0131nda olan \u0259razil\u0259rimiz\u0259 qay\u0131d\u0131\u015f m\u0259s\u0259l\u0259si idi. Az\u0259rbaycan Prezidenti Xocal\u0131ya da, dig\u0259r \u0259razil\u0259rimiz\u0259 d\u0259 qay\u0131daca\u011f\u0131m\u0131z\u0131 bir daha q\u0259tiyy\u0259tl\u0259 ifad\u0259 etdi. \u0130kinci m\u0259s\u0259l\u0259 b\u00f6y\u00fck qay\u0131d\u0131\u015fla ba\u011fl\u0131 planlar\u0131n ard\u0131c\u0131l olaraq h\u0259yata ke\u00e7irilm\u0259si v\u0259 onun hans\u0131 formada ba\u015f tutaca\u011f\u0131 idi. Ayd\u0131n oldu ki, bununla ba\u011fl\u0131 Az\u0259rbaycan\u0131n d\u0259qiq v\u0259 d\u00fc\u015f\u00fcn\u00fclm\u00fc\u015f plan\u0131 var v\u0259 bu ard\u0131c\u0131ll\u0131qla, m\u0259rh\u0259l\u0259li \u015f\u0259kild\u0259 h\u0259yata ke\u00e7iril\u0259c\u0259k&#8221;.<\/p>\n<p>H.Babao\u011flu vur\u011fulay\u0131b ki, ba\u015fqa bir m\u00fch\u00fcm m\u0259s\u0259l\u0259 Az\u0259rbaycan\u0131n yaratd\u0131\u011f\u0131 yeni geosiyasi reall\u0131\u011f\u0131n regionumuza v\u0259d etdiyi m\u00fch\u00fcm perspektivl\u0259rl\u0259 ba\u011fl\u0131 idi: &#8220;Bu kontekstd\u0259 Prezident \u0130lham \u018fliyev regional v\u0259 beyn\u0259lxalq t\u0259r\u0259fda\u015flar\u0131m\u0131za da, Erm\u0259nistana da m\u00fch\u00fcm ismar\u0131clar verdi. B\u0259lli oldu ki , Az\u0259rbaycan\u0131n yaratd\u0131\u011f\u0131 yeni reall\u0131qlar regionda \u0259m\u0259kda\u015fl\u0131q \u00fc\u00e7\u00fcn yeni, h\u0259m d\u0259 tarixi f\u00fcrs\u0259t yarad\u0131b. \u018fg\u0259r bu f\u00fcrs\u0259td\u0259n do\u011fru istifad\u0259 olunarsa, b\u00fct\u00f6vl\u00fckd\u0259 regional v\u0259 qlobal \u0259m\u0259kda\u015fl\u0131q bax\u0131m\u0131ndan olduqca \u0259lveri\u015fli \u015f\u0259rtl\u0259r yarada bil\u0259r. Yox, \u0259g\u0259r Erm\u0259nistan yen\u0259 d\u0259 revan\u015fist c\u0259hdl\u0259r ed\u0259rs\u0259, bu, 90-c\u0131 ill\u0259rd\u0259 oldu\u011fu kimi, yenid\u0259n Erm\u0259nistan\u0131n \u00f6z\u00fcn\u00fct\u0259cridin\u0259 g\u0259tirib \u00e7\u0131xara bil\u0259r v\u0259 n\u0259tic\u0259d\u0259, bu \u00f6lk\u0259 \u00f6z s\u0259hvl\u0259rini t\u0259krar etm\u0259kl\u0259 \u0259m\u0259kda\u015fl\u0131qdan k\u0259narda qala bil\u0259r. Prezidentin fikirl\u0259ri h\u0259m d\u0259 b\u0259zi \u00f6lk\u0259l\u0259r\u0259 bir \u00e7a\u011f\u0131r\u0131\u015f idi. Bu \u00e7a\u011f\u0131r\u0131\u015f ondan ibar\u0259t idi ki, \u0259g\u0259r kims\u0259 Erm\u0259nistan\u0131n olmayan ordusunu moderiniz\u0259 etm\u0259k ist\u0259yirs\u0259, bu, regiona yax\u015f\u0131 he\u00e7 n\u0259 v\u0259d ed\u0259 bilm\u0259z. Ona g\u00f6r\u0259 d\u0259 haz\u0131rk\u0131 m\u00fcr\u0259kk\u0259b tarixi m\u0259rh\u0259l\u0259d\u0259 \u0259n do\u011fru yol yeni \u0259m\u0259kda\u015fl\u0131q imkanlar\u0131ndan ke\u00e7ir ki, Az\u0259rbaycan\u0131n m\u0259qs\u0259di d\u0259 el\u0259 budur&#8221;.<\/p>\n","protected":false},"excerpt":{"rendered":"<p>Bu vaxta q\u0259d\u0259r he\u00e7 bir siyasi lider yum\u015faq g\u00fcc adland\u0131r\u0131lan median\u0131n imkanlar\u0131ndan bu q\u0259d\u0259r s\u0259m\u0259r\u0259li istifad\u0259 ed\u0259 bilm\u0259yib. Prezident \u0130lham \u018fliyev fevral\u0131n 26-da ke\u00e7irdiyi m\u0259tbuat konfrans\u0131nda d\u00fcnyan\u0131n n\u00fcfuzlu v\u0259 apar\u0131c\u0131 media qurumlar\u0131n\u0131n diqq\u0259tin\u0259 bir daha Az\u0259rbaycan h\u0259qiq\u0259tl\u0259rini \u00e7atd\u0131rmaqla \u00f6lk\u0259miz haqq\u0131nda qlobal informasiya m\u0259kan\u0131na obyektiv m\u0259lumatlar vermi\u015f oldu. H\u0259r \u015feyd\u0259n \u00f6nc\u0259 bu, Xocal\u0131 soyq\u0131r\u0131m\u0131 v\u0259 onun d\u00fcnyaya tan\u0131d\u0131lmas\u0131, eyni zamanda 44 g\u00fcnl\u00fck m\u00fcharib\u0259d\u0259n sonra Az\u0259rbaycan\u0131n regionda yaratd\u0131\u011f\u0131 yeni geosiyasi reall\u0131qlarla ba\u011fl\u0131 idi. \u00dcmumiyy\u0259tl\u0259, ke\u00e7iril\u0259n m\u0259tbuat konfrans\u0131 bir s\u0131ra ilkl\u0259rl\u0259 yadda qald\u0131. \u0130lk d\u0259f\u0259 idi ki, bir lider bu q\u0259d\u0259r uzun m\u00fcdd\u0259td\u0259&hellip;<\/p>\n","protected":false},"author":2,"featured_media":304316,"comment_status":"closed","ping_status":"closed","sticky":false,"template":"","format":"standard","meta":{"om_disable_all_campaigns":false,"_monsterinsights_skip_tracking":false,"_monsterinsights_sitenote_active":false,"_monsterinsights_sitenote_note":"","_monsterinsights_sitenote_category":0},"categories":[26],"tags":[],"aioseo_notices":[],"gutentor_comment":0,"rttpg_featured_image_url":{"full":["https:\/\/arantv.az\/wp-content\/uploads\/2021\/03\/926899.jpg",532,440,false],"landscape":["https:\/\/arantv.az\/wp-content\/uploads\/2021\/03\/926899.jpg",532,440,false],"portraits":["https:\/\/arantv.az\/wp-content\/uploads\/2021\/03\/926899.jpg",532,440,false],"thumbnail":["https:\/\/arantv.az\/wp-content\/uploads\/2021\/03\/926899-150x150.jpg",150,150,true],"medium":["https:\/\/arantv.az\/wp-content\/uploads\/2021\/03\/926899-300x248.jpg",300,248,true],"large":["https:\/\/arantv.az\/wp-content\/uploads\/2021\/03\/926899.jpg",532,440,false],"1536x1536":["https:\/\/arantv.az\/wp-content\/uploads\/2021\/03\/926899.jpg",532,440,false],"2048x2048":["https:\/\/arantv.az\/wp-content\/uploads\/2021\/03\/926899.jpg",532,440,false],"post-thumbnail":["https:\/\/arantv.az\/wp-content\/uploads\/2021\/03\/926899-240x172.jpg",240,172,true],"advps-thumb-one":["https:\/\/arantv.az\/wp-content\/uploads\/2021\/03\/926899.jpg",532,440,false]},"rttpg_author":{"display_name":"V\u00fcsal Rafiqo\u011flu","author_link":"https:\/\/arantv.az\/?author=2"},"rttpg_comment":0,"rttpg_category":"<a href=\"https:\/\/arantv.az\/?cat=26\" rel=\"category\">Sosial<\/a>","rttpg_excerpt":"Bu vaxta q\u0259d\u0259r he\u00e7 bir siyasi lider yum\u015faq g\u00fcc adland\u0131r\u0131lan median\u0131n imkanlar\u0131ndan bu q\u0259d\u0259r s\u0259m\u0259r\u0259li istifad\u0259 ed\u0259 bilm\u0259yib. Prezident \u0130lham \u018fliyev fevral\u0131n 26-da ke\u00e7irdiyi m\u0259tbuat konfrans\u0131nda d\u00fcnyan\u0131n n\u00fcfuzlu v\u0259 apar\u0131c\u0131 media qurumlar\u0131n\u0131n diqq\u0259tin\u0259 bir daha Az\u0259rbaycan h\u0259qiq\u0259tl\u0259rini \u00e7atd\u0131rmaqla \u00f6lk\u0259miz haqq\u0131nda qlobal informasiya m\u0259kan\u0131na obyektiv m\u0259lumatlar vermi\u015f oldu. H\u0259r \u015feyd\u0259n \u00f6nc\u0259 bu, Xocal\u0131 soyq\u0131r\u0131m\u0131 v\u0259 onun&hellip;","_links":{"self":[{"href":"https:\/\/arantv.az\/index.php?rest_route=\/wp\/v2\/posts\/304315"}],"collection":[{"href":"https:\/\/arantv.az\/index.php?rest_route=\/wp\/v2\/posts"}],"about":[{"href":"https:\/\/arantv.az\/index.php?rest_route=\/wp\/v2\/types\/post"}],"author":[{"embeddable":true,"href":"https:\/\/arantv.az\/index.php?rest_route=\/wp\/v2\/users\/2"}],"replies":[{"embeddable":true,"href":"https:\/\/arantv.az\/index.php?rest_route=%2Fwp%2Fv2%2Fcomments&post=304315"}],"version-history":[{"count":0,"href":"https:\/\/arantv.az\/index.php?rest_route=\/wp\/v2\/posts\/304315\/revisions"}],"wp:featuredmedia":[{"embeddable":true,"href":"https:\/\/arantv.az\/index.php?rest_route=\/wp\/v2\/media\/304316"}],"wp:attachment":[{"href":"https:\/\/arantv.az\/index.php?rest_route=%2Fwp%2Fv2%2Fmedia&parent=304315"}],"wp:term":[{"taxonomy":"category","embeddable":true,"href":"https:\/\/arantv.az\/index.php?rest_route=%2Fwp%2Fv2%2Fcategories&post=304315"},{"taxonomy":"post_tag","embeddable":true,"href":"https:\/\/arantv.az\/index.php?rest_route=%2Fwp%2Fv2%2Ftags&post=304315"}],"curies":[{"name":"wp","href":"https:\/\/api.w.org\/{rel}","templated":true}]}}