{"id":304331,"date":"2021-03-01T15:19:12","date_gmt":"2021-03-01T12:19:12","guid":{"rendered":"http:\/\/arantv.az\/?p=304331"},"modified":"2021-03-01T15:19:12","modified_gmt":"2021-03-01T12:19:12","slug":"dovl%c9%99t-bascisi-m%c9%99tbuat-konfransinda-regionun-g%c9%99l%c9%99c%c9%99yi-ucun-muhum-mesajlar-verdi-deputat","status":"publish","type":"post","link":"https:\/\/arantv.az\/?p=304331","title":{"rendered":"&#8220;D\u00f6vl\u0259t ba\u015f\u00e7\u0131s\u0131 m\u0259tbuat konfrans\u0131nda regionun g\u0259l\u0259c\u0259yi \u00fc\u00e7\u00fcn m\u00fch\u00fcm mesajlar verdi&#8221; &#8211; Deputat"},"content":{"rendered":"<blockquote><p><em><strong>Prezident \u0130lham \u018fliyev h\u0259r zaman ilkl\u0259r\u0259 imza atan d\u00f6vl\u0259t ba\u015f\u00e7\u0131s\u0131 kimi tan\u0131n\u0131r. Fevral\u0131n 26-da ke\u00e7irdiyi m\u0259tbuat konfrans\u0131 il\u0259 d\u00f6vl\u0259timizin ba\u015f\u00e7\u0131s\u0131 daha bir ilk\u0259 imza atd\u0131. Bel\u0259 ki, c\u0259nab Prezident \u0130lham \u018fliyev d\u00fcnyan\u0131n apar\u0131c\u0131 k\u00fctl\u0259vi informasiya vasit\u0259l\u0259rinin t\u0259msil\u00e7il\u0259ri i\u015ftirak\u0131 il\u0259 4 saatdan \u00e7ox davam ed\u0259n m\u0259tbuat konfrans\u0131nda 4 dild\u0259 jurnalistl\u0259rin suallar\u0131n\u0131 y\u00fcks\u0259k diplomatik m\u0259har\u0259t, natiqlik n\u00fcmayi\u015f etdir\u0259r\u0259k, s\u0259lis, t\u0259f\u0259rr\u00fcatl\u0131, d\u0259qiqlikl\u0259, m\u0259ntiql\u0259, tam \u0259sasland\u0131r\u0131lm\u0131\u015f \u015f\u0259kild\u0259 cavabland\u0131rd\u0131.<\/strong><\/em><\/p><\/blockquote>\n<p><strong>ARANTV.AZ\u00a0<\/strong> bildirir ki, bunu\u00a0<a href=\"https:\/\/az.trend.az\/\" target=\"_blank\" rel=\"noopener\">Trend<\/a>-\u0259\u00a0Milli M\u0259clisin \u0130nsan h\u00fcquqlar\u0131 komit\u0259sinin \u00fczv\u00fc Jal\u0259 \u018fhm\u0259dova deyib.<\/p>\n<p><img src=\"https:\/\/img.milli.az\/2021\/03\/01\/926803.jpg\" alt=\"\" \/><\/p>\n<p>J.\u018fhm\u0259dova bildirib ki, Prezidentin bu pe\u015f\u0259kar x\u00fcsusiyy\u0259tl\u0259ri xarici media n\u00fcmay\u0259nd\u0259l\u0259rind\u0259, s\u00f6z\u00fcn h\u0259qiqi m\u0259nas\u0131nda, heyr\u0259t do\u011fururdu: &#8220;B\u00f6y\u00fck Britaniyadan olan jurnalist d\u0259 bunu \u00e7\u0131x\u0131\u015f\u0131nda t\u0259sdiql\u0259di. O, bu s\u00f6zl\u0259ri dedi: &#8220;C\u0259nab Prezident, bizi bura d\u0259v\u0259t etdiyiniz\u0259 g\u00f6r\u0259 Siz\u0259 t\u0259\u015f\u0259kk\u00fcr edirik. D\u00fc\u015f\u00fcn\u00fcr\u0259m ki, m\u0259tbuat konfrans\u0131n\u0131n uzunlu\u011funa g\u00f6r\u0259 Siz art\u0131q d\u00fcnya rekorduna imza atm\u0131s\u0131n\u0131z. M\u0259n 25 ildir jurnalistika il\u0259 m\u0259\u015f\u011ful oluram, ancaq h\u0259r hans\u0131 bir Prezidentin 4 dild\u0259 bu c\u00fcr m\u0259tbuat konfrans\u0131 aparmas\u0131n\u0131n \u015fahidi olmam\u0131\u015fd\u0131m&#8221;.<\/p>\n<p>Deputat\u0131n s\u00f6zl\u0259rin\u0259 g\u00f6r\u0259, m\u0259tbuat konfrans\u0131n\u0131n Xocal\u0131 soyq\u0131r\u0131m\u0131n\u0131n 29-cu ild\u00f6n\u00fcm\u00fcnd\u0259 ke\u00e7irilm\u0259si x\u00fcsusi \u00f6n\u0259m da\u015f\u0131y\u0131rd\u0131: &#8220;M\u0259tbuat konfrans\u0131 zaman\u0131 m\u00f6ht\u0259r\u0259m Prezident apar\u0131c\u0131 xarici media orqanlar\u0131n\u0131n diqq\u0259tini n\u00f6vb\u0259ti d\u0259f\u0259 Erm\u0259nistan\u0131n Az\u0259rbaycana qar\u015f\u0131 soyq\u0131r\u0131m\u0131 siyas\u0259tin\u0259 y\u00f6n\u0259ltdi, Xocal\u0131 il\u0259 ba\u011fl\u0131 ger\u00e7\u0259klikl\u0259ri bir daha b\u00fct\u00fcn d\u00fcnyaya b\u0259yan etdi. Bu is\u0259 olduqca \u0259h\u0259miyy\u0259tlidir&#8221;.<\/p>\n<p>Deputat h\u0259m\u00e7inin qeyd edib ki, d\u00f6vl\u0259t ba\u015f\u00e7\u0131s\u0131 m\u0259tbuat konfrans\u0131nda regionun g\u0259l\u0259c\u0259yi \u00fc\u00e7\u00fcn m\u00fch\u00fcm mesajlar verdi: &#8220;C\u0259nab Prezident art\u0131q regionda yeni bir d\u00f6vr\u00fcn ba\u015flad\u0131\u011f\u0131n\u0131 vur\u011fulad\u0131. Bundan \u0259lav\u0259, Prezident \u0130lham \u018fliyev Erm\u0259nistan\u0131n b\u00f6lg\u0259d\u0259 apard\u0131\u011f\u0131 siyas\u0259ti if\u015fa etdi, erm\u0259nil\u0259rin tarixi Az\u0259rbaycan\u0131n abid\u0259l\u0259rini, \u015f\u0259h\u0259r v\u0259 rayonlar\u0131n\u0131 yerl\u0259 &#8211; yeksan etdikl\u0259rini bildir\u0259r\u0259k bu d\u00f6vl\u0259tin fa\u015fist, varvar ruhlu oldu\u011funu bir daha s\u00fcbut etmi\u015f oldu&#8221;.<\/p>\n<p>J.\u018fhm\u0259dova bildirib ki, m\u0259tbuat konfrans\u0131nda m\u00f6ht\u0259r\u0259m Prezidentin &#8220;Faktiki olaraq biz bu g\u00fcn, \u00fcmumiyy\u0259tl\u0259, Da\u011fl\u0131q Qaraba\u011f ifad\u0259sini d\u0259 i\u015fl\u0259tm\u0259m\u0259liyik. Qaraba\u011f aranl\u0131-da\u011fl\u0131 Az\u0259rbaycan\u0131n ayr\u0131lmaz hiss\u0259sidir&#8221; b\u0259yanat\u0131 da kifay\u0259t q\u0259d\u0259r d\u0259rin v\u0259 ciddi m\u0259qamd\u0131r: &#8220;Prezident h\u0259m\u00e7inin Erm\u0259nistanda revan\u015fizm fikrin\u0259 d\u00fc\u015f\u0259nl\u0259r\u0259 \u00f6z a\u00e7\u0131q mesajlar\u0131n\u0131 verdi. Onlar\u0131 bu fikirl\u0259rd\u0259n da\u015f\u0131nmaya \u00e7a\u011f\u0131rd\u0131 v\u0259 bildirdi ki, \u0259ks t\u0259qdird\u0259 onlar yenid\u0259n &#8220;d\u0259mir yumru\u011fu&#8221; \u00fcz\u0259rl\u0259rind\u0259 hiss ed\u0259c\u0259kl\u0259r. B\u00fct\u00f6vl\u00fckd\u0259 hesab edir\u0259m ki, Prezident \u0130lham \u018fliyevin m\u0259tbuat konfrans\u0131 miqyas\u0131 v\u0259 \u0259hat\u0259liliyi bax\u0131m\u0131ndan tarixi \u0259h\u0259miyy\u0259t k\u0259sb edir&#8221;.<\/p>\n","protected":false},"excerpt":{"rendered":"<p>Prezident \u0130lham \u018fliyev h\u0259r zaman ilkl\u0259r\u0259 imza atan d\u00f6vl\u0259t ba\u015f\u00e7\u0131s\u0131 kimi tan\u0131n\u0131r. Fevral\u0131n 26-da ke\u00e7irdiyi m\u0259tbuat konfrans\u0131 il\u0259 d\u00f6vl\u0259timizin ba\u015f\u00e7\u0131s\u0131 daha bir ilk\u0259 imza atd\u0131. Bel\u0259 ki, c\u0259nab Prezident \u0130lham \u018fliyev d\u00fcnyan\u0131n apar\u0131c\u0131 k\u00fctl\u0259vi informasiya vasit\u0259l\u0259rinin t\u0259msil\u00e7il\u0259ri i\u015ftirak\u0131 il\u0259 4 saatdan \u00e7ox davam ed\u0259n m\u0259tbuat konfrans\u0131nda 4 dild\u0259 jurnalistl\u0259rin suallar\u0131n\u0131 y\u00fcks\u0259k diplomatik m\u0259har\u0259t, natiqlik n\u00fcmayi\u015f etdir\u0259r\u0259k, s\u0259lis, t\u0259f\u0259rr\u00fcatl\u0131, d\u0259qiqlikl\u0259, m\u0259ntiql\u0259, tam \u0259sasland\u0131r\u0131lm\u0131\u015f \u015f\u0259kild\u0259 cavabland\u0131rd\u0131. ARANTV.AZ\u00a0 bildirir ki, bunu\u00a0Trend-\u0259\u00a0Milli M\u0259clisin \u0130nsan h\u00fcquqlar\u0131 komit\u0259sinin \u00fczv\u00fc Jal\u0259 \u018fhm\u0259dova deyib. J.\u018fhm\u0259dova bildirib ki, Prezidentin bu pe\u015f\u0259kar x\u00fcsusiyy\u0259tl\u0259ri xarici media n\u00fcmay\u0259nd\u0259l\u0259rind\u0259, s\u00f6z\u00fcn h\u0259qiqi m\u0259nas\u0131nda, heyr\u0259t&hellip;<\/p>\n","protected":false},"author":2,"featured_media":304332,"comment_status":"closed","ping_status":"closed","sticky":false,"template":"","format":"standard","meta":{"om_disable_all_campaigns":false,"_monsterinsights_skip_tracking":false,"_monsterinsights_sitenote_active":false,"_monsterinsights_sitenote_note":"","_monsterinsights_sitenote_category":0},"categories":[4],"tags":[],"aioseo_notices":[],"gutentor_comment":0,"rttpg_featured_image_url":{"full":["https:\/\/arantv.az\/wp-content\/uploads\/2021\/03\/925990.jpg",800,600,false],"landscape":["https:\/\/arantv.az\/wp-content\/uploads\/2021\/03\/925990.jpg",800,600,false],"portraits":["https:\/\/arantv.az\/wp-content\/uploads\/2021\/03\/925990.jpg",800,600,false],"thumbnail":["https:\/\/arantv.az\/wp-content\/uploads\/2021\/03\/925990-150x150.jpg",150,150,true],"medium":["https:\/\/arantv.az\/wp-content\/uploads\/2021\/03\/925990-300x225.jpg",300,225,true],"large":["https:\/\/arantv.az\/wp-content\/uploads\/2021\/03\/925990.jpg",640,480,false],"1536x1536":["https:\/\/arantv.az\/wp-content\/uploads\/2021\/03\/925990.jpg",800,600,false],"2048x2048":["https:\/\/arantv.az\/wp-content\/uploads\/2021\/03\/925990.jpg",800,600,false],"post-thumbnail":["https:\/\/arantv.az\/wp-content\/uploads\/2021\/03\/925990-240x172.jpg",240,172,true],"advps-thumb-one":["https:\/\/arantv.az\/wp-content\/uploads\/2021\/03\/925990.jpg",800,600,false]},"rttpg_author":{"display_name":"V\u00fcsal Rafiqo\u011flu","author_link":"https:\/\/arantv.az\/?author=2"},"rttpg_comment":0,"rttpg_category":"<a href=\"https:\/\/arantv.az\/?cat=4\" rel=\"category\">Siyas\u0259t<\/a>","rttpg_excerpt":"Prezident \u0130lham \u018fliyev h\u0259r zaman ilkl\u0259r\u0259 imza atan d\u00f6vl\u0259t ba\u015f\u00e7\u0131s\u0131 kimi tan\u0131n\u0131r. Fevral\u0131n 26-da ke\u00e7irdiyi m\u0259tbuat konfrans\u0131 il\u0259 d\u00f6vl\u0259timizin ba\u015f\u00e7\u0131s\u0131 daha bir ilk\u0259 imza atd\u0131. Bel\u0259 ki, c\u0259nab Prezident \u0130lham \u018fliyev d\u00fcnyan\u0131n apar\u0131c\u0131 k\u00fctl\u0259vi informasiya vasit\u0259l\u0259rinin t\u0259msil\u00e7il\u0259ri i\u015ftirak\u0131 il\u0259 4 saatdan \u00e7ox davam ed\u0259n m\u0259tbuat konfrans\u0131nda 4 dild\u0259 jurnalistl\u0259rin suallar\u0131n\u0131 y\u00fcks\u0259k diplomatik m\u0259har\u0259t, natiqlik n\u00fcmayi\u015f&hellip;","_links":{"self":[{"href":"https:\/\/arantv.az\/index.php?rest_route=\/wp\/v2\/posts\/304331"}],"collection":[{"href":"https:\/\/arantv.az\/index.php?rest_route=\/wp\/v2\/posts"}],"about":[{"href":"https:\/\/arantv.az\/index.php?rest_route=\/wp\/v2\/types\/post"}],"author":[{"embeddable":true,"href":"https:\/\/arantv.az\/index.php?rest_route=\/wp\/v2\/users\/2"}],"replies":[{"embeddable":true,"href":"https:\/\/arantv.az\/index.php?rest_route=%2Fwp%2Fv2%2Fcomments&post=304331"}],"version-history":[{"count":0,"href":"https:\/\/arantv.az\/index.php?rest_route=\/wp\/v2\/posts\/304331\/revisions"}],"wp:featuredmedia":[{"embeddable":true,"href":"https:\/\/arantv.az\/index.php?rest_route=\/wp\/v2\/media\/304332"}],"wp:attachment":[{"href":"https:\/\/arantv.az\/index.php?rest_route=%2Fwp%2Fv2%2Fmedia&parent=304331"}],"wp:term":[{"taxonomy":"category","embeddable":true,"href":"https:\/\/arantv.az\/index.php?rest_route=%2Fwp%2Fv2%2Fcategories&post=304331"},{"taxonomy":"post_tag","embeddable":true,"href":"https:\/\/arantv.az\/index.php?rest_route=%2Fwp%2Fv2%2Ftags&post=304331"}],"curies":[{"name":"wp","href":"https:\/\/api.w.org\/{rel}","templated":true}]}}