{"id":304339,"date":"2021-03-01T15:20:53","date_gmt":"2021-03-01T12:20:53","guid":{"rendered":"http:\/\/arantv.az\/?p=304339"},"modified":"2021-03-01T15:20:53","modified_gmt":"2021-03-01T12:20:53","slug":"cin-kiv-l%c9%99ri-az%c9%99rbaycan-prezidentinin-vaksin-m%c9%99s%c9%99l%c9%99si-bar%c9%99d%c9%99-fikirl%c9%99rind%c9%99n-yazib-2","status":"publish","type":"post","link":"https:\/\/arantv.az\/?p=304339","title":{"rendered":"\u00c7in K\u0130V-l\u0259ri Az\u0259rbaycan Prezidentinin vaksin m\u0259s\u0259l\u0259si bar\u0259d\u0259 fikirl\u0259rind\u0259n yaz\u0131b"},"content":{"rendered":"<p>\u00c7inin milli x\u0259b\u0259r agentliyi Sinxua, \u00c7in M\u0259rk\u0259zi Televiziyas\u0131 v\u0259 dig\u0259r media orqanlar\u0131 Az\u0259rbaycan Prezidenti \u0130lham \u018fliyevin fevral\u0131n 26-da yerli v\u0259 xarici jurnalistl\u0259r \u00fc\u00e7\u00fcn ke\u00e7irdiyi m\u0259tbuat konfrans\u0131nda vaksin m\u00f6vzusundak\u0131 fikirl\u0259rin\u0259 geni\u015f yer veribl\u0259r.<\/p>\n<p><strong>ARANTV.AZ<\/strong>\u00a0\u00a0<a href=\"http:\/\/azertag.az\/\" target=\"_blank\" rel=\"noopener\">AZ\u018fRTAC<\/a>-a istinad\u0259n bildirir ki,\u00a0Prezident \u0130lham \u018fliyevin b\u0259zi \u00f6lk\u0259l\u0259rin qeyri-s\u0259mimi davran\u0131\u015flar\u0131n\u0131n COVID-19 virusuna qar\u015f\u0131 peyv\u0259ndl\u0259rin d\u00fcnyada \u0259dal\u0259tsiz b\u00f6lg\u00fcs\u00fcn\u0259 g\u0259tirib \u00e7\u0131xarmas\u0131, COVAX t\u0259\u015f\u0259bb\u00fcs\u00fc \u00fczr\u0259 vaksin paylanmas\u0131ndak\u0131 gecikm\u0259l\u0259r, istehsal\u00e7\u0131 v\u0259 distrib\u00fcter \u015firk\u0259tl\u0259rin sifari\u015f\u00e7il\u0259r qar\u015f\u0131s\u0131ndak\u0131 \u00f6hd\u0259likl\u0259rini yerin\u0259 yetirm\u0259m\u0259si bar\u0259d\u0259 dediyi s\u00f6zl\u0259r \u00c7in K\u0130V-l\u0259rinin x\u0259b\u0259rl\u0259rind\u0259 \u0259ksini tap\u0131b.<\/p>\n<p>\u00c7in medias\u0131 d\u00f6vl\u0259timizin ba\u015f\u00e7\u0131s\u0131n\u0131n bu b\u0259laya qar\u015f\u0131 birg\u0259 m\u00fcbariz\u0259 bar\u0259d\u0259 h\u0259mr\u0259ylik b\u0259yanatlar\u0131na baxmayaraq, praktikada tamamil\u0259 \u0259ks v\u0259ziyy\u0259t g\u00f6r\u00fcnd\u00fcy\u00fc, b\u0259zi \u00f6lk\u0259l\u0259rin onlara laz\u0131m olandan 3-4 d\u0259f\u0259 \u00e7ox vaksin almas\u0131 fikrini vur\u011fulayaraq, dig\u0259rl\u0259rinin vaksinsiz qala bil\u0259c\u0259yini yaz\u0131r.<\/p>\n<p>&#8220;Az\u0259rbaycan Prezidenti \u0130lham \u018fliyev deyib ki, Az\u0259rbaycan \u00dcmumd\u00fcnya S\u0259hiyy\u0259 T\u0259\u015fkilat\u0131n\u0131n vaksinl\u0259rin b\u00f6lg\u00fcs\u00fc \u00fczr\u0259 COVAX t\u0259\u015f\u0259bb\u00fcs\u00fcn\u0259 lap \u0259vv\u0259ld\u0259n qo\u015fulub. Bu t\u0259\u015f\u0259bb\u00fcs \u00fczr\u0259 Az\u0259rbaycan\u0131n almal\u0131 oldu\u011fu &#8220;AstraZeneca&#8221;, &#8220;Pfizer&#8221; v\u0259 &#8220;Moderna&#8221; peyv\u0259ndl\u0259ri h\u0259l\u0259 d\u0259 \u00f6lk\u0259y\u0259 daxil olmay\u0131b&#8221;, &#8211; dey\u0259 \u00c7in medias\u0131 yaz\u0131r.<\/p>\n<p>\u00c7in K\u0130V-l\u0259ri Az\u0259rbaycan Prezidentinin m\u0259tbuat konfrans\u0131nda \u00e7inli t\u0259r\u0259fda\u015flar\u0131n vaksin t\u0259chizat\u0131na dair \u00f6hd\u0259likl\u0259rini yerin\u0259 yetirm\u0259si bar\u0259d\u0259 xo\u015f s\u00f6zl\u0259rin\u0259 d\u0259 yer veribl\u0259r.<\/p>\n<p>Qeyd olunub ki, Az\u0259rbaycanda COVID-19 infeksiyas\u0131na qar\u015f\u0131 vaksinasiya yanvar\u0131n 18-d\u0259 ba\u015flay\u0131b. Vaksinasiya prosesind\u0259 \u00c7inin &#8220;Sinovac&#8221; \u015firk\u0259tinin &#8220;CoronaVac&#8221; peyv\u0259ndind\u0259n istifad\u0259 olunur.<\/p>\n","protected":false},"excerpt":{"rendered":"<p>\u00c7inin milli x\u0259b\u0259r agentliyi Sinxua, \u00c7in M\u0259rk\u0259zi Televiziyas\u0131 v\u0259 dig\u0259r media orqanlar\u0131 Az\u0259rbaycan Prezidenti \u0130lham \u018fliyevin fevral\u0131n 26-da yerli v\u0259 xarici jurnalistl\u0259r \u00fc\u00e7\u00fcn ke\u00e7irdiyi m\u0259tbuat konfrans\u0131nda vaksin m\u00f6vzusundak\u0131 fikirl\u0259rin\u0259 geni\u015f yer veribl\u0259r. ARANTV.AZ\u00a0\u00a0AZ\u018fRTAC-a istinad\u0259n bildirir ki,\u00a0Prezident \u0130lham \u018fliyevin b\u0259zi \u00f6lk\u0259l\u0259rin qeyri-s\u0259mimi davran\u0131\u015flar\u0131n\u0131n COVID-19 virusuna qar\u015f\u0131 peyv\u0259ndl\u0259rin d\u00fcnyada \u0259dal\u0259tsiz b\u00f6lg\u00fcs\u00fcn\u0259 g\u0259tirib \u00e7\u0131xarmas\u0131, COVAX t\u0259\u015f\u0259bb\u00fcs\u00fc \u00fczr\u0259 vaksin paylanmas\u0131ndak\u0131 gecikm\u0259l\u0259r, istehsal\u00e7\u0131 v\u0259 distrib\u00fcter \u015firk\u0259tl\u0259rin sifari\u015f\u00e7il\u0259r qar\u015f\u0131s\u0131ndak\u0131 \u00f6hd\u0259likl\u0259rini yerin\u0259 yetirm\u0259m\u0259si bar\u0259d\u0259 dediyi s\u00f6zl\u0259r \u00c7in K\u0130V-l\u0259rinin x\u0259b\u0259rl\u0259rind\u0259 \u0259ksini tap\u0131b. \u00c7in medias\u0131 d\u00f6vl\u0259timizin ba\u015f\u00e7\u0131s\u0131n\u0131n bu b\u0259laya qar\u015f\u0131 birg\u0259 m\u00fcbariz\u0259 bar\u0259d\u0259 h\u0259mr\u0259ylik b\u0259yanatlar\u0131na baxmayaraq, praktikada tamamil\u0259 \u0259ks&hellip;<\/p>\n","protected":false},"author":2,"featured_media":304340,"comment_status":"closed","ping_status":"closed","sticky":false,"template":"","format":"standard","meta":{"om_disable_all_campaigns":false,"_monsterinsights_skip_tracking":false,"_monsterinsights_sitenote_active":false,"_monsterinsights_sitenote_note":"","_monsterinsights_sitenote_category":0},"categories":[7],"tags":[],"aioseo_notices":[],"gutentor_comment":0,"rttpg_featured_image_url":{"full":["https:\/\/arantv.az\/wp-content\/uploads\/2021\/03\/926892_2.jpg",795,669,false],"landscape":["https:\/\/arantv.az\/wp-content\/uploads\/2021\/03\/926892_2.jpg",795,669,false],"portraits":["https:\/\/arantv.az\/wp-content\/uploads\/2021\/03\/926892_2.jpg",795,669,false],"thumbnail":["https:\/\/arantv.az\/wp-content\/uploads\/2021\/03\/926892_2-150x150.jpg",150,150,true],"medium":["https:\/\/arantv.az\/wp-content\/uploads\/2021\/03\/926892_2-300x252.jpg",300,252,true],"large":["https:\/\/arantv.az\/wp-content\/uploads\/2021\/03\/926892_2.jpg",640,539,false],"1536x1536":["https:\/\/arantv.az\/wp-content\/uploads\/2021\/03\/926892_2.jpg",795,669,false],"2048x2048":["https:\/\/arantv.az\/wp-content\/uploads\/2021\/03\/926892_2.jpg",795,669,false],"post-thumbnail":["https:\/\/arantv.az\/wp-content\/uploads\/2021\/03\/926892_2-240x172.jpg",240,172,true],"advps-thumb-one":["https:\/\/arantv.az\/wp-content\/uploads\/2021\/03\/926892_2-795x620.jpg",795,620,true]},"rttpg_author":{"display_name":"V\u00fcsal Rafiqo\u011flu","author_link":"https:\/\/arantv.az\/?author=2"},"rttpg_comment":0,"rttpg_category":"<a href=\"https:\/\/arantv.az\/?cat=7\" rel=\"category\">D\u00fcnya<\/a>","rttpg_excerpt":"\u00c7inin milli x\u0259b\u0259r agentliyi Sinxua, \u00c7in M\u0259rk\u0259zi Televiziyas\u0131 v\u0259 dig\u0259r media orqanlar\u0131 Az\u0259rbaycan Prezidenti \u0130lham \u018fliyevin fevral\u0131n 26-da yerli v\u0259 xarici jurnalistl\u0259r \u00fc\u00e7\u00fcn ke\u00e7irdiyi m\u0259tbuat konfrans\u0131nda vaksin m\u00f6vzusundak\u0131 fikirl\u0259rin\u0259 geni\u015f yer veribl\u0259r. ARANTV.AZ\u00a0\u00a0AZ\u018fRTAC-a istinad\u0259n bildirir ki,\u00a0Prezident \u0130lham \u018fliyevin b\u0259zi \u00f6lk\u0259l\u0259rin qeyri-s\u0259mimi davran\u0131\u015flar\u0131n\u0131n COVID-19 virusuna qar\u015f\u0131 peyv\u0259ndl\u0259rin d\u00fcnyada \u0259dal\u0259tsiz b\u00f6lg\u00fcs\u00fcn\u0259 g\u0259tirib \u00e7\u0131xarmas\u0131, COVAX t\u0259\u015f\u0259bb\u00fcs\u00fc \u00fczr\u0259 vaksin&hellip;","_links":{"self":[{"href":"https:\/\/arantv.az\/index.php?rest_route=\/wp\/v2\/posts\/304339"}],"collection":[{"href":"https:\/\/arantv.az\/index.php?rest_route=\/wp\/v2\/posts"}],"about":[{"href":"https:\/\/arantv.az\/index.php?rest_route=\/wp\/v2\/types\/post"}],"author":[{"embeddable":true,"href":"https:\/\/arantv.az\/index.php?rest_route=\/wp\/v2\/users\/2"}],"replies":[{"embeddable":true,"href":"https:\/\/arantv.az\/index.php?rest_route=%2Fwp%2Fv2%2Fcomments&post=304339"}],"version-history":[{"count":0,"href":"https:\/\/arantv.az\/index.php?rest_route=\/wp\/v2\/posts\/304339\/revisions"}],"wp:featuredmedia":[{"embeddable":true,"href":"https:\/\/arantv.az\/index.php?rest_route=\/wp\/v2\/media\/304340"}],"wp:attachment":[{"href":"https:\/\/arantv.az\/index.php?rest_route=%2Fwp%2Fv2%2Fmedia&parent=304339"}],"wp:term":[{"taxonomy":"category","embeddable":true,"href":"https:\/\/arantv.az\/index.php?rest_route=%2Fwp%2Fv2%2Fcategories&post=304339"},{"taxonomy":"post_tag","embeddable":true,"href":"https:\/\/arantv.az\/index.php?rest_route=%2Fwp%2Fv2%2Ftags&post=304339"}],"curies":[{"name":"wp","href":"https:\/\/api.w.org\/{rel}","templated":true}]}}