{"id":304351,"date":"2021-03-01T15:23:16","date_gmt":"2021-03-01T12:23:16","guid":{"rendered":"http:\/\/arantv.az\/?p=304351"},"modified":"2021-03-01T15:23:16","modified_gmt":"2021-03-01T12:23:16","slug":"qarabagda-doyusl%c9%99r-yenid%c9%99n-baslaya-bil%c9%99r-sabiq-briqada-komandiri-danisdi","status":"publish","type":"post","link":"https:\/\/arantv.az\/?p=304351","title":{"rendered":"Qaraba\u011fda d\u00f6y\u00fc\u015fl\u0259r yenid\u0259n ba\u015flaya bil\u0259r? &#8211; Sabiq briqada komandiri dan\u0131\u015fd\u0131"},"content":{"rendered":"<p><strong>Son d\u00f6vrl\u0259r sosial \u015f\u0259b\u0259k\u0259d\u0259 m\u00fczakir\u0259l\u0259r zaman\u0131 aprel ay\u0131nda m\u00fcharib\u0259nin yenid\u0259n ba\u015flaya bil\u0259c\u0259yi bar\u0259d\u0259 \u015fayi\u0259l\u0259r s\u0259sl\u0259ndirilm\u0259y\u0259\u00a0ba\u015flay\u0131b.<\/strong><\/p>\n<p>\u0130stifad\u0259\u00e7il\u0259r buna s\u0259b\u0259b kimi erm\u0259nil\u0259rin revan\u015fist ideyas\u0131n\u0131 \u0259sas g\u0259tirir.<\/p>\n<p>\u0130nsanlar\u0131n m\u00f6vzu il\u0259 ba\u011fl\u0131 suallar\u0131na cavab tapmaq v\u0259 \u015fayi\u0259l\u0259rin n\u0259 q\u0259d\u0259r do\u011fru oldu\u011funu d\u0259qiql\u0259\u015fdirm\u0259k m\u0259qs\u0259dil\u0259 ehtiyatda olan polkovnik, sabiq briqada komandiri \u015eair Ramaldanova m\u00fcraci\u0259t etdik.<\/p>\n<p><strong>ARANTV.AZ\u00a0<\/strong> x\u0259b\u0259r verir ki, h\u0259rbi ekspert baku.ws-\u0259 bildirdi ki, erm\u0259nil\u0259rd\u0259 revan\u015fist fikirl\u0259r ola bil\u0259r, amma bununla m\u00fcharib\u0259 aparmaq olmur:<\/p>\n<p>&#8220;M\u0259n\u0259 el\u0259 g\u0259lir ki, bu m\u00f6vzuda yay\u0131lan \u015fayi\u0259l\u0259rin cavab\u0131n\u0131 \u00f6t\u0259n g\u00fcn m\u0259tbuat konfrans\u0131nda Az\u0259rbacan Respublikas\u0131 Silahl\u0131 Q\u00fcvv\u0259l\u0259rinin Ali Ba\u015f komandan\u0131 \u0130lham \u018fliyev cavabland\u0131rd\u0131. \u018fvv\u0259la, onu deyim ki, Erm\u0259nistan\u0131n Silahl\u0131 Q\u00fcvv\u0259l\u0259ri Az\u0259rbaycan Ordusu t\u0259r\u0259find\u0259n darmada\u011f\u0131n edilib. Bel\u0259 olan halda onlar m\u00fcharib\u0259ni nec\u0259 ed\u0259c\u0259k?<\/p>\n<p>Erm\u0259nil\u0259rd\u0259 revan\u015fist fikirl\u0259r ola bil\u0259r, amma bununla m\u00fcharib\u0259 aparmaq olmur. M\u00fcharib\u0259 m\u0259hz ordu, g\u00fcc v\u0259 silahla apar\u0131l\u0131r. 3 ay ke\u00e7m\u0259sin\u0259 baxmayaraq, Erm\u0259nistan ordusu darmada\u011f\u0131n edilibs\u0259, onlar\u0131n texnika v\u0259 silah-sursatlar\u0131n\u0131 itirm\u0259l\u0259ri b\u0259llidirs\u0259, Erm\u0259nistan n\u0259 il\u0259 Az\u0259rbaycan qar\u015f\u0131s\u0131nda dayana bil\u0259r?<\/p>\n<p>\u018fg\u0259r biz ehtimal vers\u0259k ki, n\u0259 vaxtsa n\u0259s\u0259 olacaq, c\u0259nab prezident buna da cavab verdi. Az\u0259rbaycan Ordusu bundan sonra da \u0259n m\u00fcasir silahlarla silahlanacaq, ordusunu daha da g\u00fccl\u0259ndir\u0259c\u0259k. &#8220;D\u0259mir yumruq&#8221; h\u0259r zaman i\u015f\u0259 sal\u0131na bil\u0259r. \u018fg\u0259r Erm\u0259nistan bel\u0259 bir add\u0131m atma\u011fa c\u0259hd g\u00f6st\u0259r\u0259rs\u0259, bu, h\u0259min d\u00f6vl\u0259tin olub-olmamas\u0131n\u0131 g\u00fcnd\u0259m\u0259 g\u0259tir\u0259 bil\u0259r.<\/p>\n<p>Lakin biz bilirik ki, Erm\u0259nistan silahlan\u0131r, m\u00fc\u0259yy\u0259n q\u00fcvv\u0259l\u0259r var ki, bu \u00f6lk\u0259ni silahland\u0131rmaq ist\u0259yir. Bilirik ki, Qafqazda m\u00fc\u0259yy\u0259n m\u00fcnaqi\u015f\u0259 oca\u011f\u0131n\u0131n qalmas\u0131nda maraql\u0131 olan b\u0259zi q\u00fcvv\u0259l\u0259r var. Buna g\u00f6r\u0259 \u00f6z bar\u0131t\u0131m\u0131z\u0131 quru saxlay\u0131r\u0131q. Az\u0259rbaycan Ordusu \u0130kinci Qaraba\u011f M\u00fcharib\u0259sind\u0259 ist\u0259r \u015f\u0259xsi hey\u0259t, ist\u0259rs\u0259 d\u0259 texnika c\u0259h\u0259td\u0259n b\u00f6y\u00fck itkil\u0259r\u0259 m\u0259ruz qalmay\u0131b.<\/p>\n<p>Az\u0259rbaycan\u0131n yet\u0259rli q\u0259d\u0259r g\u00fcc\u00fc var. Ordumuz m\u00fcharib\u0259d\u0259n sonra itiril\u0259ni q\u0131sa zamanda b\u0259rpa edib. Erm\u0259nistan is\u0259 bu sah\u0259d\u0259 Az\u0259rbaycana he\u00e7 vaxt \u00e7ata bilm\u0259z. Az\u0259rbaycan \u0259vv\u0259ll\u0259r \u0259ks h\u00fccum \u0259m\u0259liyyat\u0131 apar\u0131rd\u0131sa, haz\u0131rda d\u00f6vl\u0259t s\u0259rh\u0259dind\u0259 olan silahl\u0131 q\u00fcvv\u0259l\u0259rimiz ir\u0259lil\u0259m\u0259k ist\u0259y\u0259n d\u00fc\u015fm\u0259ni yerind\u0259 oturdacaq&#8221;.<\/p>\n","protected":false},"excerpt":{"rendered":"<p>Son d\u00f6vrl\u0259r sosial \u015f\u0259b\u0259k\u0259d\u0259 m\u00fczakir\u0259l\u0259r zaman\u0131 aprel ay\u0131nda m\u00fcharib\u0259nin yenid\u0259n ba\u015flaya bil\u0259c\u0259yi bar\u0259d\u0259 \u015fayi\u0259l\u0259r s\u0259sl\u0259ndirilm\u0259y\u0259\u00a0ba\u015flay\u0131b. \u0130stifad\u0259\u00e7il\u0259r buna s\u0259b\u0259b kimi erm\u0259nil\u0259rin revan\u015fist ideyas\u0131n\u0131 \u0259sas g\u0259tirir. \u0130nsanlar\u0131n m\u00f6vzu il\u0259 ba\u011fl\u0131 suallar\u0131na cavab tapmaq v\u0259 \u015fayi\u0259l\u0259rin n\u0259 q\u0259d\u0259r do\u011fru oldu\u011funu d\u0259qiql\u0259\u015fdirm\u0259k m\u0259qs\u0259dil\u0259 ehtiyatda olan polkovnik, sabiq briqada komandiri \u015eair Ramaldanova m\u00fcraci\u0259t etdik. ARANTV.AZ\u00a0 x\u0259b\u0259r verir ki, h\u0259rbi ekspert baku.ws-\u0259 bildirdi ki, erm\u0259nil\u0259rd\u0259 revan\u015fist fikirl\u0259r ola bil\u0259r, amma bununla m\u00fcharib\u0259 aparmaq olmur: &#8220;M\u0259n\u0259 el\u0259 g\u0259lir ki, bu m\u00f6vzuda yay\u0131lan \u015fayi\u0259l\u0259rin cavab\u0131n\u0131 \u00f6t\u0259n g\u00fcn m\u0259tbuat konfrans\u0131nda Az\u0259rbacan Respublikas\u0131 Silahl\u0131 Q\u00fcvv\u0259l\u0259rinin Ali Ba\u015f komandan\u0131 \u0130lham \u018fliyev&hellip;<\/p>\n","protected":false},"author":2,"featured_media":304352,"comment_status":"closed","ping_status":"closed","sticky":false,"template":"","format":"standard","meta":{"om_disable_all_campaigns":false,"_monsterinsights_skip_tracking":false,"_monsterinsights_sitenote_active":false,"_monsterinsights_sitenote_note":"","_monsterinsights_sitenote_category":0},"categories":[4],"tags":[],"aioseo_notices":[],"gutentor_comment":0,"rttpg_featured_image_url":{"full":["https:\/\/arantv.az\/wp-content\/uploads\/2021\/03\/926793.jpg",800,600,false],"landscape":["https:\/\/arantv.az\/wp-content\/uploads\/2021\/03\/926793.jpg",800,600,false],"portraits":["https:\/\/arantv.az\/wp-content\/uploads\/2021\/03\/926793.jpg",800,600,false],"thumbnail":["https:\/\/arantv.az\/wp-content\/uploads\/2021\/03\/926793-150x150.jpg",150,150,true],"medium":["https:\/\/arantv.az\/wp-content\/uploads\/2021\/03\/926793-300x225.jpg",300,225,true],"large":["https:\/\/arantv.az\/wp-content\/uploads\/2021\/03\/926793.jpg",640,480,false],"1536x1536":["https:\/\/arantv.az\/wp-content\/uploads\/2021\/03\/926793.jpg",800,600,false],"2048x2048":["https:\/\/arantv.az\/wp-content\/uploads\/2021\/03\/926793.jpg",800,600,false],"post-thumbnail":["https:\/\/arantv.az\/wp-content\/uploads\/2021\/03\/926793-240x172.jpg",240,172,true],"advps-thumb-one":["https:\/\/arantv.az\/wp-content\/uploads\/2021\/03\/926793.jpg",800,600,false]},"rttpg_author":{"display_name":"V\u00fcsal Rafiqo\u011flu","author_link":"https:\/\/arantv.az\/?author=2"},"rttpg_comment":0,"rttpg_category":"<a href=\"https:\/\/arantv.az\/?cat=4\" rel=\"category\">Siyas\u0259t<\/a>","rttpg_excerpt":"Son d\u00f6vrl\u0259r sosial \u015f\u0259b\u0259k\u0259d\u0259 m\u00fczakir\u0259l\u0259r zaman\u0131 aprel ay\u0131nda m\u00fcharib\u0259nin yenid\u0259n ba\u015flaya bil\u0259c\u0259yi bar\u0259d\u0259 \u015fayi\u0259l\u0259r s\u0259sl\u0259ndirilm\u0259y\u0259\u00a0ba\u015flay\u0131b. \u0130stifad\u0259\u00e7il\u0259r buna s\u0259b\u0259b kimi erm\u0259nil\u0259rin revan\u015fist ideyas\u0131n\u0131 \u0259sas g\u0259tirir. \u0130nsanlar\u0131n m\u00f6vzu il\u0259 ba\u011fl\u0131 suallar\u0131na cavab tapmaq v\u0259 \u015fayi\u0259l\u0259rin n\u0259 q\u0259d\u0259r do\u011fru oldu\u011funu d\u0259qiql\u0259\u015fdirm\u0259k m\u0259qs\u0259dil\u0259 ehtiyatda olan polkovnik, sabiq briqada komandiri \u015eair Ramaldanova m\u00fcraci\u0259t etdik. ARANTV.AZ\u00a0 x\u0259b\u0259r verir ki, h\u0259rbi ekspert&hellip;","_links":{"self":[{"href":"https:\/\/arantv.az\/index.php?rest_route=\/wp\/v2\/posts\/304351"}],"collection":[{"href":"https:\/\/arantv.az\/index.php?rest_route=\/wp\/v2\/posts"}],"about":[{"href":"https:\/\/arantv.az\/index.php?rest_route=\/wp\/v2\/types\/post"}],"author":[{"embeddable":true,"href":"https:\/\/arantv.az\/index.php?rest_route=\/wp\/v2\/users\/2"}],"replies":[{"embeddable":true,"href":"https:\/\/arantv.az\/index.php?rest_route=%2Fwp%2Fv2%2Fcomments&post=304351"}],"version-history":[{"count":0,"href":"https:\/\/arantv.az\/index.php?rest_route=\/wp\/v2\/posts\/304351\/revisions"}],"wp:featuredmedia":[{"embeddable":true,"href":"https:\/\/arantv.az\/index.php?rest_route=\/wp\/v2\/media\/304352"}],"wp:attachment":[{"href":"https:\/\/arantv.az\/index.php?rest_route=%2Fwp%2Fv2%2Fmedia&parent=304351"}],"wp:term":[{"taxonomy":"category","embeddable":true,"href":"https:\/\/arantv.az\/index.php?rest_route=%2Fwp%2Fv2%2Fcategories&post=304351"},{"taxonomy":"post_tag","embeddable":true,"href":"https:\/\/arantv.az\/index.php?rest_route=%2Fwp%2Fv2%2Ftags&post=304351"}],"curies":[{"name":"wp","href":"https:\/\/api.w.org\/{rel}","templated":true}]}}