{"id":304359,"date":"2021-03-01T15:24:54","date_gmt":"2021-03-01T12:24:54","guid":{"rendered":"http:\/\/arantv.az\/?p=304359"},"modified":"2021-03-01T15:24:54","modified_gmt":"2021-03-01T12:24:54","slug":"millimizin-oyunu-qapali-olacaq","status":"publish","type":"post","link":"https:\/\/arantv.az\/?p=304359","title":{"rendered":"Millimizin oyunu qapal\u0131 olacaq"},"content":{"rendered":"<p>Futzal \u00fczr\u0259 Avropa \u00e7empionat\u0131n\u0131n se\u00e7m\u0259 qrup m\u0259rh\u0259l\u0259si \u00e7\u0259r\u00e7iv\u0259sind\u0259 ke\u00e7iril\u0259c\u0259k Az\u0259rbaycan \u2013 Moldova oyunu yen\u0259 qapal\u0131 \u015f\u0259raitd\u0259 ba\u015f tutacaq.<\/p>\n<div id=\"AdviadNativeVideo0\" class=\"AdviadNativeVideo\"><\/div>\n<p>Mart\u0131n 4-d\u0259\u00a0Bak\u0131 \u0130dman Saray\u0131nda ke\u00e7iril\u0259c\u0259k oyun COVID-19 pandemiyas\u0131 il\u0259 \u0259laq\u0259dar Nazirl\u0259r Kabineti yan\u0131nda operativ q\u0259rargah\u0131n t\u0259l\u0259b v\u0259 t\u00f6vsiy\u0259l\u0259ri, oyunun qapal\u0131 m\u0259kanda ke\u00e7iril\u0259c\u0259yi n\u0259z\u0259r\u0259 al\u0131naraq, azarke\u015fl\u0259r v\u0259 K\u0130V n\u00fcmay\u0259nd\u0259l\u0259ri \u00fc\u00e7\u00fcn qapal\u0131 t\u0259\u015fkil olunacaq.<\/p>\n<p>Qeyd ed\u0259k ki, bundan \u0259vv\u0259l millimizin yanvar\u0131n 29-da Slovakiya il\u0259 Bak\u0131da ke\u00e7irdiyi oyun da qapal\u0131 ke\u00e7irilmi\u015fdi.<\/p>\n","protected":false},"excerpt":{"rendered":"<p>Futzal \u00fczr\u0259 Avropa \u00e7empionat\u0131n\u0131n se\u00e7m\u0259 qrup m\u0259rh\u0259l\u0259si \u00e7\u0259r\u00e7iv\u0259sind\u0259 ke\u00e7iril\u0259c\u0259k Az\u0259rbaycan \u2013 Moldova oyunu yen\u0259 qapal\u0131 \u015f\u0259raitd\u0259 ba\u015f tutacaq. Mart\u0131n 4-d\u0259\u00a0Bak\u0131 \u0130dman Saray\u0131nda ke\u00e7iril\u0259c\u0259k oyun COVID-19 pandemiyas\u0131 il\u0259 \u0259laq\u0259dar Nazirl\u0259r Kabineti yan\u0131nda operativ q\u0259rargah\u0131n t\u0259l\u0259b v\u0259 t\u00f6vsiy\u0259l\u0259ri, oyunun qapal\u0131 m\u0259kanda ke\u00e7iril\u0259c\u0259yi n\u0259z\u0259r\u0259 al\u0131naraq, azarke\u015fl\u0259r v\u0259 K\u0130V n\u00fcmay\u0259nd\u0259l\u0259ri \u00fc\u00e7\u00fcn qapal\u0131 t\u0259\u015fkil olunacaq. Qeyd ed\u0259k ki, bundan \u0259vv\u0259l millimizin yanvar\u0131n 29-da Slovakiya il\u0259 Bak\u0131da ke\u00e7irdiyi oyun da qapal\u0131 ke\u00e7irilmi\u015fdi.<\/p>\n","protected":false},"author":2,"featured_media":304360,"comment_status":"closed","ping_status":"closed","sticky":false,"template":"","format":"standard","meta":{"om_disable_all_campaigns":false,"_monsterinsights_skip_tracking":false,"_monsterinsights_sitenote_active":false,"_monsterinsights_sitenote_note":"","_monsterinsights_sitenote_category":0},"categories":[6],"tags":[],"aioseo_notices":[],"gutentor_comment":0,"rttpg_featured_image_url":{"full":["https:\/\/arantv.az\/wp-content\/uploads\/2021\/03\/1611937502_38.jpg",620,465,false],"landscape":["https:\/\/arantv.az\/wp-content\/uploads\/2021\/03\/1611937502_38.jpg",620,465,false],"portraits":["https:\/\/arantv.az\/wp-content\/uploads\/2021\/03\/1611937502_38.jpg",620,465,false],"thumbnail":["https:\/\/arantv.az\/wp-content\/uploads\/2021\/03\/1611937502_38-150x150.jpg",150,150,true],"medium":["https:\/\/arantv.az\/wp-content\/uploads\/2021\/03\/1611937502_38-300x225.jpg",300,225,true],"large":["https:\/\/arantv.az\/wp-content\/uploads\/2021\/03\/1611937502_38.jpg",620,465,false],"1536x1536":["https:\/\/arantv.az\/wp-content\/uploads\/2021\/03\/1611937502_38.jpg",620,465,false],"2048x2048":["https:\/\/arantv.az\/wp-content\/uploads\/2021\/03\/1611937502_38.jpg",620,465,false],"post-thumbnail":["https:\/\/arantv.az\/wp-content\/uploads\/2021\/03\/1611937502_38-240x172.jpg",240,172,true],"advps-thumb-one":["https:\/\/arantv.az\/wp-content\/uploads\/2021\/03\/1611937502_38.jpg",620,465,false]},"rttpg_author":{"display_name":"V\u00fcsal Rafiqo\u011flu","author_link":"https:\/\/arantv.az\/?author=2"},"rttpg_comment":0,"rttpg_category":"<a href=\"https:\/\/arantv.az\/?cat=6\" rel=\"category\">\u0130dman<\/a>","rttpg_excerpt":"Futzal \u00fczr\u0259 Avropa \u00e7empionat\u0131n\u0131n se\u00e7m\u0259 qrup m\u0259rh\u0259l\u0259si \u00e7\u0259r\u00e7iv\u0259sind\u0259 ke\u00e7iril\u0259c\u0259k Az\u0259rbaycan \u2013 Moldova oyunu yen\u0259 qapal\u0131 \u015f\u0259raitd\u0259 ba\u015f tutacaq. Mart\u0131n 4-d\u0259\u00a0Bak\u0131 \u0130dman Saray\u0131nda ke\u00e7iril\u0259c\u0259k oyun COVID-19 pandemiyas\u0131 il\u0259 \u0259laq\u0259dar Nazirl\u0259r Kabineti yan\u0131nda operativ q\u0259rargah\u0131n t\u0259l\u0259b v\u0259 t\u00f6vsiy\u0259l\u0259ri, oyunun qapal\u0131 m\u0259kanda ke\u00e7iril\u0259c\u0259yi n\u0259z\u0259r\u0259 al\u0131naraq, azarke\u015fl\u0259r v\u0259 K\u0130V n\u00fcmay\u0259nd\u0259l\u0259ri \u00fc\u00e7\u00fcn qapal\u0131 t\u0259\u015fkil olunacaq. Qeyd ed\u0259k ki, bundan \u0259vv\u0259l&hellip;","_links":{"self":[{"href":"https:\/\/arantv.az\/index.php?rest_route=\/wp\/v2\/posts\/304359"}],"collection":[{"href":"https:\/\/arantv.az\/index.php?rest_route=\/wp\/v2\/posts"}],"about":[{"href":"https:\/\/arantv.az\/index.php?rest_route=\/wp\/v2\/types\/post"}],"author":[{"embeddable":true,"href":"https:\/\/arantv.az\/index.php?rest_route=\/wp\/v2\/users\/2"}],"replies":[{"embeddable":true,"href":"https:\/\/arantv.az\/index.php?rest_route=%2Fwp%2Fv2%2Fcomments&post=304359"}],"version-history":[{"count":0,"href":"https:\/\/arantv.az\/index.php?rest_route=\/wp\/v2\/posts\/304359\/revisions"}],"wp:featuredmedia":[{"embeddable":true,"href":"https:\/\/arantv.az\/index.php?rest_route=\/wp\/v2\/media\/304360"}],"wp:attachment":[{"href":"https:\/\/arantv.az\/index.php?rest_route=%2Fwp%2Fv2%2Fmedia&parent=304359"}],"wp:term":[{"taxonomy":"category","embeddable":true,"href":"https:\/\/arantv.az\/index.php?rest_route=%2Fwp%2Fv2%2Fcategories&post=304359"},{"taxonomy":"post_tag","embeddable":true,"href":"https:\/\/arantv.az\/index.php?rest_route=%2Fwp%2Fv2%2Ftags&post=304359"}],"curies":[{"name":"wp","href":"https:\/\/api.w.org\/{rel}","templated":true}]}}