{"id":304363,"date":"2021-03-01T15:40:05","date_gmt":"2021-03-01T12:40:05","guid":{"rendered":"http:\/\/arantv.az\/?p=304363"},"modified":"2021-03-01T15:40:05","modified_gmt":"2021-03-01T12:40:05","slug":"turkiy%c9%99-mediasi-prezident-ilham-%c9%99liyev-dord-saatdan-artiq-zamanda-jurnalistl%c9%99rin-suallarini-cavablandirib","status":"publish","type":"post","link":"https:\/\/arantv.az\/?p=304363","title":{"rendered":"T\u00fcrkiy\u0259 medias\u0131: Prezident \u0130lham \u018fliyev d\u00f6rd saatdan art\u0131q zamanda jurnalistl\u0259rin suallar\u0131n\u0131 cavabland\u0131r\u0131b"},"content":{"rendered":"<p>Az\u0259rbaycan Prezidenti \u0130lham \u018fliyevin fevral\u0131n 26-da yerli v\u0259 xarici media n\u00fcmay\u0259nd\u0259l\u0259ri \u00fc\u00e7\u00fcn ke\u00e7irdiyi m\u0259tbuat konfrans\u0131 T\u00fcrkiy\u0259 k\u00fctl\u0259vi informasiya vasit\u0259l\u0259ri t\u0259r\u0259find\u0259n geni\u015f i\u015f\u0131qland\u0131r\u0131l\u0131b.<\/p>\n<p><strong>ARANTV.AZ<\/strong>\u00a0 x\u0259b\u0259r verir ki, m\u0259tbuat t\u00fcrkdilli ictimaiyy\u0259t\u0259 bununla ba\u011fl\u0131 m\u0259lumat \u00e7atd\u0131r\u0131b. Bildirilib ki, d\u00f6rd saatdan \u00e7ox davam ed\u0259n m\u0259tbuat konfrans\u0131nda 35 media m\u0259nsubunun 50-y\u0259 yax\u0131n sual\u0131n\u0131 cavabland\u0131ran Prezident \u0130lham \u018fliyev Xocal\u0131 soyq\u0131r\u0131m\u0131, Qaraba\u011f m\u00fcharib\u0259si, Erm\u0259nistandak\u0131 v\u0259ziyy\u0259t, Az\u0259rbaycan-T\u00fcrkiy\u0259 m\u00fcnasib\u0259tl\u0259ri kimi m\u00fch\u00fcm m\u0259s\u0259l\u0259l\u0259r\u0259 ayd\u0131nl\u0131q g\u0259tirib.<\/p>\n<div id=\"AdviadNativeVideo0\" class=\"AdviadNativeVideo\"><\/div>\n<p>Anadolu v\u0259 \u0130HA x\u0259b\u0259r agentlikl\u0259ri, \u201cTRT Haber\u201d, \u201cHaber T\u00fcrk\u201d, \u201cA Haber\u201d, NTV telekanallar\u0131, \u201cYeni \u015eafak\u201d, \u201cH\u00fcrriyet\u201d, \u201cPosta\u201d, \u201cMilliyet\u201d v\u0259 dig\u0259r q\u0259zetl\u0259rd\u0259 yer alan informasiyalar videomaterial v\u0259 orijinal fotolarla t\u0259qdim olunub.<\/p>\n<p>M\u0259lumatlar \u201cAz\u0259rbaycan Prezidenti \u018fliyev: Az\u0259rbaycanda t\u00fcrk ordusunun ki\u00e7ik modelini quraca\u011f\u0131q\u201d, \u201c\u018fliyevd\u0259n ordumuza b\u00f6y\u00fck qiym\u0259t: Az\u0259rbaycanda t\u00fcrk ordusunun ki\u00e7ik modelini quraca\u011f\u0131q\u201d, \u201cAz\u0259rbaycan Prezidenti \u018fliyevd\u0259n Erm\u0259nistandak\u0131 h\u0259rbi \u00e7evrili\u015f c\u0259hdi haqq\u0131nda a\u00e7\u0131qlama!\u201d, \u201cAz\u0259rbaycan Prezidenti \u0130lham \u018fliyev: T\u00fcrk ordusu bizim \u00fc\u00e7\u00fcn \u0259n m\u0259qbul modeldir\u201d, \u201c\u018frdo\u011fan v\u0259 \u018fliyevd\u0259n Erm\u0259nistana mesaj\u201d, \u201cAz\u0259rbaycan Prezidenti \u018fliyevd\u0259n m\u00fch\u00fcm a\u00e7\u0131qlamalar\u201d v\u0259 sair s\u0259rl\u00f6vh\u0259l\u0259rl\u0259 yay\u0131l\u0131b.<\/p>\n<div class=\"gallery\">\n<div class=\"gallery-i\"><img src=\"https:\/\/cdn.oxu.az\/uploads\/W1siZiIsIjIwMjEvMDMvMDEvMTUvNDkvMjMvZTQ2MjliNDctN2EwYy00ODBmLWJhNWQtYmI3NTQyZTZlNTYzL3A5LmpwZyJdLFsicCIsImVuY29kZSIsImpwZyIsIi1xdWFsaXR5IDgwIl0sWyJwIiwidGh1bWIiLCI1OTB4NTkwXHUwMDNlIl1d?sha=f4fc029ebac914a2\" alt=\"\" \/><\/p>\n<div class=\"gallery-i-caption\"><\/div>\n<\/div>\n<div class=\"gallery-i\"><img src=\"https:\/\/cdn.oxu.az\/uploads\/W1siZiIsIjIwMjEvMDMvMDEvMTUvNDkvMjMvNGI2OWQwZTUtMzViOC00OGZlLWIyYmItMDI4OWFmNzIzMmQ1L3A4LmpwZyJdLFsicCIsImVuY29kZSIsImpwZyIsIi1xdWFsaXR5IDgwIl0sWyJwIiwidGh1bWIiLCI1OTB4NTkwXHUwMDNlIl1d?sha=6e1c2f1de9e56afb\" alt=\"\" \/><\/p>\n<div class=\"gallery-i-caption\"><\/div>\n<\/div>\n<div class=\"gallery-i\"><img src=\"https:\/\/cdn.oxu.az\/uploads\/W1siZiIsIjIwMjEvMDMvMDEvMTUvNDkvMjMvNzM0Mzg5ZDAtMDU0OS00NWEyLTllZTAtNGEzMTI4NGM0MTk3L3A3LmpwZyJdLFsicCIsImVuY29kZSIsImpwZyIsIi1xdWFsaXR5IDgwIl0sWyJwIiwidGh1bWIiLCI1OTB4NTkwXHUwMDNlIl1d?sha=09987eefd3ad4f97\" alt=\"\" \/><\/p>\n<div class=\"gallery-i-caption\"><\/div>\n<\/div>\n<div class=\"gallery-i\"><img src=\"https:\/\/cdn.oxu.az\/uploads\/W1siZiIsIjIwMjEvMDMvMDEvMTUvNDkvMjQvYmQxYTViMjAtNTMwNS00MTEwLWE3NmYtNTFmOWVkNTM2Mjg5L3A2LmpwZyJdLFsicCIsImVuY29kZSIsImpwZyIsIi1xdWFsaXR5IDgwIl0sWyJwIiwidGh1bWIiLCI1OTB4NTkwXHUwMDNlIl1d?sha=f2a35ae340f890e9\" alt=\"\" \/><\/p>\n<div class=\"gallery-i-caption\"><\/div>\n<\/div>\n<div class=\"gallery-i\"><img src=\"https:\/\/cdn.oxu.az\/uploads\/W1siZiIsIjIwMjEvMDMvMDEvMTUvNDkvMjQvMDk0ODhmYzgtOGI2NC00NzIzLThlZWQtNmYxMDMwYjgzNjYzL3A1LmpwZyJdLFsicCIsImVuY29kZSIsImpwZyIsIi1xdWFsaXR5IDgwIl0sWyJwIiwidGh1bWIiLCI1OTB4NTkwXHUwMDNlIl1d?sha=76aa94dfd4488b92\" alt=\"\" \/><\/p>\n<div class=\"gallery-i-caption\"><\/div>\n<\/div>\n<div class=\"gallery-i\"><img src=\"https:\/\/cdn.oxu.az\/uploads\/W1siZiIsIjIwMjEvMDMvMDEvMTUvNDkvMjQvNjk2NTZlMmMtMDYyYy00NDM2LTg1NzItNTRhZWI5YTcwYzA3L3A0LmpwZyJdLFsicCIsImVuY29kZSIsImpwZyIsIi1xdWFsaXR5IDgwIl0sWyJwIiwidGh1bWIiLCI1OTB4NTkwXHUwMDNlIl1d?sha=c1b5a077799d662a\" alt=\"\" \/><\/p>\n<div class=\"gallery-i-caption\"><\/div>\n<\/div>\n<div class=\"gallery-i\"><img src=\"https:\/\/cdn.oxu.az\/uploads\/W1siZiIsIjIwMjEvMDMvMDEvMTUvNDkvMjQvZmRlMTE2YjEtZDRlYy00NTBkLTk1OWItOWVhMjdhNTc1MGNhL3AzLmpwZyJdLFsicCIsImVuY29kZSIsImpwZyIsIi1xdWFsaXR5IDgwIl0sWyJwIiwidGh1bWIiLCI1OTB4NTkwXHUwMDNlIl1d?sha=26e29110194e8062\" alt=\"\" \/><\/p>\n<div class=\"gallery-i-caption\"><\/div>\n<\/div>\n<div class=\"gallery-i\"><img src=\"https:\/\/cdn.oxu.az\/uploads\/W1siZiIsIjIwMjEvMDMvMDEvMTUvNDkvMjUvMGRhOTk4NjUtYTA0ZS00YjNhLTkxZTAtN2Y3NjM5NTU4ZDNiL3AyLmpwZyJdLFsicCIsImVuY29kZSIsImpwZyIsIi1xdWFsaXR5IDgwIl0sWyJwIiwidGh1bWIiLCI1OTB4NTkwXHUwMDNlIl1d?sha=5acf92a7d5e06c9e\" alt=\"\" \/><\/div>\n<\/div>\n<div>AZ\u018fRTAC<\/div>\n","protected":false},"excerpt":{"rendered":"<p>Az\u0259rbaycan Prezidenti \u0130lham \u018fliyevin fevral\u0131n 26-da yerli v\u0259 xarici media n\u00fcmay\u0259nd\u0259l\u0259ri \u00fc\u00e7\u00fcn ke\u00e7irdiyi m\u0259tbuat konfrans\u0131 T\u00fcrkiy\u0259 k\u00fctl\u0259vi informasiya vasit\u0259l\u0259ri t\u0259r\u0259find\u0259n geni\u015f i\u015f\u0131qland\u0131r\u0131l\u0131b. ARANTV.AZ\u00a0 x\u0259b\u0259r verir ki, m\u0259tbuat t\u00fcrkdilli ictimaiyy\u0259t\u0259 bununla ba\u011fl\u0131 m\u0259lumat \u00e7atd\u0131r\u0131b. Bildirilib ki, d\u00f6rd saatdan \u00e7ox davam ed\u0259n m\u0259tbuat konfrans\u0131nda 35 media m\u0259nsubunun 50-y\u0259 yax\u0131n sual\u0131n\u0131 cavabland\u0131ran Prezident \u0130lham \u018fliyev Xocal\u0131 soyq\u0131r\u0131m\u0131, Qaraba\u011f m\u00fcharib\u0259si, Erm\u0259nistandak\u0131 v\u0259ziyy\u0259t, Az\u0259rbaycan-T\u00fcrkiy\u0259 m\u00fcnasib\u0259tl\u0259ri kimi m\u00fch\u00fcm m\u0259s\u0259l\u0259l\u0259r\u0259 ayd\u0131nl\u0131q g\u0259tirib. Anadolu v\u0259 \u0130HA x\u0259b\u0259r agentlikl\u0259ri, \u201cTRT Haber\u201d, \u201cHaber T\u00fcrk\u201d, \u201cA Haber\u201d, NTV telekanallar\u0131, \u201cYeni \u015eafak\u201d, \u201cH\u00fcrriyet\u201d, \u201cPosta\u201d, \u201cMilliyet\u201d v\u0259 dig\u0259r q\u0259zetl\u0259rd\u0259 yer alan informasiyalar videomaterial&hellip;<\/p>\n","protected":false},"author":2,"featured_media":304364,"comment_status":"closed","ping_status":"closed","sticky":false,"template":"","format":"standard","meta":{"om_disable_all_campaigns":false,"_monsterinsights_skip_tracking":false,"_monsterinsights_sitenote_active":false,"_monsterinsights_sitenote_note":"","_monsterinsights_sitenote_category":0},"categories":[4],"tags":[],"aioseo_notices":[],"gutentor_comment":0,"rttpg_featured_image_url":{"full":["https:\/\/arantv.az\/wp-content\/uploads\/2021\/03\/p1.jpg",587,465,false],"landscape":["https:\/\/arantv.az\/wp-content\/uploads\/2021\/03\/p1.jpg",587,465,false],"portraits":["https:\/\/arantv.az\/wp-content\/uploads\/2021\/03\/p1.jpg",587,465,false],"thumbnail":["https:\/\/arantv.az\/wp-content\/uploads\/2021\/03\/p1-150x150.jpg",150,150,true],"medium":["https:\/\/arantv.az\/wp-content\/uploads\/2021\/03\/p1-300x238.jpg",300,238,true],"large":["https:\/\/arantv.az\/wp-content\/uploads\/2021\/03\/p1.jpg",587,465,false],"1536x1536":["https:\/\/arantv.az\/wp-content\/uploads\/2021\/03\/p1.jpg",587,465,false],"2048x2048":["https:\/\/arantv.az\/wp-content\/uploads\/2021\/03\/p1.jpg",587,465,false],"post-thumbnail":["https:\/\/arantv.az\/wp-content\/uploads\/2021\/03\/p1-240x172.jpg",240,172,true],"advps-thumb-one":["https:\/\/arantv.az\/wp-content\/uploads\/2021\/03\/p1.jpg",587,465,false]},"rttpg_author":{"display_name":"V\u00fcsal Rafiqo\u011flu","author_link":"https:\/\/arantv.az\/?author=2"},"rttpg_comment":0,"rttpg_category":"<a href=\"https:\/\/arantv.az\/?cat=4\" rel=\"category\">Siyas\u0259t<\/a>","rttpg_excerpt":"Az\u0259rbaycan Prezidenti \u0130lham \u018fliyevin fevral\u0131n 26-da yerli v\u0259 xarici media n\u00fcmay\u0259nd\u0259l\u0259ri \u00fc\u00e7\u00fcn ke\u00e7irdiyi m\u0259tbuat konfrans\u0131 T\u00fcrkiy\u0259 k\u00fctl\u0259vi informasiya vasit\u0259l\u0259ri t\u0259r\u0259find\u0259n geni\u015f i\u015f\u0131qland\u0131r\u0131l\u0131b. ARANTV.AZ\u00a0 x\u0259b\u0259r verir ki, m\u0259tbuat t\u00fcrkdilli ictimaiyy\u0259t\u0259 bununla ba\u011fl\u0131 m\u0259lumat \u00e7atd\u0131r\u0131b. Bildirilib ki, d\u00f6rd saatdan \u00e7ox davam ed\u0259n m\u0259tbuat konfrans\u0131nda 35 media m\u0259nsubunun 50-y\u0259 yax\u0131n sual\u0131n\u0131 cavabland\u0131ran Prezident \u0130lham \u018fliyev Xocal\u0131 soyq\u0131r\u0131m\u0131, Qaraba\u011f&hellip;","_links":{"self":[{"href":"https:\/\/arantv.az\/index.php?rest_route=\/wp\/v2\/posts\/304363"}],"collection":[{"href":"https:\/\/arantv.az\/index.php?rest_route=\/wp\/v2\/posts"}],"about":[{"href":"https:\/\/arantv.az\/index.php?rest_route=\/wp\/v2\/types\/post"}],"author":[{"embeddable":true,"href":"https:\/\/arantv.az\/index.php?rest_route=\/wp\/v2\/users\/2"}],"replies":[{"embeddable":true,"href":"https:\/\/arantv.az\/index.php?rest_route=%2Fwp%2Fv2%2Fcomments&post=304363"}],"version-history":[{"count":0,"href":"https:\/\/arantv.az\/index.php?rest_route=\/wp\/v2\/posts\/304363\/revisions"}],"wp:featuredmedia":[{"embeddable":true,"href":"https:\/\/arantv.az\/index.php?rest_route=\/wp\/v2\/media\/304364"}],"wp:attachment":[{"href":"https:\/\/arantv.az\/index.php?rest_route=%2Fwp%2Fv2%2Fmedia&parent=304363"}],"wp:term":[{"taxonomy":"category","embeddable":true,"href":"https:\/\/arantv.az\/index.php?rest_route=%2Fwp%2Fv2%2Fcategories&post=304363"},{"taxonomy":"post_tag","embeddable":true,"href":"https:\/\/arantv.az\/index.php?rest_route=%2Fwp%2Fv2%2Ftags&post=304363"}],"curies":[{"name":"wp","href":"https:\/\/api.w.org\/{rel}","templated":true}]}}