{"id":304375,"date":"2021-03-01T15:45:26","date_gmt":"2021-03-01T12:45:26","guid":{"rendered":"http:\/\/arantv.az\/?p=304375"},"modified":"2021-03-01T15:45:26","modified_gmt":"2021-03-01T12:45:26","slug":"banu-verilisind%c9%99-toyu-yayimlanan-b%c9%99y-s%c9%99hid-oldu-video","status":"publish","type":"post","link":"https:\/\/arantv.az\/?p=304375","title":{"rendered":"&#8220;Banu&#8221; verili\u015find\u0259 toyu yay\u0131mlanan b\u0259y \u015e\u018fH\u0130D OLDU &#8211; V\u0130DEO"},"content":{"rendered":"<p>&#8220;Space&#8221; televiziyas\u0131n\u0131n layih\u0259si olan &#8220;Banu&#8221; verili\u015find\u0259 toyu yay\u0131mlanan Beyl\u0259qan rayon K\u0259birli k\u0259nd sakini Q\u0259hraman Rzayev, V\u0259t\u0259n m\u00fcharib\u0259sind\u0259 q\u0259hr\u0259mancas\u0131na \u015f\u0259hidlik zirv\u0259sin\u0259 ucal\u0131b.<\/p>\n<p><strong>ARANTV.AZ\u00a0<\/strong>\u00a0<a title=\"en son xeberler 2021\" href=\"https:\/\/sonxeber.az\/\" target=\"_blank\" rel=\"noopener\">Sonxeber.az<\/a>-a istinad\u0259n\u00a0<a title=\"xeberler son xeberler 2021\" href=\"https:\/\/big.az\/\" target=\"_blank\" rel=\"noopener\">x\u0259b\u0259r<\/a>\u00a0verir ki , bu bar\u0259d\u0259 sosial \u015f\u0259b\u0259k\u0259l\u0259rd\u0259 m\u0259lumat yay\u0131l\u0131b.<\/p>\n<div id=\"AdviadNativeVideo0\" class=\"AdviadNativeVideo\"><\/div>\n<p>S\u00f6z\u00fcged\u0259n videonu t\u0259qdim edirik:<\/p>\n<div class=\"embed-responsive embed-responsive-16by9\"><iframe loading=\"lazy\" id=\"nmqembedid\" class=\"embed-responsive-item\" title=\"video player\" src=\"https:\/\/izle.az\/embed\/S0uyNTezNDExMDQzNzAyMzIxAQA~\" width=\"600\" height=\"340\" frameborder=\"0\" scrolling=\"no\" allowfullscreen=\"allowfullscreen\" data-mce-fragment=\"1\"><\/iframe><\/div>\n","protected":false},"excerpt":{"rendered":"<p>&#8220;Space&#8221; televiziyas\u0131n\u0131n layih\u0259si olan &#8220;Banu&#8221; verili\u015find\u0259 toyu yay\u0131mlanan Beyl\u0259qan rayon K\u0259birli k\u0259nd sakini Q\u0259hraman Rzayev, V\u0259t\u0259n m\u00fcharib\u0259sind\u0259 q\u0259hr\u0259mancas\u0131na \u015f\u0259hidlik zirv\u0259sin\u0259 ucal\u0131b. ARANTV.AZ\u00a0\u00a0Sonxeber.az-a istinad\u0259n\u00a0x\u0259b\u0259r\u00a0verir ki , bu bar\u0259d\u0259 sosial \u015f\u0259b\u0259k\u0259l\u0259rd\u0259 m\u0259lumat yay\u0131l\u0131b. S\u00f6z\u00fcged\u0259n videonu t\u0259qdim edirik:<\/p>\n","protected":false},"author":2,"featured_media":304377,"comment_status":"closed","ping_status":"closed","sticky":false,"template":"","format":"standard","meta":{"om_disable_all_campaigns":false,"_monsterinsights_skip_tracking":false,"_monsterinsights_sitenote_active":false,"_monsterinsights_sitenote_note":"","_monsterinsights_sitenote_category":0},"categories":[26],"tags":[],"aioseo_notices":[],"gutentor_comment":0,"rttpg_featured_image_url":{"full":["https:\/\/arantv.az\/wp-content\/uploads\/2021\/03\/bey.png",482,309,false],"landscape":["https:\/\/arantv.az\/wp-content\/uploads\/2021\/03\/bey.png",482,309,false],"portraits":["https:\/\/arantv.az\/wp-content\/uploads\/2021\/03\/bey.png",482,309,false],"thumbnail":["https:\/\/arantv.az\/wp-content\/uploads\/2021\/03\/bey-150x150.png",150,150,true],"medium":["https:\/\/arantv.az\/wp-content\/uploads\/2021\/03\/bey-300x192.png",300,192,true],"large":["https:\/\/arantv.az\/wp-content\/uploads\/2021\/03\/bey.png",482,309,false],"1536x1536":["https:\/\/arantv.az\/wp-content\/uploads\/2021\/03\/bey.png",482,309,false],"2048x2048":["https:\/\/arantv.az\/wp-content\/uploads\/2021\/03\/bey.png",482,309,false],"post-thumbnail":["https:\/\/arantv.az\/wp-content\/uploads\/2021\/03\/bey-240x172.png",240,172,true],"advps-thumb-one":["https:\/\/arantv.az\/wp-content\/uploads\/2021\/03\/bey.png",482,309,false]},"rttpg_author":{"display_name":"V\u00fcsal Rafiqo\u011flu","author_link":"https:\/\/arantv.az\/?author=2"},"rttpg_comment":0,"rttpg_category":"<a href=\"https:\/\/arantv.az\/?cat=26\" rel=\"category\">Sosial<\/a>","rttpg_excerpt":"&#8220;Space&#8221; televiziyas\u0131n\u0131n layih\u0259si olan &#8220;Banu&#8221; verili\u015find\u0259 toyu yay\u0131mlanan Beyl\u0259qan rayon K\u0259birli k\u0259nd sakini Q\u0259hraman Rzayev, V\u0259t\u0259n m\u00fcharib\u0259sind\u0259 q\u0259hr\u0259mancas\u0131na \u015f\u0259hidlik zirv\u0259sin\u0259 ucal\u0131b. ARANTV.AZ\u00a0\u00a0Sonxeber.az-a istinad\u0259n\u00a0x\u0259b\u0259r\u00a0verir ki , bu bar\u0259d\u0259 sosial \u015f\u0259b\u0259k\u0259l\u0259rd\u0259 m\u0259lumat yay\u0131l\u0131b. S\u00f6z\u00fcged\u0259n videonu t\u0259qdim edirik:","_links":{"self":[{"href":"https:\/\/arantv.az\/index.php?rest_route=\/wp\/v2\/posts\/304375"}],"collection":[{"href":"https:\/\/arantv.az\/index.php?rest_route=\/wp\/v2\/posts"}],"about":[{"href":"https:\/\/arantv.az\/index.php?rest_route=\/wp\/v2\/types\/post"}],"author":[{"embeddable":true,"href":"https:\/\/arantv.az\/index.php?rest_route=\/wp\/v2\/users\/2"}],"replies":[{"embeddable":true,"href":"https:\/\/arantv.az\/index.php?rest_route=%2Fwp%2Fv2%2Fcomments&post=304375"}],"version-history":[{"count":0,"href":"https:\/\/arantv.az\/index.php?rest_route=\/wp\/v2\/posts\/304375\/revisions"}],"wp:featuredmedia":[{"embeddable":true,"href":"https:\/\/arantv.az\/index.php?rest_route=\/wp\/v2\/media\/304377"}],"wp:attachment":[{"href":"https:\/\/arantv.az\/index.php?rest_route=%2Fwp%2Fv2%2Fmedia&parent=304375"}],"wp:term":[{"taxonomy":"category","embeddable":true,"href":"https:\/\/arantv.az\/index.php?rest_route=%2Fwp%2Fv2%2Fcategories&post=304375"},{"taxonomy":"post_tag","embeddable":true,"href":"https:\/\/arantv.az\/index.php?rest_route=%2Fwp%2Fv2%2Ftags&post=304375"}],"curies":[{"name":"wp","href":"https:\/\/api.w.org\/{rel}","templated":true}]}}