{"id":304380,"date":"2021-03-01T15:46:26","date_gmt":"2021-03-01T12:46:26","guid":{"rendered":"http:\/\/arantv.az\/?p=304380"},"modified":"2021-03-01T15:46:26","modified_gmt":"2021-03-01T12:46:26","slug":"prezidentin-m%c9%99tbuat-konfransi-az%c9%99rbaycanin-informasiya-muharib%c9%99sind%c9%99-novb%c9%99ti-q%c9%99l%c9%99b%c9%99si-idi-deputat","status":"publish","type":"post","link":"https:\/\/arantv.az\/?p=304380","title":{"rendered":"&#8220;Prezidentin m\u0259tbuat konfrans\u0131 Az\u0259rbaycan\u0131n informasiya m\u00fcharib\u0259sind\u0259 n\u00f6vb\u0259ti q\u0259l\u0259b\u0259si idi&#8221; &#8211; Deputat"},"content":{"rendered":"<blockquote><p><strong><em>Prezident \u0130lham \u018fliyev fevral\u0131n 26-da beyn\u0259lxalq media n\u00fcmay\u0259nd\u0259l\u0259ri \u00fc\u00e7\u00fcn ke\u00e7irdiyi m\u0259tbuat konfrans\u0131 il\u0259 d\u00fcnyaya daha bir n\u00fcmun\u0259 g\u00f6st\u0259rdi v\u0259 daha bir ilk\u0259 imza atd\u0131.<\/em><\/strong><\/p><\/blockquote>\n<p><strong>ARANTV.AZ<\/strong> bildirir ki, bunu\u00a0<a href=\"https:\/\/az.trend.az\/\" target=\"_blank\" rel=\"noopener\">Trend<\/a>-\u0259 Milli M\u0259clisin deputat\u0131 Sevinc H\u00fcseynova deyib.<\/p>\n<p><img src=\"https:\/\/img.milli.az\/2021\/03\/01\/926841_000.jpg\" alt=\"\" \/><\/p>\n<p>Deputat bildirib ki, Prezident \u0130lham \u018fliyev real situasiyan\u0131 xarici media n\u00fcmay\u0259nd\u0259l\u0259rin\u0259 ayd\u0131n \u015f\u0259kild\u0259 izah etdi, onlar\u0131 maraqland\u0131ran suallara tam ayd\u0131nl\u0131q g\u0259tirdi v\u0259 \u00f6lk\u0259mizin q\u0259ti m\u00f6vqeyini ortaya qoydu:<\/p>\n<p>&#8220;C\u0259nab Pezident \u0130lham \u018fliyev h\u0259mi\u015f\u0259 oldu\u011fu kimi y\u00fcks\u0259k natiqlik, pe\u015f\u0259karl\u0131q v\u0259 s\u0259brl\u0259 b\u00fct\u00fcn suallar\u0131 m\u00fcf\u0259ss\u0259l \u015f\u0259kild\u0259, real faktlara \u0259saslanaraq cavabland\u0131rd\u0131. Bildiyiniz kimi m\u0259tbuat konfrans\u0131 4 saat davam etdi v\u0259 c\u0259nab Prezident b\u00fct\u00fcn suallara \u0259trafl\u0131 cavab verdi.<\/p>\n<p>M\u0259tbuat konfrans\u0131n\u0131n Xocal\u0131 soyq\u0131r\u0131m\u0131 g\u00fcn\u00fcn\u0259 t\u0259yin edilm\u0259si is\u0259 x\u00fcsusi \u00f6n\u0259m k\u0259sb edirdi. Xarici media n\u00fcmay\u0259nd\u0259l\u0259rinin h\u0259min g\u00fcn Bak\u0131da olmas\u0131 v\u0259 xalq\u0131m\u0131z\u0131n bu soyq\u0131r\u0131m\u0131 d\u0259rin h\u00fcznl\u0259 qeyd etdiyini \u00f6z g\u00f6zl\u0259ri il\u0259 g\u00f6rm\u0259l\u0259ri erm\u0259ni vandalizminin, v\u0259h\u015filiyinin d\u00fcnya ictimaiyy\u0259tin\u0259 \u00e7atd\u0131r\u0131lmas\u0131 bax\u0131m\u0131ndan m\u00fch\u00fcm \u0259h\u0259miyy\u0259t k\u0259sb edirdi.<\/p>\n<p>C\u0259nab Prezident eyni zamanda bu m\u0259tbuat konfrans\u0131 zaman\u0131 erm\u0259nil\u0259r\u0259 v\u0259 onlar\u0131n havadarlar\u0131na ciddi mesajlar verdi v\u0259 Erm\u0259nistanda revan\u015fist iddialar s\u0259sl\u0259ndir\u0259n q\u00fcvv\u0259l\u0259r\u0259 \u00f6z yerl\u0259rini g\u00f6st\u0259rdi&#8221;.<\/p>\n<p>Deputat bu m\u0259tbuat konfrans\u0131n\u0131n Az\u0259rbaycan\u0131n siyasi m\u0259kanda, x\u00fcsusil\u0259 informasiya m\u00fcharib\u0259sind\u0259 n\u00f6vb\u0259ti \u015fanl\u0131 q\u0259l\u0259b\u0259si oldu\u011funu vur\u011fulay\u0131b: &#8220;C\u0259nab Prezident eyni zamanda m\u0259tbuat konfrans\u0131nda q\u0259r\u0259zli suallar verm\u0259y\u0259 c\u0259hd ed\u0259n jurnalistl\u0259r\u0259 d\u0259 lazmi \u015f\u0259kild\u0259 cavab verdi, onlar\u0131n suallar\u0131n\u0131n he\u00e7 bir \u0259sas\u0131 olmad\u0131\u011f\u0131n\u0131 ayd\u0131n \u015f\u0259kild\u0259 izah ed\u0259r\u0259k onlara d\u0259rs verdi. Az\u0259rbaycan d\u00f6y\u00fc\u015f meydan\u0131nda q\u0259l\u0259b\u0259ni siyasi meydanda, informasiya m\u00fcharib\u0259sind\u0259 d\u0259 davam etdirir v\u0259 c\u0259nab Prezident bu q\u0259l\u0259b\u0259l\u0259rimiz\u0259 r\u0259hb\u0259rlik edir&#8221;.<\/p>\n","protected":false},"excerpt":{"rendered":"<p>Prezident \u0130lham \u018fliyev fevral\u0131n 26-da beyn\u0259lxalq media n\u00fcmay\u0259nd\u0259l\u0259ri \u00fc\u00e7\u00fcn ke\u00e7irdiyi m\u0259tbuat konfrans\u0131 il\u0259 d\u00fcnyaya daha bir n\u00fcmun\u0259 g\u00f6st\u0259rdi v\u0259 daha bir ilk\u0259 imza atd\u0131. ARANTV.AZ bildirir ki, bunu\u00a0Trend-\u0259 Milli M\u0259clisin deputat\u0131 Sevinc H\u00fcseynova deyib. Deputat bildirib ki, Prezident \u0130lham \u018fliyev real situasiyan\u0131 xarici media n\u00fcmay\u0259nd\u0259l\u0259rin\u0259 ayd\u0131n \u015f\u0259kild\u0259 izah etdi, onlar\u0131 maraqland\u0131ran suallara tam ayd\u0131nl\u0131q g\u0259tirdi v\u0259 \u00f6lk\u0259mizin q\u0259ti m\u00f6vqeyini ortaya qoydu: &#8220;C\u0259nab Pezident \u0130lham \u018fliyev h\u0259mi\u015f\u0259 oldu\u011fu kimi y\u00fcks\u0259k natiqlik, pe\u015f\u0259karl\u0131q v\u0259 s\u0259brl\u0259 b\u00fct\u00fcn suallar\u0131 m\u00fcf\u0259ss\u0259l \u015f\u0259kild\u0259, real faktlara \u0259saslanaraq cavabland\u0131rd\u0131. Bildiyiniz kimi m\u0259tbuat konfrans\u0131 4 saat davam etdi v\u0259&hellip;<\/p>\n","protected":false},"author":2,"featured_media":304381,"comment_status":"closed","ping_status":"closed","sticky":false,"template":"","format":"standard","meta":{"om_disable_all_campaigns":false,"_monsterinsights_skip_tracking":false,"_monsterinsights_sitenote_active":false,"_monsterinsights_sitenote_note":"","_monsterinsights_sitenote_category":0},"categories":[4],"tags":[],"aioseo_notices":[],"gutentor_comment":0,"rttpg_featured_image_url":{"full":["https:\/\/arantv.az\/wp-content\/uploads\/2021\/03\/925984-1.jpg",800,600,false],"landscape":["https:\/\/arantv.az\/wp-content\/uploads\/2021\/03\/925984-1.jpg",800,600,false],"portraits":["https:\/\/arantv.az\/wp-content\/uploads\/2021\/03\/925984-1.jpg",800,600,false],"thumbnail":["https:\/\/arantv.az\/wp-content\/uploads\/2021\/03\/925984-1-150x150.jpg",150,150,true],"medium":["https:\/\/arantv.az\/wp-content\/uploads\/2021\/03\/925984-1-300x225.jpg",300,225,true],"large":["https:\/\/arantv.az\/wp-content\/uploads\/2021\/03\/925984-1.jpg",640,480,false],"1536x1536":["https:\/\/arantv.az\/wp-content\/uploads\/2021\/03\/925984-1.jpg",800,600,false],"2048x2048":["https:\/\/arantv.az\/wp-content\/uploads\/2021\/03\/925984-1.jpg",800,600,false],"post-thumbnail":["https:\/\/arantv.az\/wp-content\/uploads\/2021\/03\/925984-1-240x172.jpg",240,172,true],"advps-thumb-one":["https:\/\/arantv.az\/wp-content\/uploads\/2021\/03\/925984-1.jpg",800,600,false]},"rttpg_author":{"display_name":"V\u00fcsal Rafiqo\u011flu","author_link":"https:\/\/arantv.az\/?author=2"},"rttpg_comment":0,"rttpg_category":"<a href=\"https:\/\/arantv.az\/?cat=4\" rel=\"category\">Siyas\u0259t<\/a>","rttpg_excerpt":"Prezident \u0130lham \u018fliyev fevral\u0131n 26-da beyn\u0259lxalq media n\u00fcmay\u0259nd\u0259l\u0259ri \u00fc\u00e7\u00fcn ke\u00e7irdiyi m\u0259tbuat konfrans\u0131 il\u0259 d\u00fcnyaya daha bir n\u00fcmun\u0259 g\u00f6st\u0259rdi v\u0259 daha bir ilk\u0259 imza atd\u0131. ARANTV.AZ bildirir ki, bunu\u00a0Trend-\u0259 Milli M\u0259clisin deputat\u0131 Sevinc H\u00fcseynova deyib. Deputat bildirib ki, Prezident \u0130lham \u018fliyev real situasiyan\u0131 xarici media n\u00fcmay\u0259nd\u0259l\u0259rin\u0259 ayd\u0131n \u015f\u0259kild\u0259 izah etdi, onlar\u0131 maraqland\u0131ran suallara tam ayd\u0131nl\u0131q g\u0259tirdi&hellip;","_links":{"self":[{"href":"https:\/\/arantv.az\/index.php?rest_route=\/wp\/v2\/posts\/304380"}],"collection":[{"href":"https:\/\/arantv.az\/index.php?rest_route=\/wp\/v2\/posts"}],"about":[{"href":"https:\/\/arantv.az\/index.php?rest_route=\/wp\/v2\/types\/post"}],"author":[{"embeddable":true,"href":"https:\/\/arantv.az\/index.php?rest_route=\/wp\/v2\/users\/2"}],"replies":[{"embeddable":true,"href":"https:\/\/arantv.az\/index.php?rest_route=%2Fwp%2Fv2%2Fcomments&post=304380"}],"version-history":[{"count":0,"href":"https:\/\/arantv.az\/index.php?rest_route=\/wp\/v2\/posts\/304380\/revisions"}],"wp:featuredmedia":[{"embeddable":true,"href":"https:\/\/arantv.az\/index.php?rest_route=\/wp\/v2\/media\/304381"}],"wp:attachment":[{"href":"https:\/\/arantv.az\/index.php?rest_route=%2Fwp%2Fv2%2Fmedia&parent=304380"}],"wp:term":[{"taxonomy":"category","embeddable":true,"href":"https:\/\/arantv.az\/index.php?rest_route=%2Fwp%2Fv2%2Fcategories&post=304380"},{"taxonomy":"post_tag","embeddable":true,"href":"https:\/\/arantv.az\/index.php?rest_route=%2Fwp%2Fv2%2Ftags&post=304380"}],"curies":[{"name":"wp","href":"https:\/\/api.w.org\/{rel}","templated":true}]}}