{"id":304388,"date":"2021-03-01T15:49:28","date_gmt":"2021-03-01T12:49:28","guid":{"rendered":"http:\/\/arantv.az\/?p=304388"},"modified":"2021-03-01T15:49:28","modified_gmt":"2021-03-01T12:49:28","slug":"turkiy%c9%99y%c9%99-daxil-olmaq-ist%c9%99y%c9%99n-5-pkk-ci-saxlanildi","status":"publish","type":"post","link":"https:\/\/arantv.az\/?p=304388","title":{"rendered":"T\u00fcrkiy\u0259y\u0259 daxil olmaq ist\u0259y\u0259n 5 PKK-\u00e7\u0131 saxlan\u0131ld\u0131"},"content":{"rendered":"<p>\u015eanl\u0131urfa v\u0259 Mardinin Suriya il\u0259 h\u0259ms\u0259rh\u0259d vilay\u0259tl\u0259rind\u0259 5 PKK terror\u00e7usu daxil olmaqla d\u00f6vl\u0259t s\u0259rh\u0259dini pozan 9 \u015f\u0259xs saxlan\u0131l\u0131b.<\/p>\n<p><strong>ARANTV.AZ<\/strong>\u00a0 qafqazinfo-ya istinad\u0259n x\u0259b\u0259r verir ki,\u00a0bu bar\u0259d\u0259 T\u00fcrkiy\u0259 Milli M\u00fcdafi\u0259 Nazirliyi m\u0259lumat yay\u0131b.<\/p>\n<p>Cinay\u0259tkarlar \u015eanl\u0131urfan\u0131n Ceylanp\u0131nar b\u00f6lg\u0259si v\u0259 Mardinin K\u0131z\u0131ltepe b\u00f6lg\u0259sind\u0259ki s\u0259rh\u0259dd\u0259n qanunsuz yollarla T\u00fcrkiy\u0259 \u0259razisin\u0259 girm\u0259y\u0259 \u00e7al\u0131\u015f\u0131blar.<\/p>\n<p>Qeyd ed\u0259k ki, AB\u015e v\u0259 Avropa Birliyi PKK-n\u0131 terror t\u0259\u015fkilatlar\u0131 siyah\u0131s\u0131na daxil edib.<\/p>\n<p>Suriyada PKK terror\u00e7ular\u0131 PYD v\u0259 YPG adlar\u0131n\u0131n arxas\u0131nda gizl\u0259nir v\u0259 son ill\u0259rd\u0259 \u00f6zl\u0259rini &#8220;Suriya Demokratik Q\u00fcvv\u0259l\u0259ri&#8221; adland\u0131r\u0131rlar. \u0130randa is\u0259 PKK, PJAK ad\u0131 alt\u0131nda f\u0259aliyy\u0259t g\u00f6st\u0259rir.<\/p>\n","protected":false},"excerpt":{"rendered":"<p>\u015eanl\u0131urfa v\u0259 Mardinin Suriya il\u0259 h\u0259ms\u0259rh\u0259d vilay\u0259tl\u0259rind\u0259 5 PKK terror\u00e7usu daxil olmaqla d\u00f6vl\u0259t s\u0259rh\u0259dini pozan 9 \u015f\u0259xs saxlan\u0131l\u0131b. ARANTV.AZ\u00a0 qafqazinfo-ya istinad\u0259n x\u0259b\u0259r verir ki,\u00a0bu bar\u0259d\u0259 T\u00fcrkiy\u0259 Milli M\u00fcdafi\u0259 Nazirliyi m\u0259lumat yay\u0131b. Cinay\u0259tkarlar \u015eanl\u0131urfan\u0131n Ceylanp\u0131nar b\u00f6lg\u0259si v\u0259 Mardinin K\u0131z\u0131ltepe b\u00f6lg\u0259sind\u0259ki s\u0259rh\u0259dd\u0259n qanunsuz yollarla T\u00fcrkiy\u0259 \u0259razisin\u0259 girm\u0259y\u0259 \u00e7al\u0131\u015f\u0131blar. Qeyd ed\u0259k ki, AB\u015e v\u0259 Avropa Birliyi PKK-n\u0131 terror t\u0259\u015fkilatlar\u0131 siyah\u0131s\u0131na daxil edib. Suriyada PKK terror\u00e7ular\u0131 PYD v\u0259 YPG adlar\u0131n\u0131n arxas\u0131nda gizl\u0259nir v\u0259 son ill\u0259rd\u0259 \u00f6zl\u0259rini &#8220;Suriya Demokratik Q\u00fcvv\u0259l\u0259ri&#8221; adland\u0131r\u0131rlar. \u0130randa is\u0259 PKK, PJAK ad\u0131 alt\u0131nda f\u0259aliyy\u0259t g\u00f6st\u0259rir.<\/p>\n","protected":false},"author":2,"featured_media":304389,"comment_status":"closed","ping_status":"closed","sticky":false,"template":"","format":"standard","meta":{"om_disable_all_campaigns":false,"_monsterinsights_skip_tracking":false,"_monsterinsights_sitenote_active":false,"_monsterinsights_sitenote_note":"","_monsterinsights_sitenote_category":0},"categories":[7],"tags":[],"aioseo_notices":[],"gutentor_comment":0,"rttpg_featured_image_url":{"full":["https:\/\/arantv.az\/wp-content\/uploads\/2021\/03\/926902.jpg",800,600,false],"landscape":["https:\/\/arantv.az\/wp-content\/uploads\/2021\/03\/926902.jpg",800,600,false],"portraits":["https:\/\/arantv.az\/wp-content\/uploads\/2021\/03\/926902.jpg",800,600,false],"thumbnail":["https:\/\/arantv.az\/wp-content\/uploads\/2021\/03\/926902-150x150.jpg",150,150,true],"medium":["https:\/\/arantv.az\/wp-content\/uploads\/2021\/03\/926902-300x225.jpg",300,225,true],"large":["https:\/\/arantv.az\/wp-content\/uploads\/2021\/03\/926902.jpg",640,480,false],"1536x1536":["https:\/\/arantv.az\/wp-content\/uploads\/2021\/03\/926902.jpg",800,600,false],"2048x2048":["https:\/\/arantv.az\/wp-content\/uploads\/2021\/03\/926902.jpg",800,600,false],"post-thumbnail":["https:\/\/arantv.az\/wp-content\/uploads\/2021\/03\/926902-240x172.jpg",240,172,true],"advps-thumb-one":["https:\/\/arantv.az\/wp-content\/uploads\/2021\/03\/926902.jpg",800,600,false]},"rttpg_author":{"display_name":"V\u00fcsal Rafiqo\u011flu","author_link":"https:\/\/arantv.az\/?author=2"},"rttpg_comment":0,"rttpg_category":"<a href=\"https:\/\/arantv.az\/?cat=7\" rel=\"category\">D\u00fcnya<\/a>","rttpg_excerpt":"\u015eanl\u0131urfa v\u0259 Mardinin Suriya il\u0259 h\u0259ms\u0259rh\u0259d vilay\u0259tl\u0259rind\u0259 5 PKK terror\u00e7usu daxil olmaqla d\u00f6vl\u0259t s\u0259rh\u0259dini pozan 9 \u015f\u0259xs saxlan\u0131l\u0131b. ARANTV.AZ\u00a0 qafqazinfo-ya istinad\u0259n x\u0259b\u0259r verir ki,\u00a0bu bar\u0259d\u0259 T\u00fcrkiy\u0259 Milli M\u00fcdafi\u0259 Nazirliyi m\u0259lumat yay\u0131b. Cinay\u0259tkarlar \u015eanl\u0131urfan\u0131n Ceylanp\u0131nar b\u00f6lg\u0259si v\u0259 Mardinin K\u0131z\u0131ltepe b\u00f6lg\u0259sind\u0259ki s\u0259rh\u0259dd\u0259n qanunsuz yollarla T\u00fcrkiy\u0259 \u0259razisin\u0259 girm\u0259y\u0259 \u00e7al\u0131\u015f\u0131blar. Qeyd ed\u0259k ki, AB\u015e v\u0259 Avropa Birliyi PKK-n\u0131 terror&hellip;","_links":{"self":[{"href":"https:\/\/arantv.az\/index.php?rest_route=\/wp\/v2\/posts\/304388"}],"collection":[{"href":"https:\/\/arantv.az\/index.php?rest_route=\/wp\/v2\/posts"}],"about":[{"href":"https:\/\/arantv.az\/index.php?rest_route=\/wp\/v2\/types\/post"}],"author":[{"embeddable":true,"href":"https:\/\/arantv.az\/index.php?rest_route=\/wp\/v2\/users\/2"}],"replies":[{"embeddable":true,"href":"https:\/\/arantv.az\/index.php?rest_route=%2Fwp%2Fv2%2Fcomments&post=304388"}],"version-history":[{"count":0,"href":"https:\/\/arantv.az\/index.php?rest_route=\/wp\/v2\/posts\/304388\/revisions"}],"wp:featuredmedia":[{"embeddable":true,"href":"https:\/\/arantv.az\/index.php?rest_route=\/wp\/v2\/media\/304389"}],"wp:attachment":[{"href":"https:\/\/arantv.az\/index.php?rest_route=%2Fwp%2Fv2%2Fmedia&parent=304388"}],"wp:term":[{"taxonomy":"category","embeddable":true,"href":"https:\/\/arantv.az\/index.php?rest_route=%2Fwp%2Fv2%2Fcategories&post=304388"},{"taxonomy":"post_tag","embeddable":true,"href":"https:\/\/arantv.az\/index.php?rest_route=%2Fwp%2Fv2%2Ftags&post=304388"}],"curies":[{"name":"wp","href":"https:\/\/api.w.org\/{rel}","templated":true}]}}