{"id":304449,"date":"2021-03-01T16:24:34","date_gmt":"2021-03-01T13:24:34","guid":{"rendered":"http:\/\/arantv.az\/?p=304449"},"modified":"2021-03-01T16:24:34","modified_gmt":"2021-03-01T13:24:34","slug":"apelyasiya-sikay%c9%99tl%c9%99rinin-sayi-azalib","status":"publish","type":"post","link":"https:\/\/arantv.az\/?p=304449","title":{"rendered":"Apelyasiya \u015fikay\u0259tl\u0259rinin say\u0131 azal\u0131b"},"content":{"rendered":"<p>Son ill\u0259r h\u0259yata ke\u00e7iril\u0259n qanunvericilik v\u0259 institusional t\u0259dbirl\u0259r m\u0259hk\u0259m\u0259l\u0259rin m\u00fclki sah\u0259d\u0259 i\u015f y\u00fck\u00fcn\u00fcn xeyli azalmas\u0131na t\u0259sir edib.<\/p>\n<p>Bu bar\u0259d\u0259 M\u0259hk\u0259m\u0259-H\u00fcquq \u015euras\u0131n\u0131n n\u00f6vb\u0259ti iclas\u0131nda m\u0259lumat verilib.<\/p>\n<div id=\"AdviadNativeVideo0\" class=\"AdviadNativeVideo\"><\/div>\n<p>M\u0259lumatda qeyd olunub ki, g\u00f6r\u00fcl\u0259n t\u0259dbirl\u0259r i\u015fl\u0259rin daha \u00e7evik v\u0259 keyfiyy\u0259tl\u0259 bax\u0131lmas\u0131n\u0131 \u015f\u0259rtl\u0259ndirir:<\/p>\n<p>\u201cBel\u0259 ki, \u00f6t\u0259n il birinci instansiya m\u0259hk\u0259m\u0259l\u0259rinin m\u00fclki i\u015fl\u0259r \u00fczr\u0259 yekun q\u0259rarlar\u0131n\u0131n dem\u0259k olar ki, 80 faizi il\u0259 t\u0259r\u0259fl\u0259r raz\u0131la\u015f\u0131b, ba\u015fqa s\u00f6zl\u0259, h\u0259min i\u015fl\u0259rd\u0259n apelyasiya \u015fikay\u0259ti verilm\u0259yib. \u00dcmumiyy\u0259tl\u0259, birinci instansiya m\u0259hk\u0259m\u0259l\u0259rinin m\u00fclki i\u015fl\u0259r \u00fczr\u0259 yekun q\u0259rarlar\u0131n\u0131n 95 %-i, h\u00f6kml\u0259rin is\u0259 91,3 %-i d\u0259yi\u015fdirilm\u0259y\u0259r\u0259k sabit qal\u0131b\u201d.<\/p>\n","protected":false},"excerpt":{"rendered":"<p>Son ill\u0259r h\u0259yata ke\u00e7iril\u0259n qanunvericilik v\u0259 institusional t\u0259dbirl\u0259r m\u0259hk\u0259m\u0259l\u0259rin m\u00fclki sah\u0259d\u0259 i\u015f y\u00fck\u00fcn\u00fcn xeyli azalmas\u0131na t\u0259sir edib. Bu bar\u0259d\u0259 M\u0259hk\u0259m\u0259-H\u00fcquq \u015euras\u0131n\u0131n n\u00f6vb\u0259ti iclas\u0131nda m\u0259lumat verilib. M\u0259lumatda qeyd olunub ki, g\u00f6r\u00fcl\u0259n t\u0259dbirl\u0259r i\u015fl\u0259rin daha \u00e7evik v\u0259 keyfiyy\u0259tl\u0259 bax\u0131lmas\u0131n\u0131 \u015f\u0259rtl\u0259ndirir: \u201cBel\u0259 ki, \u00f6t\u0259n il birinci instansiya m\u0259hk\u0259m\u0259l\u0259rinin m\u00fclki i\u015fl\u0259r \u00fczr\u0259 yekun q\u0259rarlar\u0131n\u0131n dem\u0259k olar ki, 80 faizi il\u0259 t\u0259r\u0259fl\u0259r raz\u0131la\u015f\u0131b, ba\u015fqa s\u00f6zl\u0259, h\u0259min i\u015fl\u0259rd\u0259n apelyasiya \u015fikay\u0259ti verilm\u0259yib. \u00dcmumiyy\u0259tl\u0259, birinci instansiya m\u0259hk\u0259m\u0259l\u0259rinin m\u00fclki i\u015fl\u0259r \u00fczr\u0259 yekun q\u0259rarlar\u0131n\u0131n 95 %-i, h\u00f6kml\u0259rin is\u0259 91,3 %-i d\u0259yi\u015fdirilm\u0259y\u0259r\u0259k sabit qal\u0131b\u201d.<\/p>\n","protected":false},"author":2,"featured_media":304450,"comment_status":"closed","ping_status":"closed","sticky":false,"template":"","format":"standard","meta":{"om_disable_all_campaigns":false,"_monsterinsights_skip_tracking":false,"_monsterinsights_sitenote_active":false,"_monsterinsights_sitenote_note":"","_monsterinsights_sitenote_category":0},"categories":[26],"tags":[],"aioseo_notices":[],"gutentor_comment":0,"rttpg_featured_image_url":{"full":["https:\/\/arantv.az\/wp-content\/uploads\/2021\/03\/hakim.jpg",620,348,false],"landscape":["https:\/\/arantv.az\/wp-content\/uploads\/2021\/03\/hakim.jpg",620,348,false],"portraits":["https:\/\/arantv.az\/wp-content\/uploads\/2021\/03\/hakim.jpg",620,348,false],"thumbnail":["https:\/\/arantv.az\/wp-content\/uploads\/2021\/03\/hakim-150x150.jpg",150,150,true],"medium":["https:\/\/arantv.az\/wp-content\/uploads\/2021\/03\/hakim-300x168.jpg",300,168,true],"large":["https:\/\/arantv.az\/wp-content\/uploads\/2021\/03\/hakim.jpg",620,348,false],"1536x1536":["https:\/\/arantv.az\/wp-content\/uploads\/2021\/03\/hakim.jpg",620,348,false],"2048x2048":["https:\/\/arantv.az\/wp-content\/uploads\/2021\/03\/hakim.jpg",620,348,false],"post-thumbnail":["https:\/\/arantv.az\/wp-content\/uploads\/2021\/03\/hakim-240x172.jpg",240,172,true],"advps-thumb-one":["https:\/\/arantv.az\/wp-content\/uploads\/2021\/03\/hakim.jpg",620,348,false]},"rttpg_author":{"display_name":"V\u00fcsal Rafiqo\u011flu","author_link":"https:\/\/arantv.az\/?author=2"},"rttpg_comment":0,"rttpg_category":"<a href=\"https:\/\/arantv.az\/?cat=26\" rel=\"category\">Sosial<\/a>","rttpg_excerpt":"Son ill\u0259r h\u0259yata ke\u00e7iril\u0259n qanunvericilik v\u0259 institusional t\u0259dbirl\u0259r m\u0259hk\u0259m\u0259l\u0259rin m\u00fclki sah\u0259d\u0259 i\u015f y\u00fck\u00fcn\u00fcn xeyli azalmas\u0131na t\u0259sir edib. Bu bar\u0259d\u0259 M\u0259hk\u0259m\u0259-H\u00fcquq \u015euras\u0131n\u0131n n\u00f6vb\u0259ti iclas\u0131nda m\u0259lumat verilib. M\u0259lumatda qeyd olunub ki, g\u00f6r\u00fcl\u0259n t\u0259dbirl\u0259r i\u015fl\u0259rin daha \u00e7evik v\u0259 keyfiyy\u0259tl\u0259 bax\u0131lmas\u0131n\u0131 \u015f\u0259rtl\u0259ndirir: \u201cBel\u0259 ki, \u00f6t\u0259n il birinci instansiya m\u0259hk\u0259m\u0259l\u0259rinin m\u00fclki i\u015fl\u0259r \u00fczr\u0259 yekun q\u0259rarlar\u0131n\u0131n dem\u0259k olar ki, 80 faizi&hellip;","_links":{"self":[{"href":"https:\/\/arantv.az\/index.php?rest_route=\/wp\/v2\/posts\/304449"}],"collection":[{"href":"https:\/\/arantv.az\/index.php?rest_route=\/wp\/v2\/posts"}],"about":[{"href":"https:\/\/arantv.az\/index.php?rest_route=\/wp\/v2\/types\/post"}],"author":[{"embeddable":true,"href":"https:\/\/arantv.az\/index.php?rest_route=\/wp\/v2\/users\/2"}],"replies":[{"embeddable":true,"href":"https:\/\/arantv.az\/index.php?rest_route=%2Fwp%2Fv2%2Fcomments&post=304449"}],"version-history":[{"count":0,"href":"https:\/\/arantv.az\/index.php?rest_route=\/wp\/v2\/posts\/304449\/revisions"}],"wp:featuredmedia":[{"embeddable":true,"href":"https:\/\/arantv.az\/index.php?rest_route=\/wp\/v2\/media\/304450"}],"wp:attachment":[{"href":"https:\/\/arantv.az\/index.php?rest_route=%2Fwp%2Fv2%2Fmedia&parent=304449"}],"wp:term":[{"taxonomy":"category","embeddable":true,"href":"https:\/\/arantv.az\/index.php?rest_route=%2Fwp%2Fv2%2Fcategories&post=304449"},{"taxonomy":"post_tag","embeddable":true,"href":"https:\/\/arantv.az\/index.php?rest_route=%2Fwp%2Fv2%2Ftags&post=304449"}],"curies":[{"name":"wp","href":"https:\/\/api.w.org\/{rel}","templated":true}]}}