{"id":30449,"date":"2019-01-03T10:03:55","date_gmt":"2019-01-03T07:03:55","guid":{"rendered":"http:\/\/arantv.az\/?p=30449"},"modified":"2019-01-03T10:03:55","modified_gmt":"2019-01-03T07:03:55","slug":"20-yanvar-faci%c9%99sinin-ildonumu-il%c9%99-bagli-t%c9%99dbirl%c9%99r-plani-t%c9%99sdiql%c9%99ndi","status":"publish","type":"post","link":"https:\/\/arantv.az\/?p=30449","title":{"rendered":"20 Yanvar faci\u0259sinin ild\u00f6n\u00fcm\u00fc il\u0259 ba\u011fl\u0131 t\u0259dbirl\u0259r plan\u0131 t\u0259sdiql\u0259ndi"},"content":{"rendered":"<p>Az\u0259rbaycan Prezidenti Administrasiyas\u0131n\u0131n r\u0259hb\u0259ri\u00a0<strong>Ramiz Mehdiyev<\/strong>in s\u0259r\u0259ncam\u0131 il\u0259 \u201c20 Yanvar faci\u0259sinin iyirmi doqquzuncu ild\u00f6n\u00fcm\u00fcn\u00fcn ke\u00e7irilm\u0259si il\u0259 ba\u011fl\u0131 t\u0259dbirl\u0259r plan\u0131\u201d t\u0259sdiq edilib.<\/p>\n<p><strong>ARANTV.AZ<\/strong>-\u0131n m\u0259lumat\u0131na g\u00f6r\u0259, s\u0259n\u0259d\u0259 \u0259sas\u0259n, respublikan\u0131n \u015f\u0259h\u0259r v\u0259 rayonlar\u0131nda, idar\u0259 v\u0259 t\u0259\u015fkilatlarda 20 Yanvar hadis\u0259l\u0259rinin mahiyy\u0259tini \u0259ks etdir\u0259n konfrans, toplant\u0131 v\u0259 m\u00fchazir\u0259l\u0259rin t\u0259\u015fkili, 20 Yanvar g\u00fcn\u00fcn\u00fcn Az\u0259rbaycan\u0131n suverenliyi, istiqlaliyy\u0259ti v\u0259 \u0259razi b\u00fct\u00f6vl\u00fcy\u00fc u\u011frunda m\u00fcbariz\u0259 r\u0259mzi kimi qeyd olunmas\u0131 il\u0259 ba\u011fl\u0131 t\u0259dbirl\u0259rin ke\u00e7irilm\u0259si, m\u0259d\u0259niyy\u0259t ocaqlar\u0131nda faci\u0259y\u0259 h\u0259sr olunmu\u015f tama\u015falar\u0131n, b\u0259dii v\u0259 s\u0259n\u0259dli filml\u0259rin n\u00fcmayi\u015f etdirilm\u0259si n\u0259z\u0259rd\u0259 tutulur.<\/p>\n<p>H\u0259m\u00e7inin, d\u00fcnya ictimaiyy\u0259tinin diqq\u0259tini bu faci\u0259y\u0259 y\u00f6n\u0259ltm\u0259k m\u0259qs\u0259dil\u0259 Az\u0259rbaycan\u0131n xarici \u00f6lk\u0259l\u0259rd\u0259ki diplomatik n\u00fcmay\u0259nd\u0259likl\u0259ri v\u0259 icmalar\u0131 vasit\u0259sil\u0259 m\u00fcvafiq t\u0259dbirl\u0259rin ke\u00e7irilm\u0259si, d\u00fcnyan\u0131n apar\u0131c\u0131 k\u00fctl\u0259vi informasiya vasit\u0259l\u0259rind\u0259, el\u0259c\u0259 d\u0259, televiziya kanallar\u0131nda v\u0259 internet \u015f\u0259b\u0259k\u0259l\u0259rind\u0259 20 Yanvar hadis\u0259l\u0259ri bar\u0259d\u0259 m\u00fcxt\u0259lif dill\u0259rd\u0259 materiallar\u0131n haz\u0131rlanmas\u0131 v\u0259 yay\u0131lmas\u0131n\u0131n t\u0259min olunmas\u0131 bar\u0259d\u0259 tap\u015f\u0131r\u0131qlar verilib.<\/p>\n<p>T\u0259dbirl\u0259r plan\u0131na \u0259sas\u0259n, respublikan\u0131n b\u00fct\u00fcn t\u0259dris m\u00fc\u0259ssis\u0259l\u0259rind\u0259 faci\u0259y\u0259 h\u0259sr edilmi\u015f x\u00fcsusi d\u0259rs ke\u00e7iril\u0259c\u0259k, 20 Yanvar hadis\u0259l\u0259ri zaman\u0131 \u015f\u0259hid olanlar\u0131n ail\u0259l\u0259rin\u0259 humanitar yard\u0131mlar g\u00f6st\u0259ril\u0259c\u0259k, \u015e\u0259hidl\u0259r xiyaban\u0131 \u0259razisind\u0259 laz\u0131mi i\u015fl\u0259r apar\u0131lacaq, faci\u0259 qurbanlar\u0131n\u0131n xatir\u0259sin\u0259 h\u0259sr olunan dini m\u0259rasiml\u0259r t\u0259\u015fkil edil\u0259c\u0259k.<\/p>\n<p>Bundan ba\u015fqa, s\u0259r\u0259ncamda paytaxt ictimaiyy\u0259tinin yanvar\u0131n 20-d\u0259 \u015e\u0259hidl\u0259r xiyaban\u0131na ziyar\u0259tinin t\u0259\u015fkili, saat 12:00-da b\u00fct\u00fcn \u00f6lk\u0259 \u0259razisind\u0259 \u015f\u0259hidl\u0259rin xatir\u0259sinin bir d\u0259qiq\u0259lik s\u00fckutla yad edilm\u0259si, respublikan\u0131n \u015f\u0259h\u0259r v\u0259 rayonlar\u0131nda, k\u0259nd v\u0259 q\u0259s\u0259b\u0259l\u0259rind\u0259 20 Yanvar faci\u0259sinin iyirmi doqquzuncu ild\u00f6n\u00fcm\u00fc il\u0259 \u0259laq\u0259dar h\u00fcz\u00fcn \u0259lam\u0259ti olaraq d\u00f6vl\u0259t bayraqlar\u0131n\u0131n endirilm\u0259si v\u0259 dig\u0259r t\u0259dbirl\u0259r planla\u015fd\u0131r\u0131l\u0131r.oxu.az<\/p>\n","protected":false},"excerpt":{"rendered":"<p>Az\u0259rbaycan Prezidenti Administrasiyas\u0131n\u0131n r\u0259hb\u0259ri\u00a0Ramiz Mehdiyevin s\u0259r\u0259ncam\u0131 il\u0259 \u201c20 Yanvar faci\u0259sinin iyirmi doqquzuncu ild\u00f6n\u00fcm\u00fcn\u00fcn ke\u00e7irilm\u0259si il\u0259 ba\u011fl\u0131 t\u0259dbirl\u0259r plan\u0131\u201d t\u0259sdiq edilib. ARANTV.AZ-\u0131n m\u0259lumat\u0131na g\u00f6r\u0259, s\u0259n\u0259d\u0259 \u0259sas\u0259n, respublikan\u0131n \u015f\u0259h\u0259r v\u0259 rayonlar\u0131nda, idar\u0259 v\u0259 t\u0259\u015fkilatlarda 20 Yanvar hadis\u0259l\u0259rinin mahiyy\u0259tini \u0259ks etdir\u0259n konfrans, toplant\u0131 v\u0259 m\u00fchazir\u0259l\u0259rin t\u0259\u015fkili, 20 Yanvar g\u00fcn\u00fcn\u00fcn Az\u0259rbaycan\u0131n suverenliyi, istiqlaliyy\u0259ti v\u0259 \u0259razi b\u00fct\u00f6vl\u00fcy\u00fc u\u011frunda m\u00fcbariz\u0259 r\u0259mzi kimi qeyd olunmas\u0131 il\u0259 ba\u011fl\u0131 t\u0259dbirl\u0259rin ke\u00e7irilm\u0259si, m\u0259d\u0259niyy\u0259t ocaqlar\u0131nda faci\u0259y\u0259 h\u0259sr olunmu\u015f tama\u015falar\u0131n, b\u0259dii v\u0259 s\u0259n\u0259dli filml\u0259rin n\u00fcmayi\u015f etdirilm\u0259si n\u0259z\u0259rd\u0259 tutulur. H\u0259m\u00e7inin, d\u00fcnya ictimaiyy\u0259tinin diqq\u0259tini bu faci\u0259y\u0259 y\u00f6n\u0259ltm\u0259k m\u0259qs\u0259dil\u0259 Az\u0259rbaycan\u0131n xarici \u00f6lk\u0259l\u0259rd\u0259ki diplomatik n\u00fcmay\u0259nd\u0259likl\u0259ri v\u0259&hellip;<\/p>\n","protected":false},"author":2,"featured_media":30450,"comment_status":"closed","ping_status":"closed","sticky":false,"template":"","format":"standard","meta":{"om_disable_all_campaigns":false,"_monsterinsights_skip_tracking":false,"_monsterinsights_sitenote_active":false,"_monsterinsights_sitenote_note":"","_monsterinsights_sitenote_category":0},"categories":[4],"tags":[],"aioseo_notices":[],"gutentor_comment":0,"rttpg_featured_image_url":{"full":["https:\/\/arantv.az\/wp-content\/uploads\/2019\/01\/yanvar.jpg",590,400,false],"landscape":["https:\/\/arantv.az\/wp-content\/uploads\/2019\/01\/yanvar.jpg",590,400,false],"portraits":["https:\/\/arantv.az\/wp-content\/uploads\/2019\/01\/yanvar.jpg",590,400,false],"thumbnail":["https:\/\/arantv.az\/wp-content\/uploads\/2019\/01\/yanvar-150x150.jpg",150,150,true],"medium":["https:\/\/arantv.az\/wp-content\/uploads\/2019\/01\/yanvar-300x203.jpg",300,203,true],"large":["https:\/\/arantv.az\/wp-content\/uploads\/2019\/01\/yanvar.jpg",590,400,false],"1536x1536":["https:\/\/arantv.az\/wp-content\/uploads\/2019\/01\/yanvar.jpg",590,400,false],"2048x2048":["https:\/\/arantv.az\/wp-content\/uploads\/2019\/01\/yanvar.jpg",590,400,false],"post-thumbnail":["https:\/\/arantv.az\/wp-content\/uploads\/2019\/01\/yanvar-240x172.jpg",240,172,true],"advps-thumb-one":["https:\/\/arantv.az\/wp-content\/uploads\/2019\/01\/yanvar.jpg",590,400,false]},"rttpg_author":{"display_name":"V\u00fcsal Rafiqo\u011flu","author_link":"https:\/\/arantv.az\/?author=2"},"rttpg_comment":0,"rttpg_category":"<a href=\"https:\/\/arantv.az\/?cat=4\" rel=\"category\">Siyas\u0259t<\/a>","rttpg_excerpt":"Az\u0259rbaycan Prezidenti Administrasiyas\u0131n\u0131n r\u0259hb\u0259ri\u00a0Ramiz Mehdiyevin s\u0259r\u0259ncam\u0131 il\u0259 \u201c20 Yanvar faci\u0259sinin iyirmi doqquzuncu ild\u00f6n\u00fcm\u00fcn\u00fcn ke\u00e7irilm\u0259si il\u0259 ba\u011fl\u0131 t\u0259dbirl\u0259r plan\u0131\u201d t\u0259sdiq edilib. ARANTV.AZ-\u0131n m\u0259lumat\u0131na g\u00f6r\u0259, s\u0259n\u0259d\u0259 \u0259sas\u0259n, respublikan\u0131n \u015f\u0259h\u0259r v\u0259 rayonlar\u0131nda, idar\u0259 v\u0259 t\u0259\u015fkilatlarda 20 Yanvar hadis\u0259l\u0259rinin mahiyy\u0259tini \u0259ks etdir\u0259n konfrans, toplant\u0131 v\u0259 m\u00fchazir\u0259l\u0259rin t\u0259\u015fkili, 20 Yanvar g\u00fcn\u00fcn\u00fcn Az\u0259rbaycan\u0131n suverenliyi, istiqlaliyy\u0259ti v\u0259 \u0259razi b\u00fct\u00f6vl\u00fcy\u00fc u\u011frunda m\u00fcbariz\u0259 r\u0259mzi&hellip;","_links":{"self":[{"href":"https:\/\/arantv.az\/index.php?rest_route=\/wp\/v2\/posts\/30449"}],"collection":[{"href":"https:\/\/arantv.az\/index.php?rest_route=\/wp\/v2\/posts"}],"about":[{"href":"https:\/\/arantv.az\/index.php?rest_route=\/wp\/v2\/types\/post"}],"author":[{"embeddable":true,"href":"https:\/\/arantv.az\/index.php?rest_route=\/wp\/v2\/users\/2"}],"replies":[{"embeddable":true,"href":"https:\/\/arantv.az\/index.php?rest_route=%2Fwp%2Fv2%2Fcomments&post=30449"}],"version-history":[{"count":0,"href":"https:\/\/arantv.az\/index.php?rest_route=\/wp\/v2\/posts\/30449\/revisions"}],"wp:featuredmedia":[{"embeddable":true,"href":"https:\/\/arantv.az\/index.php?rest_route=\/wp\/v2\/media\/30450"}],"wp:attachment":[{"href":"https:\/\/arantv.az\/index.php?rest_route=%2Fwp%2Fv2%2Fmedia&parent=30449"}],"wp:term":[{"taxonomy":"category","embeddable":true,"href":"https:\/\/arantv.az\/index.php?rest_route=%2Fwp%2Fv2%2Fcategories&post=30449"},{"taxonomy":"post_tag","embeddable":true,"href":"https:\/\/arantv.az\/index.php?rest_route=%2Fwp%2Fv2%2Ftags&post=30449"}],"curies":[{"name":"wp","href":"https:\/\/api.w.org\/{rel}","templated":true}]}}