{"id":30455,"date":"2019-01-03T10:07:34","date_gmt":"2019-01-03T07:07:34","guid":{"rendered":"http:\/\/arantv.az\/?p=30455"},"modified":"2019-01-03T10:07:34","modified_gmt":"2019-01-03T07:07:34","slug":"deputat-tanap-az%c9%99rbaycan-v%c9%99-turkiy%c9%99-h%c9%99mr%c9%99yliyinin-%c9%99yani-gost%c9%99ricisidir","status":"publish","type":"post","link":"https:\/\/arantv.az\/?p=30455","title":{"rendered":"Deputat: &#8220;TANAP Az\u0259rbaycan v\u0259 T\u00fcrkiy\u0259 h\u0259mr\u0259yliyinin \u0259yani g\u00f6st\u0259ricisidir&#8221;"},"content":{"rendered":"<blockquote><p><em><strong>Trans-Anadolu qaz boru k\u0259m\u0259ri (TANAP) layih\u0259sinin realla\u015fd\u0131r\u0131lmas\u0131 Az\u0259rbaycan v\u0259 T\u00fcrkiy\u0259 h\u0259mr\u0259yliyinin \u0259yani g\u00f6st\u0259ricisidir.<\/strong><\/em><\/p><\/blockquote>\n<p><strong>ARANTV.AZ<\/strong> trend-\u0259 istinad\u0259n x\u0259b\u0259r verir ki, bunu T\u00fcrkiy\u0259nin hakim \u018fdal\u0259t v\u0259 \u0130nki\u015faf Partiyas\u0131ndan olan deputat B\u00fclent Turan deyib.<\/p>\n<p>B.Turan TANAP-\u0131n, h\u0259m\u00e7inin enerji &#8220;\u0130p\u0259k Yolu&#8221; oldu\u011funu bildirib.<\/p>\n<div id=\"AdributorNativeVideo0\" class=\"AdributorNativeVideo\"><\/div>\n<p>Mill\u0259t v\u0259kili vur\u011fulay\u0131b ki, T\u00fcrkiy\u0259 v\u0259 Az\u0259rbaycan bu g\u00fcn bir \u00e7ox enerji layih\u0259l\u0259ri h\u0259yata ke\u00e7irir:<\/p>\n<p>&#8220;T\u00fcrkiy\u0259 v\u0259 Az\u0259rbaycan aras\u0131nda m\u00fcnasib\u0259tl\u0259r b\u00fct\u00fcn istiqam\u0259tl\u0259rd\u0259 inki\u015faf edir&#8221;.<\/p>\n","protected":false},"excerpt":{"rendered":"<p>Trans-Anadolu qaz boru k\u0259m\u0259ri (TANAP) layih\u0259sinin realla\u015fd\u0131r\u0131lmas\u0131 Az\u0259rbaycan v\u0259 T\u00fcrkiy\u0259 h\u0259mr\u0259yliyinin \u0259yani g\u00f6st\u0259ricisidir. ARANTV.AZ trend-\u0259 istinad\u0259n x\u0259b\u0259r verir ki, bunu T\u00fcrkiy\u0259nin hakim \u018fdal\u0259t v\u0259 \u0130nki\u015faf Partiyas\u0131ndan olan deputat B\u00fclent Turan deyib. B.Turan TANAP-\u0131n, h\u0259m\u00e7inin enerji &#8220;\u0130p\u0259k Yolu&#8221; oldu\u011funu bildirib. Mill\u0259t v\u0259kili vur\u011fulay\u0131b ki, T\u00fcrkiy\u0259 v\u0259 Az\u0259rbaycan bu g\u00fcn bir \u00e7ox enerji layih\u0259l\u0259ri h\u0259yata ke\u00e7irir: &#8220;T\u00fcrkiy\u0259 v\u0259 Az\u0259rbaycan aras\u0131nda m\u00fcnasib\u0259tl\u0259r b\u00fct\u00fcn istiqam\u0259tl\u0259rd\u0259 inki\u015faf edir&#8221;.<\/p>\n","protected":false},"author":2,"featured_media":30456,"comment_status":"closed","ping_status":"closed","sticky":false,"template":"","format":"standard","meta":{"om_disable_all_campaigns":false,"_monsterinsights_skip_tracking":false,"_monsterinsights_sitenote_active":false,"_monsterinsights_sitenote_note":"","_monsterinsights_sitenote_category":0},"categories":[19],"tags":[],"aioseo_notices":[],"gutentor_comment":0,"rttpg_featured_image_url":{"full":["https:\/\/arantv.az\/wp-content\/uploads\/2019\/01\/717891.jpg",600,450,false],"landscape":["https:\/\/arantv.az\/wp-content\/uploads\/2019\/01\/717891.jpg",600,450,false],"portraits":["https:\/\/arantv.az\/wp-content\/uploads\/2019\/01\/717891.jpg",600,450,false],"thumbnail":["https:\/\/arantv.az\/wp-content\/uploads\/2019\/01\/717891-150x150.jpg",150,150,true],"medium":["https:\/\/arantv.az\/wp-content\/uploads\/2019\/01\/717891-300x225.jpg",300,225,true],"large":["https:\/\/arantv.az\/wp-content\/uploads\/2019\/01\/717891.jpg",600,450,false],"1536x1536":["https:\/\/arantv.az\/wp-content\/uploads\/2019\/01\/717891.jpg",600,450,false],"2048x2048":["https:\/\/arantv.az\/wp-content\/uploads\/2019\/01\/717891.jpg",600,450,false],"post-thumbnail":["https:\/\/arantv.az\/wp-content\/uploads\/2019\/01\/717891-240x172.jpg",240,172,true],"advps-thumb-one":["https:\/\/arantv.az\/wp-content\/uploads\/2019\/01\/717891.jpg",600,450,false]},"rttpg_author":{"display_name":"V\u00fcsal Rafiqo\u011flu","author_link":"https:\/\/arantv.az\/?author=2"},"rttpg_comment":0,"rttpg_category":"<a href=\"https:\/\/arantv.az\/?cat=19\" rel=\"category\">G\u00fcnd\u0259m<\/a>","rttpg_excerpt":"Trans-Anadolu qaz boru k\u0259m\u0259ri (TANAP) layih\u0259sinin realla\u015fd\u0131r\u0131lmas\u0131 Az\u0259rbaycan v\u0259 T\u00fcrkiy\u0259 h\u0259mr\u0259yliyinin \u0259yani g\u00f6st\u0259ricisidir. ARANTV.AZ trend-\u0259 istinad\u0259n x\u0259b\u0259r verir ki, bunu T\u00fcrkiy\u0259nin hakim \u018fdal\u0259t v\u0259 \u0130nki\u015faf Partiyas\u0131ndan olan deputat B\u00fclent Turan deyib. B.Turan TANAP-\u0131n, h\u0259m\u00e7inin enerji &#8220;\u0130p\u0259k Yolu&#8221; oldu\u011funu bildirib. Mill\u0259t v\u0259kili vur\u011fulay\u0131b ki, T\u00fcrkiy\u0259 v\u0259 Az\u0259rbaycan bu g\u00fcn bir \u00e7ox enerji layih\u0259l\u0259ri h\u0259yata ke\u00e7irir: &#8220;T\u00fcrkiy\u0259&hellip;","_links":{"self":[{"href":"https:\/\/arantv.az\/index.php?rest_route=\/wp\/v2\/posts\/30455"}],"collection":[{"href":"https:\/\/arantv.az\/index.php?rest_route=\/wp\/v2\/posts"}],"about":[{"href":"https:\/\/arantv.az\/index.php?rest_route=\/wp\/v2\/types\/post"}],"author":[{"embeddable":true,"href":"https:\/\/arantv.az\/index.php?rest_route=\/wp\/v2\/users\/2"}],"replies":[{"embeddable":true,"href":"https:\/\/arantv.az\/index.php?rest_route=%2Fwp%2Fv2%2Fcomments&post=30455"}],"version-history":[{"count":0,"href":"https:\/\/arantv.az\/index.php?rest_route=\/wp\/v2\/posts\/30455\/revisions"}],"wp:featuredmedia":[{"embeddable":true,"href":"https:\/\/arantv.az\/index.php?rest_route=\/wp\/v2\/media\/30456"}],"wp:attachment":[{"href":"https:\/\/arantv.az\/index.php?rest_route=%2Fwp%2Fv2%2Fmedia&parent=30455"}],"wp:term":[{"taxonomy":"category","embeddable":true,"href":"https:\/\/arantv.az\/index.php?rest_route=%2Fwp%2Fv2%2Fcategories&post=30455"},{"taxonomy":"post_tag","embeddable":true,"href":"https:\/\/arantv.az\/index.php?rest_route=%2Fwp%2Fv2%2Ftags&post=30455"}],"curies":[{"name":"wp","href":"https:\/\/api.w.org\/{rel}","templated":true}]}}