{"id":304669,"date":"2021-03-02T09:10:53","date_gmt":"2021-03-02T06:10:53","guid":{"rendered":"http:\/\/arantv.az\/?p=304669"},"modified":"2021-03-02T09:10:53","modified_gmt":"2021-03-02T06:10:53","slug":"iyun-ayinda-biz-pandemiyani-tam-n%c9%99zar%c9%99t-altina-ala-bil%c9%99c%c9%99yik-az%c9%99rbaycanli-professor","status":"publish","type":"post","link":"https:\/\/arantv.az\/?p=304669","title":{"rendered":"\u0130yun ay\u0131nda biz pandemiyan\u0131 tam n\u0259zar\u0259t alt\u0131na ala bil\u0259c\u0259yik &#8211; Az\u0259rbaycanl\u0131 professor"},"content":{"rendered":"<p>\u201cYoluxma say\u0131 c\u00fczi qalx\u0131rsa karantin rejimini s\u0259rtl\u0259\u015fdirm\u0259k laz\u0131m deyil. Lakin \u0259g\u0259r yoluxma pik h\u0259dd\u0259 \u00e7atarsa, o zaman s\u0259rt karantin rejimi m\u00fctl\u0259qdir. Haz\u0131rk\u0131 situasiyada buna g\u0259r\u0259k duymuram\u201d.<\/p>\n<p>Bu s\u00f6zl\u0259ri \u201cYeni M\u00fcsavat\u201da dan\u0131\u015fan professor Adil Qeybulla bildirib.<\/p>\n<p>Onun s\u00f6zl\u0259rin\u0259 g\u00f6r\u0259, haz\u0131rk\u0131 \u015f\u0259rait\u0259 g\u00f6r\u0259 karantin rejiminin s\u0259rtl\u0259\u015fdirilm\u0259sini uy\u011fun deyil:<\/p>\n<p>\u201c\u0130ndi Avropada koronavirusun Britaniya \u015ftamm\u0131 geni\u015f \u015f\u0259kild\u0259 yay\u0131l\u0131r. Buna g\u00f6r\u0259 d\u0259 b\u0259zi \u00f6lk\u0259l\u0259rd\u0259 karantin rejimi s\u0259rtl\u0259\u015fdirilir. Az\u0259rbaycanda is\u0259 h\u0259l\u0259 ki bu \u015ftamm\u0131n yay\u0131lmas\u0131 m\u00fc\u015fahid\u0259 edilmir. \u018fg\u0259r yay\u0131larsa, m\u00f6vcud v\u0259ziyy\u0259t t\u0259hlil edilib, q\u0259rar q\u0259bul oluna bil\u0259r\u201d.<\/p>\n<p>Professor hesab edir ki, iyun ay\u0131na q\u0259d\u0259r biz pandemiyadan yaxa qurtara bil\u0259rik:<\/p>\n<p>\u201cHesab edir\u0259m ki, iyun ay\u0131nda biz pandemiyan\u0131 tam n\u0259zar\u0259t alt\u0131na ala bil\u0259c\u0259yik. \u00dcST d\u0259 bu y\u00f6nd\u0259 m\u00fcsb\u0259t a\u00e7\u0131qlamalar verir. Ona g\u00f6r\u0259 d\u0259 d\u00fc\u015f\u00fcnm\u00fcr\u0259m ki, bu ili d\u0259 \u00f6t\u0259n il oldu\u011fu kimi s\u0259rt karantin rejimind\u0259, qapal\u0131 v\u0259ziyy\u0259td\u0259 ke\u00e7ir\u0259k\u201d.<\/p>\n","protected":false},"excerpt":{"rendered":"<p>\u201cYoluxma say\u0131 c\u00fczi qalx\u0131rsa karantin rejimini s\u0259rtl\u0259\u015fdirm\u0259k laz\u0131m deyil. Lakin \u0259g\u0259r yoluxma pik h\u0259dd\u0259 \u00e7atarsa, o zaman s\u0259rt karantin rejimi m\u00fctl\u0259qdir. Haz\u0131rk\u0131 situasiyada buna g\u0259r\u0259k duymuram\u201d. Bu s\u00f6zl\u0259ri \u201cYeni M\u00fcsavat\u201da dan\u0131\u015fan professor Adil Qeybulla bildirib. Onun s\u00f6zl\u0259rin\u0259 g\u00f6r\u0259, haz\u0131rk\u0131 \u015f\u0259rait\u0259 g\u00f6r\u0259 karantin rejiminin s\u0259rtl\u0259\u015fdirilm\u0259sini uy\u011fun deyil: \u201c\u0130ndi Avropada koronavirusun Britaniya \u015ftamm\u0131 geni\u015f \u015f\u0259kild\u0259 yay\u0131l\u0131r. Buna g\u00f6r\u0259 d\u0259 b\u0259zi \u00f6lk\u0259l\u0259rd\u0259 karantin rejimi s\u0259rtl\u0259\u015fdirilir. Az\u0259rbaycanda is\u0259 h\u0259l\u0259 ki bu \u015ftamm\u0131n yay\u0131lmas\u0131 m\u00fc\u015fahid\u0259 edilmir. \u018fg\u0259r yay\u0131larsa, m\u00f6vcud v\u0259ziyy\u0259t t\u0259hlil edilib, q\u0259rar q\u0259bul oluna bil\u0259r\u201d. Professor hesab edir ki, iyun ay\u0131na q\u0259d\u0259r biz pandemiyadan&hellip;<\/p>\n","protected":false},"author":2,"featured_media":304670,"comment_status":"closed","ping_status":"closed","sticky":false,"template":"","format":"standard","meta":{"om_disable_all_campaigns":false,"_monsterinsights_skip_tracking":false,"_monsterinsights_sitenote_active":false,"_monsterinsights_sitenote_note":"","_monsterinsights_sitenote_category":0},"categories":[26],"tags":[],"aioseo_notices":[],"gutentor_comment":0,"rttpg_featured_image_url":{"full":["https:\/\/arantv.az\/wp-content\/uploads\/2021\/03\/1612772495_adilqeybullaes.jpg",800,450,false],"landscape":["https:\/\/arantv.az\/wp-content\/uploads\/2021\/03\/1612772495_adilqeybullaes.jpg",800,450,false],"portraits":["https:\/\/arantv.az\/wp-content\/uploads\/2021\/03\/1612772495_adilqeybullaes.jpg",800,450,false],"thumbnail":["https:\/\/arantv.az\/wp-content\/uploads\/2021\/03\/1612772495_adilqeybullaes-150x150.jpg",150,150,true],"medium":["https:\/\/arantv.az\/wp-content\/uploads\/2021\/03\/1612772495_adilqeybullaes-300x169.jpg",300,169,true],"large":["https:\/\/arantv.az\/wp-content\/uploads\/2021\/03\/1612772495_adilqeybullaes.jpg",640,360,false],"1536x1536":["https:\/\/arantv.az\/wp-content\/uploads\/2021\/03\/1612772495_adilqeybullaes.jpg",800,450,false],"2048x2048":["https:\/\/arantv.az\/wp-content\/uploads\/2021\/03\/1612772495_adilqeybullaes.jpg",800,450,false],"post-thumbnail":["https:\/\/arantv.az\/wp-content\/uploads\/2021\/03\/1612772495_adilqeybullaes-240x172.jpg",240,172,true],"advps-thumb-one":["https:\/\/arantv.az\/wp-content\/uploads\/2021\/03\/1612772495_adilqeybullaes.jpg",800,450,false]},"rttpg_author":{"display_name":"V\u00fcsal Rafiqo\u011flu","author_link":"https:\/\/arantv.az\/?author=2"},"rttpg_comment":0,"rttpg_category":"<a href=\"https:\/\/arantv.az\/?cat=26\" rel=\"category\">Sosial<\/a>","rttpg_excerpt":"\u201cYoluxma say\u0131 c\u00fczi qalx\u0131rsa karantin rejimini s\u0259rtl\u0259\u015fdirm\u0259k laz\u0131m deyil. Lakin \u0259g\u0259r yoluxma pik h\u0259dd\u0259 \u00e7atarsa, o zaman s\u0259rt karantin rejimi m\u00fctl\u0259qdir. Haz\u0131rk\u0131 situasiyada buna g\u0259r\u0259k duymuram\u201d. Bu s\u00f6zl\u0259ri \u201cYeni M\u00fcsavat\u201da dan\u0131\u015fan professor Adil Qeybulla bildirib. Onun s\u00f6zl\u0259rin\u0259 g\u00f6r\u0259, haz\u0131rk\u0131 \u015f\u0259rait\u0259 g\u00f6r\u0259 karantin rejiminin s\u0259rtl\u0259\u015fdirilm\u0259sini uy\u011fun deyil: \u201c\u0130ndi Avropada koronavirusun Britaniya \u015ftamm\u0131 geni\u015f \u015f\u0259kild\u0259 yay\u0131l\u0131r. Buna&hellip;","_links":{"self":[{"href":"https:\/\/arantv.az\/index.php?rest_route=\/wp\/v2\/posts\/304669"}],"collection":[{"href":"https:\/\/arantv.az\/index.php?rest_route=\/wp\/v2\/posts"}],"about":[{"href":"https:\/\/arantv.az\/index.php?rest_route=\/wp\/v2\/types\/post"}],"author":[{"embeddable":true,"href":"https:\/\/arantv.az\/index.php?rest_route=\/wp\/v2\/users\/2"}],"replies":[{"embeddable":true,"href":"https:\/\/arantv.az\/index.php?rest_route=%2Fwp%2Fv2%2Fcomments&post=304669"}],"version-history":[{"count":0,"href":"https:\/\/arantv.az\/index.php?rest_route=\/wp\/v2\/posts\/304669\/revisions"}],"wp:featuredmedia":[{"embeddable":true,"href":"https:\/\/arantv.az\/index.php?rest_route=\/wp\/v2\/media\/304670"}],"wp:attachment":[{"href":"https:\/\/arantv.az\/index.php?rest_route=%2Fwp%2Fv2%2Fmedia&parent=304669"}],"wp:term":[{"taxonomy":"category","embeddable":true,"href":"https:\/\/arantv.az\/index.php?rest_route=%2Fwp%2Fv2%2Fcategories&post=304669"},{"taxonomy":"post_tag","embeddable":true,"href":"https:\/\/arantv.az\/index.php?rest_route=%2Fwp%2Fv2%2Ftags&post=304669"}],"curies":[{"name":"wp","href":"https:\/\/api.w.org\/{rel}","templated":true}]}}