{"id":304681,"date":"2021-03-02T09:16:37","date_gmt":"2021-03-02T06:16:37","guid":{"rendered":"http:\/\/arantv.az\/?p=304681"},"modified":"2021-03-02T09:16:37","modified_gmt":"2021-03-02T06:16:37","slug":"pandemiya-insanin-t%c9%99bi%c9%99t%c9%99-mudaxil%c9%99sinin-n%c9%99-d%c9%99r%c9%99c%c9%99d%c9%99-t%c9%99hluk%c9%99li-oldugunu-gost%c9%99rdi","status":"publish","type":"post","link":"https:\/\/arantv.az\/?p=304681","title":{"rendered":"\u201cPandemiya insan\u0131n t\u0259bi\u0259t\u0259 m\u00fcdaxil\u0259sinin n\u0259 d\u0259r\u0259c\u0259d\u0259 t\u0259hl\u00fck\u0259li oldu\u011funu g\u00f6st\u0259rdi\u201d"},"content":{"rendered":"<blockquote><p><strong><em>Koronavirus pandemiyas\u0131 insan\u0131n t\u0259bi\u0259t\u0259 m\u00fcdaxil\u0259sinin n\u0259 d\u0259r\u0259c\u0259d\u0259 t\u0259hl\u00fck\u0259li oldu\u011funu g\u00f6st\u0259rdi.\u00a0<\/em><\/strong><\/p><\/blockquote>\n<p><strong>ARANTV.AZ<\/strong> APA-ya istinad\u0259n bildirir ki, bu bar\u0259d\u0259 Almaniya kansleri Angela Merkel Alman Federal \u018ftraf M\u00fchit Fondunun 30 illiyi m\u00fcnasib\u0259til\u0259 video m\u00fcraci\u0259tind\u0259 bildirib.<\/p>\n<p>Merkel qeyd edib ki, biom\u00fcxt\u0259lifliyin azalmas\u0131 v\u0259 insan\u0131n h\u0259ssas t\u0259bii m\u00fchit\u0259 n\u00fcfuz etm\u0259si patogenl\u0259rin yoluxma riskini art\u0131r\u0131r: &#8220;Koronavirus pandemiyas\u0131 insan\u0131n t\u0259bii m\u00fchitind\u0259n n\u0259 q\u0259d\u0259r as\u0131l\u0131 oldu\u011funu bir daha ortaya qoydu. Bu as\u0131l\u0131l\u0131qdan n\u0259tic\u0259 \u00e7\u0131xarma\u011f\u0131n vaxt\u0131d\u0131r&#8221;.<\/p>\n<p>Qeyd ed\u0259k ki, 1990-c\u0131 ild\u0259n f\u0259aliyy\u0259t g\u00f6st\u0259r\u0259n Alman Federal \u018ftraf M\u00fchit Fondu Avropan\u0131n \u0259n b\u00f6y\u00fck t\u0259bi\u0259ti m\u00fchafiz\u0259 t\u0259\u015fkilat\u0131 hesab olunur. Fond yarand\u0131\u011f\u0131 g\u00fcnd\u0259n b\u0259ri, t\u0259xmin\u0259n 1,9 milyard avro d\u0259y\u0259rind\u0259 10 mind\u0259n \u00e7ox layih\u0259ni d\u0259st\u0259kl\u0259yib. Haz\u0131rda fondun na\u011fd b\u00fcdc\u0259si 2,32 milyard avrodur.<\/p>\n","protected":false},"excerpt":{"rendered":"<p>Koronavirus pandemiyas\u0131 insan\u0131n t\u0259bi\u0259t\u0259 m\u00fcdaxil\u0259sinin n\u0259 d\u0259r\u0259c\u0259d\u0259 t\u0259hl\u00fck\u0259li oldu\u011funu g\u00f6st\u0259rdi.\u00a0 ARANTV.AZ APA-ya istinad\u0259n bildirir ki, bu bar\u0259d\u0259 Almaniya kansleri Angela Merkel Alman Federal \u018ftraf M\u00fchit Fondunun 30 illiyi m\u00fcnasib\u0259til\u0259 video m\u00fcraci\u0259tind\u0259 bildirib. Merkel qeyd edib ki, biom\u00fcxt\u0259lifliyin azalmas\u0131 v\u0259 insan\u0131n h\u0259ssas t\u0259bii m\u00fchit\u0259 n\u00fcfuz etm\u0259si patogenl\u0259rin yoluxma riskini art\u0131r\u0131r: &#8220;Koronavirus pandemiyas\u0131 insan\u0131n t\u0259bii m\u00fchitind\u0259n n\u0259 q\u0259d\u0259r as\u0131l\u0131 oldu\u011funu bir daha ortaya qoydu. Bu as\u0131l\u0131l\u0131qdan n\u0259tic\u0259 \u00e7\u0131xarma\u011f\u0131n vaxt\u0131d\u0131r&#8221;. Qeyd ed\u0259k ki, 1990-c\u0131 ild\u0259n f\u0259aliyy\u0259t g\u00f6st\u0259r\u0259n Alman Federal \u018ftraf M\u00fchit Fondu Avropan\u0131n \u0259n b\u00f6y\u00fck t\u0259bi\u0259ti m\u00fchafiz\u0259 t\u0259\u015fkilat\u0131 hesab olunur. Fond yarand\u0131\u011f\u0131 g\u00fcnd\u0259n&hellip;<\/p>\n","protected":false},"author":2,"featured_media":304682,"comment_status":"closed","ping_status":"closed","sticky":false,"template":"","format":"standard","meta":{"om_disable_all_campaigns":false,"_monsterinsights_skip_tracking":false,"_monsterinsights_sitenote_active":false,"_monsterinsights_sitenote_note":"","_monsterinsights_sitenote_category":0},"categories":[7],"tags":[],"aioseo_notices":[],"gutentor_comment":0,"rttpg_featured_image_url":{"full":["https:\/\/arantv.az\/wp-content\/uploads\/2021\/03\/angela_merkel_0541.jpg",800,600,false],"landscape":["https:\/\/arantv.az\/wp-content\/uploads\/2021\/03\/angela_merkel_0541.jpg",800,600,false],"portraits":["https:\/\/arantv.az\/wp-content\/uploads\/2021\/03\/angela_merkel_0541.jpg",800,600,false],"thumbnail":["https:\/\/arantv.az\/wp-content\/uploads\/2021\/03\/angela_merkel_0541-150x150.jpg",150,150,true],"medium":["https:\/\/arantv.az\/wp-content\/uploads\/2021\/03\/angela_merkel_0541-300x225.jpg",300,225,true],"large":["https:\/\/arantv.az\/wp-content\/uploads\/2021\/03\/angela_merkel_0541.jpg",640,480,false],"1536x1536":["https:\/\/arantv.az\/wp-content\/uploads\/2021\/03\/angela_merkel_0541.jpg",800,600,false],"2048x2048":["https:\/\/arantv.az\/wp-content\/uploads\/2021\/03\/angela_merkel_0541.jpg",800,600,false],"post-thumbnail":["https:\/\/arantv.az\/wp-content\/uploads\/2021\/03\/angela_merkel_0541-240x172.jpg",240,172,true],"advps-thumb-one":["https:\/\/arantv.az\/wp-content\/uploads\/2021\/03\/angela_merkel_0541.jpg",800,600,false]},"rttpg_author":{"display_name":"V\u00fcsal Rafiqo\u011flu","author_link":"https:\/\/arantv.az\/?author=2"},"rttpg_comment":0,"rttpg_category":"<a href=\"https:\/\/arantv.az\/?cat=7\" rel=\"category\">D\u00fcnya<\/a>","rttpg_excerpt":"Koronavirus pandemiyas\u0131 insan\u0131n t\u0259bi\u0259t\u0259 m\u00fcdaxil\u0259sinin n\u0259 d\u0259r\u0259c\u0259d\u0259 t\u0259hl\u00fck\u0259li oldu\u011funu g\u00f6st\u0259rdi.\u00a0 ARANTV.AZ APA-ya istinad\u0259n bildirir ki, bu bar\u0259d\u0259 Almaniya kansleri Angela Merkel Alman Federal \u018ftraf M\u00fchit Fondunun 30 illiyi m\u00fcnasib\u0259til\u0259 video m\u00fcraci\u0259tind\u0259 bildirib. Merkel qeyd edib ki, biom\u00fcxt\u0259lifliyin azalmas\u0131 v\u0259 insan\u0131n h\u0259ssas t\u0259bii m\u00fchit\u0259 n\u00fcfuz etm\u0259si patogenl\u0259rin yoluxma riskini art\u0131r\u0131r: &#8220;Koronavirus pandemiyas\u0131 insan\u0131n t\u0259bii m\u00fchitind\u0259n n\u0259&hellip;","_links":{"self":[{"href":"https:\/\/arantv.az\/index.php?rest_route=\/wp\/v2\/posts\/304681"}],"collection":[{"href":"https:\/\/arantv.az\/index.php?rest_route=\/wp\/v2\/posts"}],"about":[{"href":"https:\/\/arantv.az\/index.php?rest_route=\/wp\/v2\/types\/post"}],"author":[{"embeddable":true,"href":"https:\/\/arantv.az\/index.php?rest_route=\/wp\/v2\/users\/2"}],"replies":[{"embeddable":true,"href":"https:\/\/arantv.az\/index.php?rest_route=%2Fwp%2Fv2%2Fcomments&post=304681"}],"version-history":[{"count":0,"href":"https:\/\/arantv.az\/index.php?rest_route=\/wp\/v2\/posts\/304681\/revisions"}],"wp:featuredmedia":[{"embeddable":true,"href":"https:\/\/arantv.az\/index.php?rest_route=\/wp\/v2\/media\/304682"}],"wp:attachment":[{"href":"https:\/\/arantv.az\/index.php?rest_route=%2Fwp%2Fv2%2Fmedia&parent=304681"}],"wp:term":[{"taxonomy":"category","embeddable":true,"href":"https:\/\/arantv.az\/index.php?rest_route=%2Fwp%2Fv2%2Fcategories&post=304681"},{"taxonomy":"post_tag","embeddable":true,"href":"https:\/\/arantv.az\/index.php?rest_route=%2Fwp%2Fv2%2Ftags&post=304681"}],"curies":[{"name":"wp","href":"https:\/\/api.w.org\/{rel}","templated":true}]}}