{"id":304689,"date":"2021-03-02T09:18:56","date_gmt":"2021-03-02T06:18:56","guid":{"rendered":"http:\/\/arantv.az\/?p=304689"},"modified":"2021-03-02T09:18:56","modified_gmt":"2021-03-02T06:18:56","slug":"bakiya-g%c9%99lm%c9%99k-ucun-%c9%99yl%c9%99sdiyi-taksid%c9%99n-qizil-ogurlayan-tutuldu","status":"publish","type":"post","link":"https:\/\/arantv.az\/?p=304689","title":{"rendered":"Bak\u0131ya g\u0259lm\u0259k \u00fc\u00e7\u00fcn \u0259yl\u0259\u015fdiyi taksid\u0259n q\u0131z\u0131l o\u011furlayan tutuldu"},"content":{"rendered":"<p>\u015e\u0259mkird\u0259 avtomobild\u0259n q\u0131z\u0131l-zin\u0259t \u0259\u015fyalar\u0131 o\u011furlamaqda \u015f\u00fcbh\u0259li bilin\u0259n \u015f\u0259xs saxlan\u0131l\u0131b.<\/p>\n<p>Daxili \u0130\u015fl\u0259r Nazirliyinin M\u0259tbuat xidm\u0259tinin G\u0259nc\u0259 regional qrupundan veril\u0259n m\u0259lumata g\u00f6r\u0259, apar\u0131lan ara\u015fd\u0131rmalarla m\u00fc\u0259yy\u0259n edilib ki, \u015e\u0259mkir rayon sakini\u00a0\u0130ntiqam Yusifov \u015e\u0259mkir rayonundan Bak\u0131 \u015f\u0259h\u0259rin\u0259 getm\u0259k \u00fc\u00e7\u00fcn m\u00fc\u015ft\u0259ri qismind\u0259 \u0259yl\u0259\u015fdiyi taksinin K\u00fcrd\u0259mir rayonunda q\u0131sa fasil\u0259 zaman\u0131 s\u00fcr\u00fcc\u00fcs\u00fcn\u00fcn olmamas\u0131ndan istifad\u0259 ed\u0259r\u0259k, avtomobild\u0259 olan 57 qram \u00e7\u0259kid\u0259 m\u00fcxt\u0259lif n\u00f6v q\u0131z\u0131l-zin\u0259t \u0259\u015fyalar\u0131n\u0131 o\u011furlay\u0131b.<\/p>\n<div id=\"AdviadNativeVideo0\" class=\"AdviadNativeVideo\"><\/div>\n<p>\u015e\u00fcbh\u0259li \u015f\u0259xs saxlan\u0131laraq istintaqa t\u0259hvil verilib. Dindirilm\u0259 zaman\u0131 \u0130. Yusifov t\u00f6r\u0259tdiyi o\u011furluq hadis\u0259sini etiraf ed\u0259r\u0259k o\u011furlad\u0131\u011f\u0131 \u0259\u015fyalar\u0131 Bak\u0131 \u015f\u0259h\u0259rind\u0259 satd\u0131\u011f\u0131n\u0131 v\u0259 \u0259ld\u0259 etdiyi 3000 manatdan \u00e7ox pulu avtomobil icar\u0259y\u0259 g\u00f6t\u00fcr\u0259r\u0259k m\u00fcxt\u0259lif n\u00f6v \u0259yl\u0259nc\u0259l\u0259r\u0259 x\u0259rcl\u0259diyini bildirib.<\/p>\n<p>Faktla ba\u011fl\u0131 ara\u015fd\u0131rma apar\u0131l\u0131r.<\/p>\n","protected":false},"excerpt":{"rendered":"<p>\u015e\u0259mkird\u0259 avtomobild\u0259n q\u0131z\u0131l-zin\u0259t \u0259\u015fyalar\u0131 o\u011furlamaqda \u015f\u00fcbh\u0259li bilin\u0259n \u015f\u0259xs saxlan\u0131l\u0131b. Daxili \u0130\u015fl\u0259r Nazirliyinin M\u0259tbuat xidm\u0259tinin G\u0259nc\u0259 regional qrupundan veril\u0259n m\u0259lumata g\u00f6r\u0259, apar\u0131lan ara\u015fd\u0131rmalarla m\u00fc\u0259yy\u0259n edilib ki, \u015e\u0259mkir rayon sakini\u00a0\u0130ntiqam Yusifov \u015e\u0259mkir rayonundan Bak\u0131 \u015f\u0259h\u0259rin\u0259 getm\u0259k \u00fc\u00e7\u00fcn m\u00fc\u015ft\u0259ri qismind\u0259 \u0259yl\u0259\u015fdiyi taksinin K\u00fcrd\u0259mir rayonunda q\u0131sa fasil\u0259 zaman\u0131 s\u00fcr\u00fcc\u00fcs\u00fcn\u00fcn olmamas\u0131ndan istifad\u0259 ed\u0259r\u0259k, avtomobild\u0259 olan 57 qram \u00e7\u0259kid\u0259 m\u00fcxt\u0259lif n\u00f6v q\u0131z\u0131l-zin\u0259t \u0259\u015fyalar\u0131n\u0131 o\u011furlay\u0131b. \u015e\u00fcbh\u0259li \u015f\u0259xs saxlan\u0131laraq istintaqa t\u0259hvil verilib. Dindirilm\u0259 zaman\u0131 \u0130. Yusifov t\u00f6r\u0259tdiyi o\u011furluq hadis\u0259sini etiraf ed\u0259r\u0259k o\u011furlad\u0131\u011f\u0131 \u0259\u015fyalar\u0131 Bak\u0131 \u015f\u0259h\u0259rind\u0259 satd\u0131\u011f\u0131n\u0131 v\u0259 \u0259ld\u0259 etdiyi 3000 manatdan \u00e7ox pulu avtomobil icar\u0259y\u0259 g\u00f6t\u00fcr\u0259r\u0259k m\u00fcxt\u0259lif n\u00f6v&hellip;<\/p>\n","protected":false},"author":2,"featured_media":304690,"comment_status":"closed","ping_status":"closed","sticky":false,"template":"","format":"standard","meta":{"om_disable_all_campaigns":false,"_monsterinsights_skip_tracking":false,"_monsterinsights_sitenote_active":false,"_monsterinsights_sitenote_note":"","_monsterinsights_sitenote_category":0},"categories":[5],"tags":[],"aioseo_notices":[],"gutentor_comment":0,"rttpg_featured_image_url":{"full":["https:\/\/arantv.az\/wp-content\/uploads\/2021\/03\/2021-03-01_231800.jpg",620,393,false],"landscape":["https:\/\/arantv.az\/wp-content\/uploads\/2021\/03\/2021-03-01_231800.jpg",620,393,false],"portraits":["https:\/\/arantv.az\/wp-content\/uploads\/2021\/03\/2021-03-01_231800.jpg",620,393,false],"thumbnail":["https:\/\/arantv.az\/wp-content\/uploads\/2021\/03\/2021-03-01_231800-150x150.jpg",150,150,true],"medium":["https:\/\/arantv.az\/wp-content\/uploads\/2021\/03\/2021-03-01_231800-300x190.jpg",300,190,true],"large":["https:\/\/arantv.az\/wp-content\/uploads\/2021\/03\/2021-03-01_231800.jpg",620,393,false],"1536x1536":["https:\/\/arantv.az\/wp-content\/uploads\/2021\/03\/2021-03-01_231800.jpg",620,393,false],"2048x2048":["https:\/\/arantv.az\/wp-content\/uploads\/2021\/03\/2021-03-01_231800.jpg",620,393,false],"post-thumbnail":["https:\/\/arantv.az\/wp-content\/uploads\/2021\/03\/2021-03-01_231800-240x172.jpg",240,172,true],"advps-thumb-one":["https:\/\/arantv.az\/wp-content\/uploads\/2021\/03\/2021-03-01_231800.jpg",620,393,false]},"rttpg_author":{"display_name":"V\u00fcsal Rafiqo\u011flu","author_link":"https:\/\/arantv.az\/?author=2"},"rttpg_comment":0,"rttpg_category":"<a href=\"https:\/\/arantv.az\/?cat=5\" rel=\"category\">Hadis\u0259<\/a>","rttpg_excerpt":"\u015e\u0259mkird\u0259 avtomobild\u0259n q\u0131z\u0131l-zin\u0259t \u0259\u015fyalar\u0131 o\u011furlamaqda \u015f\u00fcbh\u0259li bilin\u0259n \u015f\u0259xs saxlan\u0131l\u0131b. Daxili \u0130\u015fl\u0259r Nazirliyinin M\u0259tbuat xidm\u0259tinin G\u0259nc\u0259 regional qrupundan veril\u0259n m\u0259lumata g\u00f6r\u0259, apar\u0131lan ara\u015fd\u0131rmalarla m\u00fc\u0259yy\u0259n edilib ki, \u015e\u0259mkir rayon sakini\u00a0\u0130ntiqam Yusifov \u015e\u0259mkir rayonundan Bak\u0131 \u015f\u0259h\u0259rin\u0259 getm\u0259k \u00fc\u00e7\u00fcn m\u00fc\u015ft\u0259ri qismind\u0259 \u0259yl\u0259\u015fdiyi taksinin K\u00fcrd\u0259mir rayonunda q\u0131sa fasil\u0259 zaman\u0131 s\u00fcr\u00fcc\u00fcs\u00fcn\u00fcn olmamas\u0131ndan istifad\u0259 ed\u0259r\u0259k, avtomobild\u0259 olan 57 qram \u00e7\u0259kid\u0259 m\u00fcxt\u0259lif n\u00f6v&hellip;","_links":{"self":[{"href":"https:\/\/arantv.az\/index.php?rest_route=\/wp\/v2\/posts\/304689"}],"collection":[{"href":"https:\/\/arantv.az\/index.php?rest_route=\/wp\/v2\/posts"}],"about":[{"href":"https:\/\/arantv.az\/index.php?rest_route=\/wp\/v2\/types\/post"}],"author":[{"embeddable":true,"href":"https:\/\/arantv.az\/index.php?rest_route=\/wp\/v2\/users\/2"}],"replies":[{"embeddable":true,"href":"https:\/\/arantv.az\/index.php?rest_route=%2Fwp%2Fv2%2Fcomments&post=304689"}],"version-history":[{"count":0,"href":"https:\/\/arantv.az\/index.php?rest_route=\/wp\/v2\/posts\/304689\/revisions"}],"wp:featuredmedia":[{"embeddable":true,"href":"https:\/\/arantv.az\/index.php?rest_route=\/wp\/v2\/media\/304690"}],"wp:attachment":[{"href":"https:\/\/arantv.az\/index.php?rest_route=%2Fwp%2Fv2%2Fmedia&parent=304689"}],"wp:term":[{"taxonomy":"category","embeddable":true,"href":"https:\/\/arantv.az\/index.php?rest_route=%2Fwp%2Fv2%2Fcategories&post=304689"},{"taxonomy":"post_tag","embeddable":true,"href":"https:\/\/arantv.az\/index.php?rest_route=%2Fwp%2Fv2%2Ftags&post=304689"}],"curies":[{"name":"wp","href":"https:\/\/api.w.org\/{rel}","templated":true}]}}