{"id":304693,"date":"2021-03-02T09:19:42","date_gmt":"2021-03-02T06:19:42","guid":{"rendered":"http:\/\/arantv.az\/?p=304693"},"modified":"2021-03-02T09:19:42","modified_gmt":"2021-03-02T06:19:42","slug":"s%c9%99fir-iran-qarabagin-tezlikl%c9%99-dirc%c9%99lisind%c9%99-maraqlidir-musahib%c9%99","status":"publish","type":"post","link":"https:\/\/arantv.az\/?p=304693","title":{"rendered":"S\u0259fir: \u0130ran Qaraba\u011f\u0131n tezlikl\u0259 dir\u00e7\u0259li\u015find\u0259 maraql\u0131d\u0131r &#8211; M\u00dcSAH\u0130B\u018f"},"content":{"rendered":"<p>\u0130ran\u0131n Az\u0259rbaycandak\u0131 s\u0259firi Seyid Abbas Mus\u0259vi\u00a0Trend-\u0259 m\u00fcsahib\u0259 verib.<\/p>\n<p>M\u00fcsahib\u0259ni t\u0259qdim edirik:<\/p>\n<p><strong>&#8211; Az\u0259rbaycan\u0131n i\u015f\u011faldan azad olunan \u0259razil\u0259rind\u0259 \u0130ran \u015firk\u0259tl\u0259rinin i\u015ftirak\u0131n\u0131 v\u0259 bu sah\u0259d\u0259 indiy\u0259d\u0259k at\u0131lan add\u0131mlar\u0131 nec\u0259 qiym\u0259tl\u0259ndirirsiniz?<\/strong><\/p>\n<div id=\"AdviadNativeVideo0\" class=\"AdviadNativeVideo\"><\/div>\n<p>&#8211; \u0130ran \u0130slam Respublikas\u0131 Az\u0259rbaycan\u0131n yax\u0131n qon\u015fusu olaraq bir s\u0131ra imkanlara sahibdir ki, bununla da Qaraba\u011f\u0131n b\u0259rpas\u0131nda Az\u0259rbaycan d\u00f6vl\u0259ti v\u0259 xalq\u0131na k\u00f6m\u0259klik\u00a0g\u00f6st\u0259r\u0259 bil\u0259r. \u0130ran xalq\u0131 v\u0259 d\u00f6vl\u0259ti Az\u0259rbaycan\u00a0\u0259razil\u0259rinin i\u015f\u011faldan azad edilm\u0259sin\u0259 v\u0259 b\u00f6lg\u0259d\u0259 yaranan yeni \u015f\u0259rait\u0259 q\u0259lb\u0259n sevinir. \u0130ran d\u00f6vl\u0259ti v\u0259 xalq\u0131 bu b\u00f6lg\u0259nin tez bir zamanda dir\u00e7\u0259lm\u0259sind\u0259 maraql\u0131d\u0131r. Az\u0259rbaycan\u0131n y\u00fcks\u0259k s\u0259viyy\u0259li r\u0259smil\u0259ri, x\u00fcsusil\u0259\u00a0Prezident \u0130lham \u018fliyev dost \u00f6lk\u0259l\u0259ri, o c\u00fcml\u0259d\u0259n \u0130ran\u0131 i\u015f\u011faldan azad edilmi\u015f \u0259razil\u0259rin b\u0259rpas\u0131nda i\u015ftiraka d\u0259v\u0259t edib. Bunu \u0259sas g\u00f6t\u00fcr\u0259r\u0259k \u0130ran d\u00f6vl\u0259ti Qaraba\u011f\u0131n b\u0259rpa olunmas\u0131na haz\u0131r oldu\u011funu elan edib. Haz\u0131rda \u0130ran t\u0259r\u0259fi Az\u0259rbaycan d\u00f6vl\u0259tinin azad olunan \u0259razil\u0259ri il\u0259\u00a0\u0259laq\u0259dar ba\u015f planlar\u0131n\u00a0elan olunmas\u0131n\u0131 g\u00f6zl\u0259yir.<\/p>\n<p>\u0130ran \u015firk\u0259tl\u0259rinin b\u0259rpa i\u015fl\u0259rind\u0259 i\u015ftirak\u0131n\u0131 bir ne\u00e7\u0259 c\u0259h\u0259td\u0259n m\u0259qs\u0259d\u0259uy\u011fun hesab etm\u0259k olar.<\/p>\n<p>Co\u011frafi bax\u0131mdan bu \u0259razil\u0259r \u0130ran\u0131n Az\u0259rbaycanla s\u0259rh\u0259dind\u0259 v\u0259 yax\u0131nl\u0131\u011f\u0131nda yerl\u0259\u015fir. \u0130ran\u0131n tikinti materiallar\u0131, xammal\u0131 dig\u0259r \u00f6lk\u0259l\u0259rl\u0259 m\u00fcqayis\u0259d\u0259 daha ucuzdur, i\u015f\u00e7i q\u00fcvv\u0259si daha ucuz ba\u015fa g\u0259lir. \u018fn \u0259sas\u0131 bu \u0259razil\u0259rin b\u0259rpas\u0131na \u0130randa maraq b\u00f6y\u00fckd\u00fcr.<\/p>\n<p>Eyni zamanda \u0259razil\u0259rin b\u0259rpas\u0131na ba\u015flamazdan \u00f6nc\u0259, bu \u0259razil\u0259rin minalardan, partlamayan silah-sursatlardan t\u0259mizl\u0259nm\u0259si \u0259h\u0259miyy\u0259tli m\u0259s\u0259l\u0259dir. \u0130ran\u0131n M\u00fcdafi\u0259 v\u0259 Silahl\u0131 Q\u00fcvv\u0259l\u0259r\u0259 D\u0259st\u0259k Nazirliyi v\u0259 onun tabeliyind\u0259 olan \u015firk\u0259tl\u0259r bu b\u00f6lg\u0259y\u0259 g\u0259lm\u0259y\u0259 haz\u0131r oldu\u011funu v\u0259 \u0259razil\u0259rin t\u0259mizl\u0259nm\u0259sind\u0259 i\u015ftirak etm\u0259y\u0259 haz\u0131r olduqlar\u0131n\u0131 bildiribl\u0259r. Bu \u015firk\u0259tl\u0259r humanistlik \u00e7\u0259r\u00e7iv\u0259sind\u0259 \u0259razil\u0259rin bir hiss\u0259sini he\u00e7 bir x\u0259rc olmadan, dig\u0259r hiss\u0259l\u0259ri is\u0259 m\u00fcqavil\u0259 \u00e7\u0259r\u00e7iv\u0259sind\u0259 minalardan t\u0259mizl\u0259m\u0259y\u0259 haz\u0131rd\u0131rlar.<\/p>\n<p><strong>&#8211; Az\u0259rbaycan v\u0259 \u0130ran\u0131n m\u00fcxt\u0259lif sferalarda, o c\u00fcml\u0259d\u0259n siyasi, iqtisadi, ticar\u0259t v\u0259 m\u0259d\u0259niyy\u0259t sah\u0259l\u0259rind\u0259ki \u0259laq\u0259l\u0259rinin bundan sonra hans\u0131 formada inki\u015faf etdirilm\u0259si n\u0259z\u0259rd\u0259 tutulub?<\/strong><\/p>\n<p>&#8211; Az\u0259rbaycan-\u0130ran m\u00fcnasib\u0259tl\u0259ri haz\u0131rda yeni m\u0259rh\u0259l\u0259y\u0259, \u00e7i\u00e7\u0259kl\u0259nm\u0259 m\u0259rh\u0259l\u0259sin\u0259 q\u0259d\u0259m qoyub. \u0130ki \u00f6lk\u0259 b\u00fct\u00fcn sah\u0259l\u0259rd\u0259, o c\u00fcml\u0259d\u0259n siyasi, iqtisadi, ticar\u0259t, m\u0259d\u0259niyy\u0259t v\u0259 h\u0259rbi sah\u0259l\u0259rd\u0259 \u0259m\u0259kda\u015fl\u0131qlar\u0131 art\u0131ra bil\u0259r. Haz\u0131rda prioritet azad olunan \u0259razil\u0259rin b\u0259rpas\u0131nda i\u015ftirak etm\u0259k v\u0259 iki \u00f6lk\u0259nin iqtisadi m\u00fcnasib\u0259tl\u0259rini art\u0131rmaqd\u0131r. Fikrimc\u0259, \u00f6lk\u0259l\u0259rimizin m\u00fcnasib\u0259tl\u0259ri yax\u0131n g\u0259l\u0259c\u0259kd\u0259 strateji \u015f\u0259rik m\u00fcnasib\u0259tl\u0259rin\u0259 \u00e7evril\u0259c\u0259k. Bel\u0259 ki, iki \u00f6lk\u0259 bir-birinin imkanlar\u0131ndan faydalana bil\u0259r. Bu istiqam\u0259td\u0259, x\u00fcsusil\u0259 tranzit, n\u0259qliyyat imkanlar\u0131ndan istifad\u0259 etm\u0259k olar. \u0130ki \u00f6lk\u0259nin m\u00fcnasib\u0259tl\u0259ri regional \u0259m\u0259kda\u015fl\u0131qlar \u00fc\u00e7\u00fcn \u00f6rn\u0259y\u0259 \u00e7evril\u0259 bil\u0259r. Dost v\u0259 qon\u015fu \u00f6lk\u0259l\u0259r aras\u0131nda b\u00fct\u00fcn istiqam\u0259tl\u0259rd\u0259 h\u0259mi\u015f\u0259 yax\u015f\u0131 m\u00fcnasib\u0259tl\u0259r olub. Son ill\u0259r \u0259rzind\u0259 Az\u0259rbaycan v\u0259 \u0130ran m\u00fcnasib\u0259tl\u0259ri y\u00fcks\u0259l\u0259n x\u0259tt \u00fczr\u0259 inki\u015faf edir. \u0130ran\u0131n \u0259traf\u0131nda 15 \u00f6lk\u0259 qon\u015fu \u00f6lk\u0259 hesab olunur. H\u0259r bir \u00f6lk\u0259nin \u00f6z\u00fcn\u0259m\u0259xsus yeri var. Lakin bu \u00f6lk\u0259l\u0259r aras\u0131nda Az\u0259rbaycan prioritet v\u0259 \u0259h\u0259miyy\u0259t k\u0259sb \u00f6lk\u0259l\u0259rd\u0259n biridir.<\/p>\n<p><strong>&#8211; \u0130ki \u00f6lk\u0259 aras\u0131nda preferensial ticar\u0259t, birg\u0259 k\u0259nd t\u0259s\u0259rr\u00fcfat\u0131, enerji v\u0259 su layih\u0259l\u0259rinin gedi\u015fat\u0131 hans\u0131 s\u0259viyy\u0259d\u0259dir?<\/strong><\/p>\n<p>&#8211; Son vaxtlar (18 yanvar) \u0130ran paytaxt\u0131 Tehranda Az\u0259rbaycan Respublikas\u0131 il\u0259 \u0130ran \u0130slam Respublikas\u0131 aras\u0131nda iqtisadi, ticar\u0259t v\u0259 humanitar sah\u0259l\u0259rd\u0259 \u0259m\u0259kda\u015fl\u0131q \u00fczr\u0259 D\u00f6vl\u0259t Komissiyas\u0131n\u0131n 14-c\u00fc iclas\u0131 ke\u00e7irilib. \u0130clasda bir s\u0131ra sah\u0259l\u0259r \u00fczr\u0259 \u0259m\u0259kda\u015fl\u0131qlar\u0131n inki\u015faf etdirilm\u0259si m\u0259qs\u0259dil\u0259 s\u0259n\u0259d imzalan\u0131b. \u0130ki \u00f6lk\u0259 aras\u0131nda birg\u0259 layih\u0259l\u0259rin icra olunmas\u0131 \u00fczr\u0259 raz\u0131la\u015fmalar \u0259ld\u0259 edilib. \u0130ran v\u0259 Az\u0259rbaycan aras\u0131nda bir ne\u00e7\u0259 h\u0259ll edilm\u0259mi\u015f m\u0259s\u0259l\u0259, o c\u00fcml\u0259d\u0259n Xudaf\u0259rin v\u0259 Q\u0131z qalas\u0131 hidroqov\u015faqlar\u0131 haqda raz\u0131la\u015fma \u0259ld\u0259 olundu. Bu hidroqov\u015faqlar\u0131n istifad\u0259y\u0259 verilm\u0259si\u00a0su ehtiyat\u0131, k\u0259nd t\u0259s\u0259rr\u00fcfat\u0131 v\u0259 elektrik \u00fczr\u0259 h\u0259r iki \u00f6lk\u0259nin xeyrin\u0259 olacaq. Bu hidroqov\u015faqlar azad olunan \u0259razil\u0259rin su\u00a0v\u0259 elektrik t\u0259minat\u0131nda \u0259h\u0259miyy\u0259tlidir. H\u0259min qur\u011fular\u0131n\u00a0qar\u015f\u0131dak\u0131 bir il \u0259rzind\u0259 istifad\u0259y\u0259 verilm\u0259si g\u00f6zl\u0259nilir.<\/p>\n<p>\u0130ki \u00f6lk\u0259 aras\u0131nda preferensial ticar\u0259t \u00fczr\u0259 son m\u00fczakir\u0259l\u0259r \u00f6t\u0259n h\u0259ft\u0259 apar\u0131l\u0131b. Bu ticar\u0259t \u00fczr\u0259 tezlikl\u0259 s\u0259n\u0259din imzalanaca\u011f\u0131 g\u00f6zl\u0259nilir.<\/p>\n<p>\u0130ran v\u0259 Az\u0259rbaycan aras\u0131nda Astara\u00e7ay \u00fcz\u0259rind\u0259 haz\u0131rda istifad\u0259d\u0259 olan k\u00f6rp\u00fc 2-ci d\u00fcnya m\u00fcharib\u0259si zaman\u0131 in\u015fa olunub. Bununla bel\u0259 bu k\u00f6rp\u00fc il\u0259 b\u00f6y\u00fck \u00f6l\u00e7\u00fcd\u0259 m\u0259hsullar da\u015f\u0131nmaqdad\u0131r. Son aylarda \u0130ran\u0131n m\u0259hsul ixrac\u0131 v\u0259 tranziti artd\u0131\u011f\u0131na g\u00f6r\u0259, bu k\u00f6rp\u00fcd\u0259n maksimum \u015f\u0259kild\u0259 istifad\u0259 olunur. Haz\u0131rda g\u00fcnd\u0259lik t\u0259xmin\u0259n 200-300 y\u00fck ma\u015f\u0131n\u0131 bu k\u00f6rp\u00fcd\u0259n ke\u00e7ir. \u0130ki \u00f6lk\u0259 aras\u0131nda \u00f6n\u0259mli proyektl\u0259rd\u0259n biri Astara\u00e7ay \u00fcz\u0259rind\u0259 yeni avtomobil k\u00f6rp\u00fcs\u00fcn\u00fcn in\u015fa edilm\u0259sidir. H\u0259m v\u0259t\u0259nda\u015flar, h\u0259m avtomobil, h\u0259m d\u0259 y\u00fck ma\u015f\u0131nlar\u0131 bu k\u00f6rp\u00fcd\u0259n istifad\u0259 ed\u0259 bil\u0259c\u0259k. M\u00fcqavil\u0259nin tez bir zamanda yekunla\u015fmas\u0131 il\u0259 Novruz bayram\u0131na q\u0259d\u0259r bu k\u00f6rp\u00fcn\u00fcn t\u0259m\u0259linin qoyulmas\u0131 v\u0259 in\u015fas\u0131na ba\u015flan\u0131lmas\u0131 n\u0259z\u0259rd\u0259 tutulur. K\u00f6rp\u00fc iki \u00f6lk\u0259 t\u0259r\u0259find\u0259n birg\u0259 \u015f\u0259kild\u0259 in\u015fa olunacaq v\u0259 ilkin hesablamalara \u0259sas\u0259n, t\u0259xmin\u0259n 4-5 milyon dollar d\u0259y\u0259rind\u0259 v\u0259sait x\u0259rcl\u0259n\u0259c\u0259k. Bu ki\u00e7ik k\u00f6rp\u00fc \u015eimal-C\u0259nub D\u0259hlizind\u0259 b\u00f6y\u00fck rola sahib olacaq. Az\u0259rbaycan beyn\u0259lxalq y\u00fckda\u015f\u0131malarda, x\u00fcsusil\u0259 d\u0259 \u015eimal-C\u0259nub d\u0259hlizind\u0259 strateji v\u0259 \u00f6n\u0259mli m\u0259rk\u0259zdir.<\/p>\n<p><strong>&#8211; Son vaxtlar \u0130ran\u0131n xarici i\u015fl\u0259r naziri \u00f6lk\u0259sinin\u00a0d\u0259miryolu x\u0259tl\u0259rinin Az\u0259rbaycanla\u00a0birl\u0259\u015fdirilm\u0259sinin \u00f6n\u0259mini vur\u011fulay\u0131b. Bununla \u0259laq\u0259dar hans\u0131 add\u0131mlar\u0131n at\u0131lmas\u0131 n\u0259z\u0259rd\u0259 tutulub?<\/strong><\/p>\n<p>&#8211; \u0130ran Az\u0259rbaycanla m\u00fcnasib\u0259tl\u0259ri \u015fax\u0259l\u0259ndirm\u0259kd\u0259\u00a0\u00e7ox maraql\u0131d\u0131r. Haz\u0131rda \u0130ran\u0131n Az\u0259rbaycanla avtomobil yolu, d\u0259miryolu v\u0259 d\u0259nizl\u0259 \u0259laq\u0259l\u0259ri\u00a0var. \u0130ki \u00f6lk\u0259nin ticar\u0259t d\u00f6vriyy\u0259sini art\u0131rmaq \u00fc\u00e7\u00fcn bu yollar\u0131 \u015fax\u0259l\u0259ndirm\u0259k z\u0259rur\u0259ti yaran\u0131r. Az\u0259rbaycan\u0131n d\u0259miryolu x\u0259tti\u00a0\u0130ran Astaras\u0131nda d\u0259miryol terminal\u0131na q\u0259d\u0259r \u00e7\u0259kilib v\u0259 istifad\u0259y\u0259 verilib. Bu d\u0259miryol terminal\u0131 in\u015fa edilm\u0259kl\u0259 yana\u015f\u0131 eyni zamanda f\u0259aliyy\u0259t g\u00f6st\u0259rir. Son vaxtlar d\u0259miryol terminal\u0131n\u0131n in\u015fas\u0131nda i\u015fl\u0259r s\u00fcr\u0259tl\u0259ndirilib. Haz\u0131rda \u0130ran \u00fc\u00e7\u00fcn \u0259h\u0259miyy\u0259tli olan m\u0259s\u0259l\u0259 R\u0259\u015ft-Astara d\u0259miryolunun in\u015fa edilm\u0259sidir. Bu d\u0259miryolunun istifad\u0259y\u0259 verilm\u0259si il\u0259 m\u0259hsullar Fars k\u00f6rf\u0259zind\u0259n Rusiya v\u0259 \u015e\u0259rqi Avropa \u00f6lk\u0259l\u0259rin\u0259d\u0259k v\u0259 \u0259ks istiqam\u0259td\u0259 da\u015f\u0131nacaq.<\/p>\n<p>\u0130ran \u00fc\u00e7\u00fcn \u0259h\u0259miyy\u0259tli olan dig\u0259r d\u0259miryolu layih\u0259si, Az\u0259rbaycan Prezidentinin alt\u0131t\u0259r\u0259fli \u0259m\u0259kda\u015fl\u0131\u011fa dair t\u0259klifi \u00e7\u0259r\u00e7iv\u0259sind\u0259 alt\u0131\u00a0\u00f6lk\u0259nin d\u0259miryolu x\u0259tl\u0259rinin birl\u0259\u015fm\u0259sidir. \u00d6lk\u0259miz\u00a0d\u0259rhal bu t\u0259klifi d\u0259st\u0259kl\u0259di. \u0130ran xarici i\u015fl\u0259r naziri M\u0259h\u0259mm\u0259d Cavad Z\u0259rifin region \u00f6lk\u0259l\u0259rin\u0259 s\u0259f\u0259ri \u00e7\u0259r\u00e7iv\u0259sind\u0259 d\u0259 bu m\u0259s\u0259l\u0259 diqq\u0259t m\u0259rk\u0259zind\u0259 saxlan\u0131ld\u0131. Bu d\u0259miryolu istifad\u0259y\u0259 verildiyi halda, region \u00f6lk\u0259l\u0259rinin iqtisadi inki\u015faf\u0131na m\u00fcsb\u0259t t\u0259sir g\u00f6st\u0259r\u0259c\u0259k. B\u00fct\u00fcn bunlar regionda stabilliy\u0259, dayan\u0131ql\u0131 t\u0259hl\u00fck\u0259sizliy\u0259 \u015f\u0259rait yaradacaq. \u0130ran bu q\u0259na\u0259td\u0259dir ki, Qaraba\u011f m\u00fcharib\u0259sind\u0259n sonra \u00f6lk\u0259l\u0259r\u00a0\u0259m\u0259kda\u015fl\u0131q istiqam\u0259tind\u0259 daha art\u0131q nailiyy\u0259tl\u0259r \u0259ld\u0259 ed\u0259\u00a0bil\u0259rl\u0259r. Bel\u0259likl\u0259 \u00f6lk\u0259l\u0259rin iqtisadiyyatlar\u0131 birl\u0259\u015f\u0259 v\u0259 \u00e7i\u00e7\u0259kl\u0259n\u0259 bil\u0259r. \u0130ran alt\u0131\u00a0\u00f6lk\u0259nin m\u00f6vqe\u00a0bir-birin\u0259 daha da yax\u0131nla\u015fmas\u0131n\u0131n t\u0259r\u0259fdar\u0131d\u0131r. Bununla \u0259laq\u0259dar \u0130ran Tehranda \u00f6lk\u0259l\u0259r aras\u0131nda ixtilaflar\u0131n h\u0259ll edilm\u0259si il\u0259 \u0259laq\u0259dar alt\u0131\u00a0\u00f6lk\u0259nin ist\u0259nil\u0259n s\u0259viyy\u0259d\u0259 r\u0259smil\u0259rinin i\u015ftirak\u0131 il\u0259 iclas t\u0259\u015fkil etm\u0259y\u0259 haz\u0131rd\u0131r. \u00c7\u00fcnki \u0130ran b\u00f6lg\u0259nin daha da g\u00fccl\u00fc olmas\u0131na inan\u0131r.<\/p>\n","protected":false},"excerpt":{"rendered":"<p>\u0130ran\u0131n Az\u0259rbaycandak\u0131 s\u0259firi Seyid Abbas Mus\u0259vi\u00a0Trend-\u0259 m\u00fcsahib\u0259 verib. M\u00fcsahib\u0259ni t\u0259qdim edirik: &#8211; Az\u0259rbaycan\u0131n i\u015f\u011faldan azad olunan \u0259razil\u0259rind\u0259 \u0130ran \u015firk\u0259tl\u0259rinin i\u015ftirak\u0131n\u0131 v\u0259 bu sah\u0259d\u0259 indiy\u0259d\u0259k at\u0131lan add\u0131mlar\u0131 nec\u0259 qiym\u0259tl\u0259ndirirsiniz? &#8211; \u0130ran \u0130slam Respublikas\u0131 Az\u0259rbaycan\u0131n yax\u0131n qon\u015fusu olaraq bir s\u0131ra imkanlara sahibdir ki, bununla da Qaraba\u011f\u0131n b\u0259rpas\u0131nda Az\u0259rbaycan d\u00f6vl\u0259ti v\u0259 xalq\u0131na k\u00f6m\u0259klik\u00a0g\u00f6st\u0259r\u0259 bil\u0259r. \u0130ran xalq\u0131 v\u0259 d\u00f6vl\u0259ti Az\u0259rbaycan\u00a0\u0259razil\u0259rinin i\u015f\u011faldan azad edilm\u0259sin\u0259 v\u0259 b\u00f6lg\u0259d\u0259 yaranan yeni \u015f\u0259rait\u0259 q\u0259lb\u0259n sevinir. \u0130ran d\u00f6vl\u0259ti v\u0259 xalq\u0131 bu b\u00f6lg\u0259nin tez bir zamanda dir\u00e7\u0259lm\u0259sind\u0259 maraql\u0131d\u0131r. Az\u0259rbaycan\u0131n y\u00fcks\u0259k s\u0259viyy\u0259li r\u0259smil\u0259ri, x\u00fcsusil\u0259\u00a0Prezident \u0130lham \u018fliyev dost \u00f6lk\u0259l\u0259ri, o c\u00fcml\u0259d\u0259n \u0130ran\u0131 i\u015f\u011faldan&hellip;<\/p>\n","protected":false},"author":2,"featured_media":304694,"comment_status":"closed","ping_status":"closed","sticky":false,"template":"","format":"standard","meta":{"om_disable_all_campaigns":false,"_monsterinsights_skip_tracking":false,"_monsterinsights_sitenote_active":false,"_monsterinsights_sitenote_note":"","_monsterinsights_sitenote_category":0},"categories":[4],"tags":[],"aioseo_notices":[],"gutentor_comment":0,"rttpg_featured_image_url":{"full":["https:\/\/arantv.az\/wp-content\/uploads\/2021\/03\/musevi.jpg",569,465,false],"landscape":["https:\/\/arantv.az\/wp-content\/uploads\/2021\/03\/musevi.jpg",569,465,false],"portraits":["https:\/\/arantv.az\/wp-content\/uploads\/2021\/03\/musevi.jpg",569,465,false],"thumbnail":["https:\/\/arantv.az\/wp-content\/uploads\/2021\/03\/musevi-150x150.jpg",150,150,true],"medium":["https:\/\/arantv.az\/wp-content\/uploads\/2021\/03\/musevi-300x245.jpg",300,245,true],"large":["https:\/\/arantv.az\/wp-content\/uploads\/2021\/03\/musevi.jpg",569,465,false],"1536x1536":["https:\/\/arantv.az\/wp-content\/uploads\/2021\/03\/musevi.jpg",569,465,false],"2048x2048":["https:\/\/arantv.az\/wp-content\/uploads\/2021\/03\/musevi.jpg",569,465,false],"post-thumbnail":["https:\/\/arantv.az\/wp-content\/uploads\/2021\/03\/musevi-240x172.jpg",240,172,true],"advps-thumb-one":["https:\/\/arantv.az\/wp-content\/uploads\/2021\/03\/musevi.jpg",569,465,false]},"rttpg_author":{"display_name":"V\u00fcsal Rafiqo\u011flu","author_link":"https:\/\/arantv.az\/?author=2"},"rttpg_comment":0,"rttpg_category":"<a href=\"https:\/\/arantv.az\/?cat=4\" rel=\"category\">Siyas\u0259t<\/a>","rttpg_excerpt":"\u0130ran\u0131n Az\u0259rbaycandak\u0131 s\u0259firi Seyid Abbas Mus\u0259vi\u00a0Trend-\u0259 m\u00fcsahib\u0259 verib. M\u00fcsahib\u0259ni t\u0259qdim edirik: &#8211; Az\u0259rbaycan\u0131n i\u015f\u011faldan azad olunan \u0259razil\u0259rind\u0259 \u0130ran \u015firk\u0259tl\u0259rinin i\u015ftirak\u0131n\u0131 v\u0259 bu sah\u0259d\u0259 indiy\u0259d\u0259k at\u0131lan add\u0131mlar\u0131 nec\u0259 qiym\u0259tl\u0259ndirirsiniz? &#8211; \u0130ran \u0130slam Respublikas\u0131 Az\u0259rbaycan\u0131n yax\u0131n qon\u015fusu olaraq bir s\u0131ra imkanlara sahibdir ki, bununla da Qaraba\u011f\u0131n b\u0259rpas\u0131nda Az\u0259rbaycan d\u00f6vl\u0259ti v\u0259 xalq\u0131na k\u00f6m\u0259klik\u00a0g\u00f6st\u0259r\u0259 bil\u0259r. \u0130ran xalq\u0131 v\u0259 d\u00f6vl\u0259ti&hellip;","_links":{"self":[{"href":"https:\/\/arantv.az\/index.php?rest_route=\/wp\/v2\/posts\/304693"}],"collection":[{"href":"https:\/\/arantv.az\/index.php?rest_route=\/wp\/v2\/posts"}],"about":[{"href":"https:\/\/arantv.az\/index.php?rest_route=\/wp\/v2\/types\/post"}],"author":[{"embeddable":true,"href":"https:\/\/arantv.az\/index.php?rest_route=\/wp\/v2\/users\/2"}],"replies":[{"embeddable":true,"href":"https:\/\/arantv.az\/index.php?rest_route=%2Fwp%2Fv2%2Fcomments&post=304693"}],"version-history":[{"count":0,"href":"https:\/\/arantv.az\/index.php?rest_route=\/wp\/v2\/posts\/304693\/revisions"}],"wp:featuredmedia":[{"embeddable":true,"href":"https:\/\/arantv.az\/index.php?rest_route=\/wp\/v2\/media\/304694"}],"wp:attachment":[{"href":"https:\/\/arantv.az\/index.php?rest_route=%2Fwp%2Fv2%2Fmedia&parent=304693"}],"wp:term":[{"taxonomy":"category","embeddable":true,"href":"https:\/\/arantv.az\/index.php?rest_route=%2Fwp%2Fv2%2Fcategories&post=304693"},{"taxonomy":"post_tag","embeddable":true,"href":"https:\/\/arantv.az\/index.php?rest_route=%2Fwp%2Fv2%2Ftags&post=304693"}],"curies":[{"name":"wp","href":"https:\/\/api.w.org\/{rel}","templated":true}]}}