{"id":30477,"date":"2019-01-03T11:24:57","date_gmt":"2019-01-03T08:24:57","guid":{"rendered":"http:\/\/arantv.az\/?p=30477"},"modified":"2019-01-03T11:24:57","modified_gmt":"2019-01-03T08:24:57","slug":"s%c9%99m%c9%99d-seyidov-as-pa-nin-qis-sessiyasindan-danisdi","status":"publish","type":"post","link":"https:\/\/arantv.az\/?p=30477","title":{"rendered":"S\u0259m\u0259d Seyidov A\u015e PA-n\u0131n q\u0131\u015f sessiyas\u0131ndan dan\u0131\u015fd\u0131"},"content":{"rendered":"<p><strong>Avropa \u015euras\u0131 Parlament Assambleyas\u0131n\u0131n (A\u015e PA) n\u00f6vb\u0259ti q\u0131\u015f sessiyas\u0131n\u0131n vaxt\u0131 v\u0259 g\u00fcnd\u0259liyi m\u0259lum olub.<\/strong><\/p>\n<p>A\u015e PA-n\u0131n q\u0131\u015f sessiyas\u0131 yanvar\u0131n 23-d\u0259n 27-d\u0259k Fransan\u0131n Strasburq \u015f\u0259h\u0259rind\u0259 ke\u00e7iril\u0259c\u0259k.<\/p>\n<p><strong>ARANTV.AZ\u00a0<\/strong> x\u0259b\u0259r verir ki, Az\u0259rbaycan\u0131n A\u015e PA-dak\u0131 n\u00fcmay\u0259nd\u0259 hey\u0259tinin r\u0259hb\u0259ri, Milli M\u0259clisin Beyn\u0259lxalq m\u00fcnasib\u0259tl\u0259r v\u0259 parlamentl\u0259raras\u0131 \u0259laq\u0259l\u0259r komit\u0259sinin s\u0259dri S\u0259m\u0259d Seyidov\u00a0<a href=\"http:\/\/trend.az\/\" target=\"_blank\" rel=\"noopener\">Trend<\/a>-\u0259 bildirib ki, Az\u0259rbaycan n\u00fcmay\u0259nd\u0259 hey\u0259ti Avropa \u015euras\u0131 Parlament Assambleyas\u0131n\u0131n sessiyas\u0131nda v\u0259 iclaslarda f\u0259al i\u015ftirak ed\u0259c\u0259k:<\/p>\n<p>&#8220;H\u0259mi\u015f\u0259 oldu\u011fu kimi sessiya v\u0259 iclaslarda aktiv i\u015ftirak ed\u0259c\u0259yik, Az\u0259rbaycanla ba\u011fl\u0131 m\u0259s\u0259l\u0259l\u0259ri diqq\u0259td\u0259 saxlayaca\u011f\u0131q&#8221;.<\/p>\n<p>Qeyd ed\u0259k ki, sessiya zaman\u0131 A\u015e PA-n\u0131n prezidenti v\u0259 vitse-prezidenti, Avropa \u0130nsan Haqlar\u0131 M\u0259hk\u0259m\u0259sinin hakiml\u0259ri v\u0259zif\u0259l\u0259rin\u0259 se\u00e7kil\u0259r ke\u00e7iril\u0259c\u0259k, Bolqar\u0131standa prezident v\u0259 Makedoniyada parlament se\u00e7kil\u0259rinin monitorinqinin n\u0259tic\u0259l\u0259rin\u0259 dair hesabatlar m\u00fczakir\u0259 edil\u0259c\u0259k.<\/p>\n<p>Sessiyada, h\u0259m\u00e7inin Avropada jurnalistl\u0259r\u0259 h\u00fccum v\u0259 media azadl\u0131\u011f\u0131, Q\u0259zzada humanitar b\u00f6hran, Ukraynada demokratik t\u0259sisatlar\u0131n f\u0259aliyy\u0259ti v\u0259 s. m\u0259s\u0259l\u0259l\u0259r m\u00fczakir\u0259 olunacaq.<\/p>\n","protected":false},"excerpt":{"rendered":"<p>Avropa \u015euras\u0131 Parlament Assambleyas\u0131n\u0131n (A\u015e PA) n\u00f6vb\u0259ti q\u0131\u015f sessiyas\u0131n\u0131n vaxt\u0131 v\u0259 g\u00fcnd\u0259liyi m\u0259lum olub. A\u015e PA-n\u0131n q\u0131\u015f sessiyas\u0131 yanvar\u0131n 23-d\u0259n 27-d\u0259k Fransan\u0131n Strasburq \u015f\u0259h\u0259rind\u0259 ke\u00e7iril\u0259c\u0259k. ARANTV.AZ\u00a0 x\u0259b\u0259r verir ki, Az\u0259rbaycan\u0131n A\u015e PA-dak\u0131 n\u00fcmay\u0259nd\u0259 hey\u0259tinin r\u0259hb\u0259ri, Milli M\u0259clisin Beyn\u0259lxalq m\u00fcnasib\u0259tl\u0259r v\u0259 parlamentl\u0259raras\u0131 \u0259laq\u0259l\u0259r komit\u0259sinin s\u0259dri S\u0259m\u0259d Seyidov\u00a0Trend-\u0259 bildirib ki, Az\u0259rbaycan n\u00fcmay\u0259nd\u0259 hey\u0259ti Avropa \u015euras\u0131 Parlament Assambleyas\u0131n\u0131n sessiyas\u0131nda v\u0259 iclaslarda f\u0259al i\u015ftirak ed\u0259c\u0259k: &#8220;H\u0259mi\u015f\u0259 oldu\u011fu kimi sessiya v\u0259 iclaslarda aktiv i\u015ftirak ed\u0259c\u0259yik, Az\u0259rbaycanla ba\u011fl\u0131 m\u0259s\u0259l\u0259l\u0259ri diqq\u0259td\u0259 saxlayaca\u011f\u0131q&#8221;. Qeyd ed\u0259k ki, sessiya zaman\u0131 A\u015e PA-n\u0131n prezidenti v\u0259 vitse-prezidenti, Avropa \u0130nsan Haqlar\u0131 M\u0259hk\u0259m\u0259sinin hakiml\u0259ri&hellip;<\/p>\n","protected":false},"author":2,"featured_media":30478,"comment_status":"closed","ping_status":"closed","sticky":false,"template":"","format":"standard","meta":{"om_disable_all_campaigns":false,"_monsterinsights_skip_tracking":false,"_monsterinsights_sitenote_active":false,"_monsterinsights_sitenote_note":"","_monsterinsights_sitenote_category":0},"categories":[4],"tags":[],"aioseo_notices":[],"gutentor_comment":0,"rttpg_featured_image_url":{"full":["https:\/\/arantv.az\/wp-content\/uploads\/2019\/01\/semed_seyidov_041.jpg",800,600,false],"landscape":["https:\/\/arantv.az\/wp-content\/uploads\/2019\/01\/semed_seyidov_041.jpg",800,600,false],"portraits":["https:\/\/arantv.az\/wp-content\/uploads\/2019\/01\/semed_seyidov_041.jpg",800,600,false],"thumbnail":["https:\/\/arantv.az\/wp-content\/uploads\/2019\/01\/semed_seyidov_041-150x150.jpg",150,150,true],"medium":["https:\/\/arantv.az\/wp-content\/uploads\/2019\/01\/semed_seyidov_041-300x225.jpg",300,225,true],"large":["https:\/\/arantv.az\/wp-content\/uploads\/2019\/01\/semed_seyidov_041.jpg",640,480,false],"1536x1536":["https:\/\/arantv.az\/wp-content\/uploads\/2019\/01\/semed_seyidov_041.jpg",800,600,false],"2048x2048":["https:\/\/arantv.az\/wp-content\/uploads\/2019\/01\/semed_seyidov_041.jpg",800,600,false],"post-thumbnail":["https:\/\/arantv.az\/wp-content\/uploads\/2019\/01\/semed_seyidov_041-240x172.jpg",240,172,true],"advps-thumb-one":["https:\/\/arantv.az\/wp-content\/uploads\/2019\/01\/semed_seyidov_041.jpg",800,600,false]},"rttpg_author":{"display_name":"V\u00fcsal Rafiqo\u011flu","author_link":"https:\/\/arantv.az\/?author=2"},"rttpg_comment":0,"rttpg_category":"<a href=\"https:\/\/arantv.az\/?cat=4\" rel=\"category\">Siyas\u0259t<\/a>","rttpg_excerpt":"Avropa \u015euras\u0131 Parlament Assambleyas\u0131n\u0131n (A\u015e PA) n\u00f6vb\u0259ti q\u0131\u015f sessiyas\u0131n\u0131n vaxt\u0131 v\u0259 g\u00fcnd\u0259liyi m\u0259lum olub. A\u015e PA-n\u0131n q\u0131\u015f sessiyas\u0131 yanvar\u0131n 23-d\u0259n 27-d\u0259k Fransan\u0131n Strasburq \u015f\u0259h\u0259rind\u0259 ke\u00e7iril\u0259c\u0259k. ARANTV.AZ\u00a0 x\u0259b\u0259r verir ki, Az\u0259rbaycan\u0131n A\u015e PA-dak\u0131 n\u00fcmay\u0259nd\u0259 hey\u0259tinin r\u0259hb\u0259ri, Milli M\u0259clisin Beyn\u0259lxalq m\u00fcnasib\u0259tl\u0259r v\u0259 parlamentl\u0259raras\u0131 \u0259laq\u0259l\u0259r komit\u0259sinin s\u0259dri S\u0259m\u0259d Seyidov\u00a0Trend-\u0259 bildirib ki, Az\u0259rbaycan n\u00fcmay\u0259nd\u0259 hey\u0259ti Avropa \u015euras\u0131 Parlament Assambleyas\u0131n\u0131n&hellip;","_links":{"self":[{"href":"https:\/\/arantv.az\/index.php?rest_route=\/wp\/v2\/posts\/30477"}],"collection":[{"href":"https:\/\/arantv.az\/index.php?rest_route=\/wp\/v2\/posts"}],"about":[{"href":"https:\/\/arantv.az\/index.php?rest_route=\/wp\/v2\/types\/post"}],"author":[{"embeddable":true,"href":"https:\/\/arantv.az\/index.php?rest_route=\/wp\/v2\/users\/2"}],"replies":[{"embeddable":true,"href":"https:\/\/arantv.az\/index.php?rest_route=%2Fwp%2Fv2%2Fcomments&post=30477"}],"version-history":[{"count":0,"href":"https:\/\/arantv.az\/index.php?rest_route=\/wp\/v2\/posts\/30477\/revisions"}],"wp:featuredmedia":[{"embeddable":true,"href":"https:\/\/arantv.az\/index.php?rest_route=\/wp\/v2\/media\/30478"}],"wp:attachment":[{"href":"https:\/\/arantv.az\/index.php?rest_route=%2Fwp%2Fv2%2Fmedia&parent=30477"}],"wp:term":[{"taxonomy":"category","embeddable":true,"href":"https:\/\/arantv.az\/index.php?rest_route=%2Fwp%2Fv2%2Fcategories&post=30477"},{"taxonomy":"post_tag","embeddable":true,"href":"https:\/\/arantv.az\/index.php?rest_route=%2Fwp%2Fv2%2Ftags&post=30477"}],"curies":[{"name":"wp","href":"https:\/\/api.w.org\/{rel}","templated":true}]}}